{"id":434806,"date":"2025-10-02T23:22:15","date_gmt":"2025-10-02T23:22:15","guid":{"rendered":"https:\/\/www.europesays.com\/fr\/434806\/"},"modified":"2025-10-02T23:22:15","modified_gmt":"2025-10-02T23:22:15","slug":"guerre-en-ukraine-poutine-accuse-kiev-de-mener-des-frappes-autour-de-la-centrale-de-zaporijia-et-menace-de-riposter","status":"publish","type":"post","link":"https:\/\/www.europesays.com\/fr\/434806\/","title":{"rendered":"Guerre en Ukraine : Poutine accuse Kiev de mener des frappes autour de la centrale de Zaporijia et menace de riposter"},"content":{"rendered":"<p>MISSILES TOMAHAWK21:07<br class=\"jsx-494582681\"\/> 2 octobre 2025<\/p>\n<p>Vladimir Poutine a estim\u00e9 jeudi que l&rsquo;envoi \u00e0 Kiev de missiles longue port\u00e9e am\u00e9ricains Tomahawk serait \u00ab\u00a0une nouvelle escalade\u00a0\u00bb entre Moscou et Washington, des responsables am\u00e9ricains ayant envisag\u00e9 la vente de ces armements aux Europ\u00e9ens pour les livrer \u00e0 l&rsquo;Ukraine.<\/p>\n<p>\u00ab\u00a0Employer des Tomahawk est impossible sans la participation directe de militaires am\u00e9ricains. Cela signifierait un nouvelle escalade (&#8230;), notamment dans les relations entre la Russie et les Etats-Unis\u00a0\u00bb, a averti le pr\u00e9sident russe, lors d&rsquo;un forum de discussions \u00e0 Sotchi, dans le sud-ouest de la Russie.<\/p>\n<p>NAVIRE FANT\u00d4ME RUSSE19:45<br class=\"jsx-494582681\"\/> 2 octobre 2025<\/p>\n<p>Vladimir Poutine qualifie de \u00ab\u00a0piraterie\u00a0\u00bb l&rsquo;interception au large des c\u00f4tes fran\u00e7aises d&rsquo;un p\u00e9trolier suspect\u00e9 de faire partie de la flotte fant\u00f4me russe, disant ne \u00ab\u00a0pas savoir\u00a0\u00bb si ce navire \u00e9tait li\u00e9 \u00e0 la Russie.<\/p>\n<p>\u00ab\u00a0C&rsquo;est de la piraterie. Car (&#8230;) le p\u00e9trolier a \u00e9t\u00e9 arraisonn\u00e9 dans les eaux neutres, sans aucun fondement. Visiblement, ils cherchaient quelque chose, des marchandises militaires, des drones, ou des choses comme \u00e7a. Mais il n&rsquo;y a rien de \u00e7a l\u00e0-bas\u00a0\u00bb, a-t-il d\u00e9clar\u00e9 depuis Sotchi.<\/p>\n<p>ZAPORIJIA19:42<br class=\"jsx-494582681\"\/> 2 octobre 2025<\/p>\n<p>Vladimir Poutine accuse Kiev de mener des frappes autour de la centrale nucl\u00e9aire de Zaporijia en Ukraine, sous contr\u00f4le russe et priv\u00e9e d&rsquo;alimentation \u00e9lectrique externe depuis plus d&rsquo;une semaine, mena\u00e7ant de s&rsquo;en prendre en riposte aux infrastructures \u00e9nerg\u00e9tiques ukrainiennes.<\/p>\n<p>\u00ab\u00a0Ils (les autorit\u00e9s ukrainiennes) ont encore des centrales \u00e9lectriques qui fonctionnent, des centrales nucl\u00e9aires de leur c\u00f4t\u00e9. Qu&rsquo;est-ce qui nous emp\u00eacherait de riposter ? Qu&rsquo;ils y r\u00e9fl\u00e9chissent\u00a0\u00bb, a-t-il affirm\u00e9 lors d&rsquo;un forum de discussions \u00e0 Sotchi, dans le sud-ouest de la Russie.<\/p>\n<p>DECRYPTAGE19:13<br class=\"jsx-494582681\"\/> 2 octobre 2025<\/p>\n<p>Un p\u00e9trolier de la flotte fant\u00f4me russe, le Pushpa, a \u00e9t\u00e9 arraisonn\u00e9 samedi dernier au large de la Bretagne par des militaires fran\u00e7ais. Quelles sont les pr\u00e9rogatives de la France vis-\u00e0-vis des navires passant \u00e0 proximit\u00e9 de ses c\u00f4tes ? La r\u00e9ponse d&rsquo;un expert en droit maritime.<\/p>\n<p>International<img decoding=\"async\" src=\"https:\/\/www.europesays.com\/fr\/wp-content\/uploads\/2025\/10\/capjta-navires-fantomes-9e5efe-0@1x.jpeg\" alt=\"P\u00e9trolier fant\u00f4me russe : la France a-t-elle le droit d'arraisonner un navire hors de ses eaux territoriales ?\" loading=\"lazy\" importance=\"low\" fetchpriority=\"low\" class=\"\" aria-hidden=\"true\"\/>POUTINE ACCUSE L&rsquo;EUROPE18:41<br class=\"jsx-494582681\"\/> 2 octobre 2025<\/p>\n<p>Le dirigeant russe a accus\u00e9 l&rsquo;Europe d&#8217;emp\u00eacher un r\u00e8glement de la guerre en Ukraine et de mener \u00ab\u00a0une escalade permanente\u00a0\u00bb du conflit.<\/p>\n<p>Lors d&rsquo;un discours d&rsquo;introduction lors d&rsquo;un forum de discussions depuis Sotchi, dans le sud-ouest de la Russie, il est aussi revenu sur les origines du conflit, accusant \u00ab\u00a0ceux qui se sont consid\u00e9r\u00e9s comme vainqueurs\u00a0\u00bb \u00e0 la fin de la Guerre froide d&rsquo;avoir voulu imposer \u00ab\u00a0\u00e0 tous des conceptions unilat\u00e9rales et subjectives de la s\u00e9curit\u00e9\u00a0\u00bb.<\/p>\n<p>\u00ab\u00a0C&rsquo;est devenu la v\u00e9ritable cause originelle non seulement du conflit ukrainien, mais aussi de nombreux autres conflits graves\u00a0\u00bb du d\u00e9but du XXIe si\u00e8cle, a-t-il soutenu, en d\u00e9fendant un \u00ab\u00a0monde multipolaire\u00a0\u00bb face \u00e0 l&rsquo;Occident.<\/p>\n<p>POUTINE PROMET UNE \u00ab\u00a0REPONSE AUX MENACES\u00a0\u00bb18:09<br class=\"jsx-494582681\"\/> 2 octobre 2025<\/p>\n<p>Le pr\u00e9sident russe Vladimir Poutine a dit jeudi que la Russie suivait attentivement \u00ab\u00a0la militarisation croissante de l&rsquo;Europe\u00a0\u00bb, promettant une \u00ab\u00a0r\u00e9ponse aux menaces\u00a0\u00bb, au moment o\u00f9 les pays europ\u00e9ens multiplient les investissements militaires depuis l&rsquo;attaque du Kremlin contre l&rsquo;Ukraine en 2022.<\/p>\n<p>\u00ab\u00a0La r\u00e9ponse aux menaces sera, pour le moins, tr\u00e8s convaincante. Je dis bien la r\u00e9ponse. Nous n&rsquo;avons nous-m\u00eame jamais initi\u00e9 une confrontation militaire\u00a0\u00bb, a d\u00e9clar\u00e9 M. Poutine lors d&rsquo;un forum depuis Sotchi, dans le sud-ouest de la Russie.<\/p>\n<p>EMMANUEL MACRON SUR LE PETROLIER RUSSE17:01<br class=\"jsx-494582681\"\/> 2 octobre 2025<\/p>\n<p>Interrog\u00e9 sur les raisons qui ont pouss\u00e9 la France a arraisonn\u00e9 le p\u00e9trolier russe, Emmanuel Macron estime qu'\u00a0\u00bbil y avait des soup\u00e7ons, il y a donc eu une action de notre marine.\u00a0\u00bb Et d&rsquo;ajouter : \u00ab\u00a0Celle-ci a fait face \u00e0 des comportements inappropri\u00e9s et extremement agressifs \u00e0 l&rsquo;\u00e9gard de notre fr\u00e9gate et des h\u00e9licopt\u00e8res d\u00e9ploy\u00e9s. Cela a justifi\u00e9 l&rsquo;ouverture d&rsquo;une enqu\u00eate.\u00a0\u00bb<\/p>\n<p>\u00ab\u00a0LA RUSSIE NOUS BOUSCULE\u00a0\u00bb16:46<br class=\"jsx-494582681\"\/> 2 octobre 2025<\/p>\n<p>Emmanuel Macron sur la Russie : \u00a0Moscou \u00ab\u00a0utilise toute la palette de jeu de l&rsquo;hybridit\u00e9 pour venir nous bousculer. Des drones, des avions, des attaques cyber, des attaques informationnelles, ce que nous avons v\u00e9cu devant des mosqu\u00e9es fran\u00e7aises&#8230; Tout cela, c&rsquo;est la Russie qui est derri\u00e8re. Tout cela se passe en ce moment chez les Europ\u00e9ens. Nous avons act\u00e9 le fait d&rsquo;augmenter notre seuil de r\u00e9action.\u00a0\u00bb<\/p>\n<p>EMMANUEL MACRON16:44<br class=\"jsx-494582681\"\/> 2 octobre 2025<\/p>\n<p>\u00ab\u00a0Nous sommes dans des soci\u00e9t\u00e9s o\u00f9 le menace est de plus en plus hybride\u00a0\u00bb, affirme Emmanuel Macron depuis Copenhague \u00e0 l&rsquo;issue d&rsquo;un sommet europ\u00e9en. \u00ab\u00a0Nous avons d\u00e9fini des m\u00e9thodes communes pour lutter contre les ing\u00e9rences \u00e9trang\u00e8res\u00a0\u00bb, ajoute le chef de l&rsquo;Etat.<\/p>\n<p>\u00ab\u00a0Il y a environ 800 \u00e0 1000 bateaux qui op\u00e8rent au sein de la flotte fantome russe\u00a0\u00bb, pr\u00e9cise Emmanuel Macron, selon lequel \u00ab\u00a0ils contribuent \u00e0 l&rsquo;effort de guerre russe\u00a0\u00bb. \u00ab\u00a0Nous avons pris des mesures, nous les avons \u00e9largi au del\u00e0 de l&rsquo;Europe. Nous avons d\u00e9cid\u00e9 de passer un pas en allant vers des politiques d&rsquo;entrave quand, dans nos eaux, ces bateaux participent \u00e0 ce traffic. Nos chefs d&rsquo;Etat-major, en coop\u00e9ration avec l&rsquo;Otan, se r\u00e9uniront pour batir des actions communes ces prochaines semaines.\u00a0\u00bb<\/p>\n<p>VOLODYMYR ZELENSKY CONFIRME L&rsquo;\u00c9CHANGE15:07<br class=\"jsx-494582681\"\/> 2 octobre 2025<\/p>\n<p>La Russie et l&rsquo;Ukraine ont \u00e9chang\u00e9 185 prisonniers de guerre de chaque camp, a annonc\u00e9 aujourd&rsquo;hui Moscou. Sur le r\u00e9seau social X, Volodymyr Zelensky confirme cet \u00e9change et donne des pr\u00e9cisions. \u00ab\u00a0Ce sont des combattants des forces arm\u00e9es, de la Garde nationale et du Service national des gardes-fronti\u00e8res\u00a0\u00bb, dit-il. \u00ab\u00a0Nos combattants \u00e9taient \u00e0 Marioupol et \u00e0 Azovstal, ainsi qu&rsquo;\u00e0 la centrale nucl\u00e9aire de Tchernobyl. La plupart sont en captivit\u00e9 depuis 2022\u00a0\u00bb, indique le pr\u00e9sident ukrainien. De m\u00eame, \u00ab\u00a0des civils rentrent \u00e9galement chez eux\u00a0\u00bb, \u00e0 savoir 20 Ukrainiens, pr\u00e9cise-t-il.\u00a0<\/p>\n<p>\u00ab\u00a0Depuis le d\u00e9but de l&rsquo;invasion \u00e0 grande \u00e9chelle, nous avons d\u00e9j\u00e0 rapatri\u00e9 plus de 7.000 de nos concitoyens. Nous devons les rapatrier tous, et nous y travaillons chaque jour\u00a0\u00bb, ajoute Volodymyr Zelensky.<\/p>\n<blockquote data-testid=\"EmbedTwitter\" id=\"tweet-1973733186912866382-:R76a9lkmcmj9n79m:\" class=\"jsx-aeff1a1c40f54d7a twitter-tweet flex justify-center items-center\"><p>We are bringing home 185 of our defenders from Russian captivity. One hundred eighty-three are enlisted personnel and sergeants, and two are officers. They are warriors of the Armed Forces, the National Guard, and the State Border Guard Service. Alongside our defenders, civilians\u2026  pic.twitter.com\/LsRN3O4T0q \u2014 Volodymyr Zelenskyy \/ \u0412\u043e\u043b\u043e\u0434\u0438\u043c\u0438\u0440 \u0417\u0435\u043b\u0435\u043d\u0441\u044c\u043a\u0438\u0439 (@ZelenskyyUa)  October 2, 2025<\/p><\/blockquote>\n<p>\u00c9CHANGE DE PRISONNIERS14:16<br class=\"jsx-494582681\"\/> 2 octobre 2025<\/p>\n<p>La Russie et l&rsquo;Ukraine ont \u00e9chang\u00e9 185 prisonniers de guerre de chaque camp, a annonc\u00e9 jeudi Moscou, ce type d&rsquo;op\u00e9ration \u00e9tant l&rsquo;un des seuls domaines o\u00f9 les deux pays continuent de coop\u00e9rer apr\u00e8s plus de trois ans et demi de conflit.<\/p>\n<p>\u00ab\u00a0185 militaires russes ont \u00e9t\u00e9 rapatri\u00e9s depuis le territoire contr\u00f4l\u00e9 par le r\u00e9gime de Kiev. En \u00e9change, 185 prisonniers de guerre des forces arm\u00e9es ukrainiennes ont \u00e9t\u00e9 remis\u00a0\u00bb, a indiqu\u00e9 le minist\u00e8re russe de la D\u00e9fense sur Telegram, pr\u00e9cisant que vingt civils ont \u00e9galement \u00e9t\u00e9 remis \u00e0 Moscou.<\/p>\n<p>ZELENSKY13:42<br class=\"jsx-494582681\"\/> 2 octobre 2025<\/p>\n<p>Les r\u00e9centes incursions de drones en Europe montrent que la Russie cherche \u00ab\u00a0l&rsquo;escalade\u00a0\u00bb, a averti le pr\u00e9sident ukrainien Volodymyr Zelensky, en appelant les Europ\u00e9ens \u00e0 se mobiliser aux c\u00f4t\u00e9s de l&rsquo;Ukraine, lors d&rsquo;un sommet \u00e0 Copenhague jeudi.<\/p>\n<p>La strat\u00e9gie de Moscou est \u00ab\u00a0simple: diviser l&rsquo;Europe\u00a0\u00bb, a-t-il soulign\u00e9 lors de ce sommet de la Communaut\u00e9 politique europ\u00e9enne (CPE), qui rassemble la quasi totalit\u00e9 des pays europ\u00e9ens, \u00e0 l&rsquo;exception de la Russie et du B\u00e9larus.<\/p>\n<p>\u00ab\u00a0Nous devons faire exactement le contraire\u00a0\u00bb, a-t-il insist\u00e9. Volodymyr Zelensky a rappel\u00e9 la pr\u00e9sence de militaires ukrainiens envoy\u00e9s \u00e0 Copenhague pour aider le Danemark, apr\u00e8s le survol de myst\u00e9rieux drones dans son espace a\u00e9rien.<\/p>\n<p>AVOIRS GEL\u00c9S RUSSES12:05<br class=\"jsx-494582681\"\/> 2 octobre 2025<\/p>\n<p>La Belgique, o\u00f9 se trouve une grande partie des avoirs gel\u00e9s russes en Europe, a pos\u00e9 jeudi ses conditions avant qu&rsquo;ils ne soient utilis\u00e9s en faveur de l&rsquo;Ukraine comme la Commission europ\u00e9enne l&rsquo;a propos\u00e9. Quelque 210 milliards d&rsquo;euros d&rsquo;avoirs de la banque centrale russe, d\u00e9tenus par la firme financi\u00e8re Euroclear, qui a son si\u00e8ge \u00e0 Bruxelles, sont immobilis\u00e9s \u00e0 la suite de sanctions prises apr\u00e8s l&rsquo;invasion de l&rsquo;Ukraine en f\u00e9vrier 2022.<\/p>\n<p>\u00ab\u00a0C&rsquo;est un peu comme une poule aux oeufs d&rsquo;or\u00a0\u00bb, a expliqu\u00e9 jeudi devant la presse le Premier ministre belge Bart de Wever au b\u00e9n\u00e9fice de l&rsquo;Ukraine. Et, \u00ab\u00a0la question est de savoir si on peut maintenant manger la poule\u00a0\u00bb, s&rsquo;est-il interrog\u00e9 en marge d&rsquo;un sommet rassemblant des dizaines de dirigeants europ\u00e9ens \u00e0 Copenhague.<\/p>\n<p>RETOUR \u00c0 LA NORMALE \u00c0 LA CENTRALE NUCL\u00c9AIRE DE TCHERNOBYL12:05<br class=\"jsx-494582681\"\/> 2 octobre 2025<\/p>\n<p>La situation est revenue \u00e0 la normale \u00e0 l&rsquo;ancienne centrale nucl\u00e9aire accident\u00e9e de Tchernobyl, en Ukraine, apr\u00e8s une coupure d&rsquo;\u00e9lectricit\u00e9 caus\u00e9e la veille par un bombardement russe \u00e0 proximit\u00e9, ont indiqu\u00e9 vendredi \u00e0 l&rsquo;AFP les autorit\u00e9s.<\/p>\n<p>Une frappe de drones russes jeudi sur une installation \u00e9lectrique avait provoqu\u00e9, selon Kiev, une coupure de courant de plus de trois heures qui a notamment affect\u00e9 la chape m\u00e9tallique \u00e9tanche isolant le r\u00e9acteur accident\u00e9 qui contient les \u00e9l\u00e9ments hautement radioactifs.\u00a0 L&rsquo;incident n&rsquo;a pas provoqu\u00e9 de fuite de radioactivit\u00e9, selon l&rsquo;Ukraine. \u00ab\u00a0Tout fonctionne normalement aujourd&rsquo;hui\u00a0\u00bb, a assur\u00e9 vendredi \u00e0 l&rsquo;AFP le service de presse du minist\u00e8re de l&rsquo;Energie.\u00a0<\/p>\n<p>EMMANUEL MACRON11:49<br class=\"jsx-494582681\"\/> 2 octobre 2025<\/p>\n<p>Emmanuel Macron appelle les Europ\u00e9ens \u00e0 s&rsquo;organiser, en \u00ab\u00a0\u00e9troite coordination\u00a0\u00bb avec l&rsquo;Otan, pour \u00ab\u00a0accro\u00eetre la pression\u00a0\u00bb sur la flotte de navires clandestins qui permettent \u00e0 la Russie d&rsquo;exporter son p\u00e9trole en contournant les sanctions occidentales. \u00ab\u00a0Il est extr\u00eamement important d&rsquo;accro\u00eetre la pression sur la flotte fant\u00f4me parce que \u00e7a r\u00e9duit clairement la capacit\u00e9 de la Russie \u00e0 financer son effort de guerre\u00a0\u00bb, dit-il \u00e0 l&rsquo;ouverture d&rsquo;un Sommet de la Communaut\u00e9 politique europ\u00e9enne (CPE) \u00e0 Copenhague en citant en exemple l&rsquo;arraisonnement d&rsquo;un navire suspect au large des c\u00f4tes fran\u00e7aises et les contr\u00f4les effectu\u00e9s \u00e0 bord.<\/p>\n<p>Le pr\u00e9sident fran\u00e7ais sugg\u00e8re de \u00ab\u00a0travailler dans le cadre de la Coalition des volontaires\u00a0\u00bb, les pays qui soutiennent militairement l&rsquo;Ukraine, \u00ab\u00a0en \u00e9troite coordination avec l&rsquo;Otan, pour voir comment optimiser une telle action commune\u00a0\u00bb.<\/p>\n<p>LES DRONES PEUVENT \u00caTRE \u00ab\u00a0D\u00c9TRUITS\u00a0\u00bb11:42<br class=\"jsx-494582681\"\/> 2 octobre 2025<\/p>\n<p>Les drones qui violent l&rsquo;espace a\u00e9rien europ\u00e9en \u00ab\u00a0peuvent \u00eatre d\u00e9truits. Point final\u00a0\u00bb, d\u00e9clare le pr\u00e9sident fran\u00e7ais Emmanuel Macron aujourd&rsquo;hui \u00e0 Copenhague, apr\u00e8s une s\u00e9rie d&rsquo;intrusions de drones en Europe ces derni\u00e8res semaines. \u00ab\u00a0Il est tr\u00e8s important d&rsquo;avoir un message clair. Les drones, qui violeraient nos territoires, repr\u00e9sentent un risque important. Ils peuvent \u00eatre d\u00e9truits, point final\u00a0\u00bb, mart\u00e8le le pr\u00e9sident fran\u00e7ais lors d&rsquo;un sommet de chefs d&rsquo;Etat et de gouvernement.<\/p>\n<p>ZELENSKY MET EN GARDE CONTRE LES VIOLATIONS RUSSES DE L&rsquo;ESPACE AERIEN10:53<br class=\"jsx-494582681\"\/> 2 octobre 2025<\/p>\n<p>Les r\u00e9centes violations de l&rsquo;espace a\u00e9rien par la Russie et l&rsquo;envoi de drones dans le ciel a\u00e9rien polonais montrent que cela peut arriver \u00ab\u00a0n&rsquo;importe o\u00f9 en Europe\u00a0\u00bb, a mis en garde jeudi le pr\u00e9sident ukrainien Volodymyr Zelensky.<\/p>\n<p>\u00ab\u00a0Les incidents de drones \u00e0 travers Europe montrent clairement que la Russie est pr\u00eate \u00e0 une escalade dans cette guerre et qu&rsquo;il n&rsquo;a jamais \u00e9t\u00e9 question simplement de l&rsquo;Ukraine\u00a0\u00bb, a-t-il d\u00e9clar\u00e9 depuis Copenhague \u00e0 l&rsquo;occasion d&rsquo;un sommet de la Communaut\u00e9 politique europ\u00e9enne (CPE).<\/p>\n<p>ZELENSKY ACCUSE LA RUSSIE D&rsquo;\u00caTRE UNE \u00ab\u00a0MENACE MONDIALE\u00a0\u00bb06:56<br class=\"jsx-494582681\"\/> 2 octobre 2025<\/p>\n<p>Le pr\u00e9sident ukrainien Volodymyr Zelensky a accus\u00e9 mercredi la Russie de constituer une \u00ab\u00a0menace mondiale\u00a0\u00bb, apr\u00e8s qu&rsquo;un bombardement russe a coup\u00e9 l&rsquo;\u00e9lectricit\u00e9 alimentant la structure de confinement de l&rsquo;ancienne centrale de Tchernobyl, s&rsquo;ajoutant \u00e0 la coupure d&rsquo;\u00e9lectricit\u00e9 depuis plus d&rsquo;une semaine \u00e0 la centrale nucl\u00e9aire de Zaporijjia.<\/p>\n<p>\u00ab\u00a0Chaque jour o\u00f9 la Russie prolonge la guerre, refuse de mettre en oeuvre un cessez-le-feu complet et fiable, et continue de frapper tous nos sites \u00e9nerg\u00e9tique \u2013 y compris ceux essentiels \u00e0 la s\u00fbret\u00e9 des centrales nucl\u00e9aires et autres installations nucl\u00e9aires \u2013 est une menace mondiale\u00a0\u00bb, a d\u00e9nonc\u00e9 M. Zelensky sur Facebook.<\/p>\n<p>L&rsquo;alimentation en \u00e9lectricit\u00e9 de la structure de confinement abritant la partie de la centrale de Tchernobyl d\u00e9truite pendant la catastrophe nucl\u00e9aire en 1986 a \u00e9t\u00e9 coup\u00e9e par un bombardement russe, selon Kiev.\u00a0<\/p>\n<p>ZELENSKY RETROUVE LES DIRIGEANTS EUROP\u00c9ENS A COPENHAGUE06:52<br class=\"jsx-494582681\"\/> 2 octobre 2025<\/p>\n<p>Le pr\u00e9sident ukrainien Volodymyr Zelensky retrouve jeudi les dirigeants du continent europ\u00e9en \u00e0 Copenhague, dont ceux de l&rsquo;UE qui cherchent \u00e0 ancrer dans la dur\u00e9e leur soutien \u00e0 Kiev, au moment o\u00f9 les \u00c9tats-Unis ont remis en question le leur. \u00c0 ce d\u00e9sengagement am\u00e9ricain depuis le retour de Donald Trump \u00e0 la Maison Blanche s&rsquo;ajoute la crainte de voir la guerre se prolonger tant les perspectives de paix en Ukraine semblent s&rsquo;\u00e9loigner.<\/p>\n<p>Les chefs d&rsquo;Etat et de gouvernement des 27 pays de l&rsquo;UE, d\u00e9j\u00e0 pr\u00e9sents \u00e0 Copenhague mercredi pour un sommet europ\u00e9en informel, seront rejoints jeudi par une vingtaine d&rsquo;autres dirigeants europ\u00e9ens, \u00e0 l&rsquo;occasion cette fois d&rsquo;un sommet de la Communaut\u00e9 politique europ\u00e9enne (CPE).<\/p>\n<p>TRUMP VEUT AIDER L&rsquo;UKRAINE CONTRE LA RUSSIE06:46<br class=\"jsx-494582681\"\/> 2 octobre 2025<\/p>\n<p>Trump va aider l&rsquo;Ukraine \u00e0 frapper la RussieSource : TF1 Info<\/p>\n<p><img decoding=\"async\" src=\"https:\/\/www.europesays.com\/fr\/wp-content\/uploads\/2025\/10\/trump-va-aider-l-ukraine-a-frapper-la-russie-f84eb3-0@1x.jpeg\" alt=\"Trump va aider l'Ukraine \u00e0 frapper la Russie\" loading=\"lazy\" importance=\"low\" fetchpriority=\"low\" class=\"\"\/><img decoding=\"async\" src=\"https:\/\/www.tf1info.fr\/images\/icons\/player-logo-play.svg\" alt=\"Logo lecture\" class=\"jsx-d0de44c05fe3042c PlayerLazyload__Play\"\/>CE QU&rsquo;IL FAUT RETENIR DE LA VEILLE06:42<br class=\"jsx-494582681\"\/> 2 octobre 2025<\/p>\n<p>Volodymyr Zelensky a indiqu\u00e9 mardi que la centrale nucl\u00e9aire de Zaporijia, occup\u00e9e par les forces russes, \u00e9tait d\u00e9sormais d\u00e9connect\u00e9e du r\u00e9seau \u00e9lectrique ukrainien depuis 7 jours cons\u00e9cutifs. Ce mercredi, l&rsquo;AIEA estime qu&rsquo;il n&rsquo;y a \u00ab\u00a0pas de danger imm\u00e9diat\u00a0\u00bb.<\/p>\n<p>International<img decoding=\"async\" src=\"https:\/\/www.europesays.com\/fr\/wp-content\/uploads\/2025\/10\/centrale-de-zaporijia-29-mars-2023-543a3e-0@1x.jpeg\" alt=\"La centrale nucl\u00e9aire de Zaporijia, contr\u00f4l\u00e9e par les Russes, le 29 mars 2023.\" loading=\"lazy\" importance=\"low\" fetchpriority=\"low\" class=\"\" aria-hidden=\"true\"\/>Publi\u00e9 le 1 octobre 2025 \u00e0 9h44BONJOUR06:40<br class=\"jsx-494582681\"\/> 2 octobre 2025<\/p>\n<p>Bienvenue dans notre direct consacr\u00e9 \u00e0 la guerre en Ukraine ce jeudi 2 octobre<\/p>\n<p><script async src=\"https:\/\/platform.twitter.com\/widgets.js\" charset=\"utf-8\"><\/script><\/p>\n","protected":false},"excerpt":{"rendered":"MISSILES TOMAHAWK21:07 2 octobre 2025 Vladimir Poutine a estim\u00e9 jeudi que l&rsquo;envoi \u00e0 Kiev de missiles longue port\u00e9e&hellip;\n","protected":false},"author":2,"featured_media":434807,"comment_status":"","ping_status":"","sticky":false,"template":"","format":"standard","meta":{"footnotes":""},"categories":[1586],"tags":[1111,11,1921,5925,1777,674,1011,27,28083,1922,12,2543,25,132,220,1917,50704,133,1920,134],"class_list":{"0":"post-434806","1":"post","2":"type-post","3":"status-publish","4":"format-standard","5":"has-post-thumbnail","7":"category-europe","8":"tag-actu","9":"tag-actualites","10":"tag-article-video","11":"tag-conflits-et-guerre","12":"tag-eu","13":"tag-europe","14":"tag-fr","15":"tag-france","16":"tag-guerre-en-ukraine-une-treve-sera-t-elle-possible","17":"tag-info","18":"tag-news","19":"tag-relations-internationales","20":"tag-republique-francaise","21":"tag-russie","22":"tag-ukraine","23":"tag-ukraine-4-annee-de-guerre","24":"tag-ukraine-russie-des-negociations-dans-limpasse","25":"tag-video","26":"tag-video-international","27":"tag-volodymyr-zelensky"},"share_on_mastodon":{"url":"https:\/\/pubeurope.com\/@fr\/115307148637291579","error":""},"_links":{"self":[{"href":"https:\/\/www.europesays.com\/fr\/wp-json\/wp\/v2\/posts\/434806","targetHints":{"allow":["GET"]}}],"collection":[{"href":"https:\/\/www.europesays.com\/fr\/wp-json\/wp\/v2\/posts"}],"about":[{"href":"https:\/\/www.europesays.com\/fr\/wp-json\/wp\/v2\/types\/post"}],"author":[{"embeddable":true,"href":"https:\/\/www.europesays.com\/fr\/wp-json\/wp\/v2\/users\/2"}],"replies":[{"embeddable":true,"href":"https:\/\/www.europesays.com\/fr\/wp-json\/wp\/v2\/comments?post=434806"}],"version-history":[{"count":0,"href":"https:\/\/www.europesays.com\/fr\/wp-json\/wp\/v2\/posts\/434806\/revisions"}],"wp:featuredmedia":[{"embeddable":true,"href":"https:\/\/www.europesays.com\/fr\/wp-json\/wp\/v2\/media\/434807"}],"wp:attachment":[{"href":"https:\/\/www.europesays.com\/fr\/wp-json\/wp\/v2\/media?parent=434806"}],"wp:term":[{"taxonomy":"category","embeddable":true,"href":"https:\/\/www.europesays.com\/fr\/wp-json\/wp\/v2\/categories?post=434806"},{"taxonomy":"post_tag","embeddable":true,"href":"https:\/\/www.europesays.com\/fr\/wp-json\/wp\/v2\/tags?post=434806"}],"curies":[{"name":"wp","href":"https:\/\/api.w.org\/{rel}","templated":true}]}}