{"id":434821,"date":"2025-10-02T23:32:16","date_gmt":"2025-10-02T23:32:16","guid":{"rendered":"https:\/\/www.europesays.com\/fr\/434821\/"},"modified":"2025-10-02T23:32:16","modified_gmt":"2025-10-02T23:32:16","slug":"motogp-dorna-change-de-plan-la-presentation-de-la-saison-2026-quitte-singapour-pour-kuala-lumpur","status":"publish","type":"post","link":"https:\/\/www.europesays.com\/fr\/434821\/","title":{"rendered":"MotoGP, Dorna change de plan : la pr\u00e9sentation de la saison 2026 quitte Singapour pour Kuala Lumpur"},"content":{"rendered":"<p><strong>Coup de th\u00e9\u00e2tre dans le paddock MotoGP : la grande<br \/>\npr\u00e9sentation de la saison 2026, initialement pr\u00e9vue \u00e0 Singapour, se<br \/>\ntiendra finalement \u00e0 Kuala Lumpur. L\u2019annonce a \u00e9t\u00e9 confirm\u00e9e par<br \/>\nDorna.<\/strong><\/p>\n<p><a href=\"https:\/\/www.paddock-gp.com\/motogp-singapour-remporte-la-course-la-cite-etat-accueillera-le-lancement-officiel-de-la-saison-2026\/\" rel=\"nofollow noopener\" target=\"_blank\"><br \/>\n<strong>La d\u00e9cision<\/strong><\/a> a \u00e9t\u00e9 prise lors d\u2019une r\u00e9union<br \/>\nlogistique cruciale organis\u00e9e \u00e0 Montmel\u00f2, en marge du week-end<br \/>\ncatalan. \u00c0 l\u2019origine, la pr\u00e9sentation devait suivre la formule<br \/>\ninaugur\u00e9e \u00e0 <a href=\"https:\/\/www.paddock-gp.com\/motogp-thailande-bangkok-va-senflammer-pour-le-lancement-de-la-saison-2025\/\" rel=\"nofollow noopener\" target=\"_blank\"><br \/>\n<strong>Bangkok<\/strong><\/a> plus t\u00f4t cette ann\u00e9e \u2014 un format<br \/>\ninnovant qui avait s\u00e9duit les fans et les sponsors gr\u00e2ce \u00e0 son<br \/>\nambiance spectaculaire. Mais des contraintes logistiques, notamment<br \/>\nli\u00e9es aux transferts de mat\u00e9riel et \u00e0 la planification des essais<br \/>\nhivernaux, ont pouss\u00e9 <strong>Dorna<\/strong> \u00e0 revoir sa copie.<\/p>\n<p>Le choix s\u2019est alors port\u00e9 sur <strong>Kuala Lumpur<\/strong>,<br \/>\nville situ\u00e9e \u00e0 moins d\u2019une heure du circuit international de<br \/>\n<a href=\"https:\/\/www.paddock-gp.com\/motogp-yamaha-mobilise-andrea-dovizioso-pour-des-tests-a-sepang\/\" rel=\"nofollow noopener\" target=\"_blank\"><br \/>\n<strong>Sepang<\/strong><\/a>, o\u00f9 d\u00e9buteront les premi\u00e8res s\u00e9ances<br \/>\nd\u2019essais d\u00e8s le <strong>1er f\u00e9vrier<\/strong>. Une option jug\u00e9e plus<br \/>\nsimple et plus efficace par les organisateurs et les \u00e9quipes.<\/p>\n<p>Le nouvel \u00e9v\u00e9nement est d\u00e9sormais programm\u00e9 pour <strong>la<br \/>\nsoir\u00e9e du 6 f\u00e9vrier<\/strong>, avec des activit\u00e9s qui s\u2019\u00e9tendront au<br \/>\n<strong>7 f\u00e9vrier<\/strong>. Cette date permet aux \u00e9quipes<br \/>\nd\u2019encha\u00eener sans stress apr\u00e8s la fin des tests officiels<br \/>\n(<strong>3, 4 et 5 f\u00e9vrier<\/strong>), offrant un d\u00e9lai crucial pour<br \/>\nla logistique et la pr\u00e9paration m\u00e9diatique.<\/p>\n<p>L<a href=\"https:\/\/www.paddock-gp.com\/motogp-lucio-cecchinello-officiellement-nouveau-president-de-lirta-il-etait-important-pour-herve-poncharal-que-quelquun-avec-un-passe-similaire-lui-succede\/\" rel=\"nofollow noopener\" target=\"_blank\">\u2019<strong>IRTA<\/strong><\/a><br \/>\n(Association internationale des \u00e9quipes) a confirm\u00e9 que cette<br \/>\nmodification vise \u00e0 \u00ab <strong>simplifier les op\u00e9rations pour<br \/>\ntoutes les parties prenantes<\/strong> \u00bb. Kuala Lumpur,<br \/>\nhabitu\u00e9e aux \u00e9v\u00e9nements haut de gamme, s\u2019est d\u00e9j\u00e0 illustr\u00e9e par le<br \/>\npass\u00e9 : <strong>Yamaha<\/strong> y avait notamment pr\u00e9sent\u00e9 un<br \/>\nprojet MotoGP spectaculaire depuis les Tours Petronas, symbole de<br \/>\nla modernit\u00e9 malaisienne.<\/p>\n<p><img loading=\"lazy\" decoding=\"async\" class=\"aligncenter size-full wp-image-604286\" src=\"https:\/\/www.europesays.com\/fr\/wp-content\/uploads\/2025\/10\/EIaNhJzXUAAfB2i.jpg\" alt=\"MotoGP\" width=\"1200\" height=\"799\"  \/><\/p>\n<p><strong>Une pr\u00e9saison MotoGP plus<br \/>\ncourte, une pression plus forte<\/strong><\/p>\n<p>Ce choix, s\u2019il facilite les d\u00e9placements, resserre encore<br \/>\ndavantage le calendrier hivernal.<\/p>\n<p>Le <strong>shakedown<\/strong> de Sepang (<strong>29 au 31<br \/>\njanvier<\/strong>) sera imm\u00e9diatement suivi par les<br \/>\n<strong>tests<\/strong> officiels (<strong>3 au 5 f\u00e9vrier<\/strong>),<br \/>\npuis par la <strong>pr\u00e9sentation<\/strong> mondiale (<strong>6-7<br \/>\nf\u00e9vrier<\/strong>). Ensuite, les \u00e9quipes devront rapidement se<br \/>\npr\u00e9parer pour le deuxi\u00e8me round d\u2019essais pr\u00e9vu \u00e0<br \/>\n<strong>Buriram<\/strong> (Tha\u00eflande) les <strong>21 et 22<br \/>\nf\u00e9vrier<\/strong>, soit \u00e0 peine quelques jours avant le lancement du<br \/>\nchampionnat.<\/p>\n<p>Ce timing r\u00e9duit laisse peu de marge pour ajuster les<br \/>\nprototypes. Les ing\u00e9nieurs devront r\u00e9agir vite aux donn\u00e9es<br \/>\ncollect\u00e9es lors des essais, avec des fen\u00eatres tr\u00e8s courtes pour<br \/>\nvalider d\u2019\u00e9ventuelles \u00e9volutions avant le premier <a href=\"https:\/\/www.motogp.com\/en\" rel=\"nofollow noopener\" target=\"_blank\">Grand Prix<\/a>.<\/p>\n<p><img loading=\"lazy\" decoding=\"async\" class=\"aligncenter\" src=\"https:\/\/www.europesays.com\/fr\/wp-content\/uploads\/2025\/10\/20malasya-750x375.webp.webp\" alt=\"Dorna Shocks Fans: MotoGP Season Reveal Relocated to Kuala Lumpur Amid Logistical Chaos!\" width=\"884\" height=\"442\"\/><\/p>\n","protected":false},"excerpt":{"rendered":"Coup de th\u00e9\u00e2tre dans le paddock MotoGP : la grande pr\u00e9sentation de la saison 2026, initialement pr\u00e9vue \u00e0&hellip;\n","protected":false},"author":2,"featured_media":434822,"comment_status":"","ping_status":"","sticky":false,"template":"","format":"standard","meta":{"footnotes":""},"categories":[1413],"tags":[1011,27,1457,1456,60],"class_list":{"0":"post-434821","1":"post","2":"type-post","3":"status-publish","4":"format-standard","5":"has-post-thumbnail","7":"category-moto","8":"tag-fr","9":"tag-france","10":"tag-moto","11":"tag-motocycle","12":"tag-sports"},"share_on_mastodon":{"url":"https:\/\/pubeurope.com\/@fr\/115307187857342879","error":""},"_links":{"self":[{"href":"https:\/\/www.europesays.com\/fr\/wp-json\/wp\/v2\/posts\/434821","targetHints":{"allow":["GET"]}}],"collection":[{"href":"https:\/\/www.europesays.com\/fr\/wp-json\/wp\/v2\/posts"}],"about":[{"href":"https:\/\/www.europesays.com\/fr\/wp-json\/wp\/v2\/types\/post"}],"author":[{"embeddable":true,"href":"https:\/\/www.europesays.com\/fr\/wp-json\/wp\/v2\/users\/2"}],"replies":[{"embeddable":true,"href":"https:\/\/www.europesays.com\/fr\/wp-json\/wp\/v2\/comments?post=434821"}],"version-history":[{"count":0,"href":"https:\/\/www.europesays.com\/fr\/wp-json\/wp\/v2\/posts\/434821\/revisions"}],"wp:featuredmedia":[{"embeddable":true,"href":"https:\/\/www.europesays.com\/fr\/wp-json\/wp\/v2\/media\/434822"}],"wp:attachment":[{"href":"https:\/\/www.europesays.com\/fr\/wp-json\/wp\/v2\/media?parent=434821"}],"wp:term":[{"taxonomy":"category","embeddable":true,"href":"https:\/\/www.europesays.com\/fr\/wp-json\/wp\/v2\/categories?post=434821"},{"taxonomy":"post_tag","embeddable":true,"href":"https:\/\/www.europesays.com\/fr\/wp-json\/wp\/v2\/tags?post=434821"}],"curies":[{"name":"wp","href":"https:\/\/api.w.org\/{rel}","templated":true}]}}