{"id":434828,"date":"2025-10-02T23:36:11","date_gmt":"2025-10-02T23:36:11","guid":{"rendered":"https:\/\/www.europesays.com\/fr\/434828\/"},"modified":"2025-10-02T23:36:11","modified_gmt":"2025-10-02T23:36:11","slug":"francois-hollande-et-julie-gayet-des-voisins-qui-derangent-ils-nont-pas-trop-de-succes-dans-leur-quartier","status":"publish","type":"post","link":"https:\/\/www.europesays.com\/fr\/434828\/","title":{"rendered":"Fran\u00e7ois Hollande et Julie Gayet, des voisins qui d\u00e9rangent ? Ils n&rsquo;ont pas trop de succ\u00e8s dans leur quartier"},"content":{"rendered":"<p>Les personnalit\u00e9s publiques cherchent souvent la tranquillit\u00e9<br \/>\nloin des projecteurs m\u00e9diatiques. Pourtant, leur statut<br \/>\ns\u00a0\u00bbaccompagne in\u00e9vitablement de contraintes<br \/>\n<strong>s\u00e9curitaires<\/strong> qui perturbent parfois le<br \/>\n<strong>voisinage<\/strong>. <strong>Fran\u00e7ois Hollande<\/strong> et<br \/>\n<strong>Julie Gayet<\/strong> d\u00e9couvrent ainsi que la discr\u00e9tion ne<br \/>\nsuffit pas toujours.<\/p>\n<p>Install\u00e9s dans le pittoresque quartier de Campagne \u00e0 Paris, le<br \/>\n<strong>couple<\/strong> fait face \u00e0 des tensions croissantes. En<br \/>\neffet, les mesures de protection dont b\u00e9n\u00e9ficie l&rsquo;ancien pr\u00e9sident<br \/>\ncr\u00e9ent des <strong>nuisances sonores<\/strong> importantes. Par<br \/>\ncons\u00e9quent, certains r\u00e9sidents expriment ouvertement leur<br \/>\nm\u00e9contentement face \u00e0 cette situation inhabituelle.<\/p>\n<p><strong>Fran\u00e7ois Hollande<\/strong> se confie sur son<br \/>\n<strong>couple<\/strong> avec <strong>Julie Gayet<\/strong><\/p>\n<p><strong>Fran\u00e7ois Hollande<\/strong> <a href=\"https:\/\/www.melty.fr\/people\/lucide-francois-hollande-fait-cette-mise-au-point-sur-julie-gayet-chacun-doit-avoir-sa-vie-2242741.html\" target=\"_blank\" rel=\"noopener\"><br \/>\n\u00e9voque rarement sa relation avec l&rsquo;actrice et productrice<\/a><br \/>\n<strong>Julie Gayet<\/strong> dans les m\u00e9dias traditionnels.<br \/>\nCependant, il accepte de se livrer dans l&rsquo;\u00e9mission Pitchounes TV<br \/>\ndevant des enfants particuli\u00e8rement curieux. Effectivement, une<br \/>\nfillette l&rsquo;interroge sur son implication dans les tournages de sa<br \/>\ncompagne c\u00e9l\u00e8bre.<\/p>\n<p>L&rsquo;ancien chef d&rsquo;\u00c9tat d\u00e9voile alors sa vision personnelle de la<br \/>\nvie de <strong>couple<\/strong>. \u00ab Je crois que chacun doit<br \/>\navoir sa vie dans un couple \u00bb, confie <strong>Fran\u00e7ois<br \/>\nHollande<\/strong> avec solennit\u00e9. De plus, il pr\u00e9cise que chacun<br \/>\ndoit faire ce qu&rsquo;il a \u00e0 faire sous le regard de l&rsquo;autre. N\u00e9anmoins,<br \/>\nil affirme ne pas se rendre sur les plateaux pendant que sa<br \/>\ncompagne ne fr\u00e9quente pas ses r\u00e9unions. Cette s\u00e9paration des<br \/>\nsph\u00e8res professionnelles constitue apparemment le secret de leur<br \/>\nlong\u00e9vit\u00e9 amoureuse depuis onze ans maintenant.<\/p>\n<p>Un amour m\u00e9diterran\u00e9en sous le soleil estival<\/p>\n<p><strong>Fran\u00e7ois Hollande<\/strong> et <strong>Julie<br \/>\nGayet<\/strong> <a href=\"https:\/\/www.melty.fr\/people\/francois-hollande-et-julie-gayet-hyper-tactiles-en-vacances-onze-ans-apres-le-scandale-dinfidelite-2254794.html\" target=\"_blank\" rel=\"noopener\"><br \/>\ncultivent leur histoire d&rsquo;amour loin des tourments du scandale<br \/>\ninitial<\/a>. D&rsquo;ailleurs, le magazine Voici immortalise leur<br \/>\ncomplicit\u00e9 \u00e9vidente sur les plages de la Croix-Valmer r\u00e9cemment.<br \/>\nLes deux amoureux profitent ainsi des temp\u00e9ratures agr\u00e9ables de la<br \/>\nM\u00e9diterran\u00e9e comme tant d&rsquo;autres Fran\u00e7ais.<\/p>\n<p>Les gestes tendres se multiplient entre <strong>Fran\u00e7ois<br \/>\nHollande<\/strong> et sa compagne sous l&rsquo;objectif des photographes.<br \/>\nEn outre, <strong>Julie Gayet<\/strong> aide m\u00eame son \u00e9poux \u00e0 se<br \/>\nrhabiller apr\u00e8s sa sortie de baignade. Un t\u00e9moin privil\u00e9gi\u00e9 observe<br \/>\nd&rsquo;ailleurs que le <strong>couple<\/strong> ressemble \u00e0 deux<br \/>\nadolescents hyper tactiles ensemble. \u00ab On voit qu&rsquo;ils sont<br \/>\ntoujours fous amoureux \u00bb, confie cette source au magazine<br \/>\npeople sp\u00e9cialis\u00e9. Manifestement, la flamme br\u00fble toujours aussi<br \/>\nintens\u00e9ment entre les deux partenaires apr\u00e8s plusieurs ann\u00e9es de<br \/>\nvie commune.<\/p>\n<p><strong>Fran\u00e7ois Hollande<\/strong><br \/>\nconfront\u00e9 aux plaintes de ses voisins parisiens<\/p>\n<p><strong>Fran\u00e7ois Hollande<\/strong> et <strong>Julie<br \/>\nGayet<\/strong> occupent d\u00e9sormais un pavillon rose dans le quartier<br \/>\nde Campagne \u00e0 Paris. Toutefois, leur installation dans le 20e<br \/>\narrondissement provoque des tensions grandissantes avec le<br \/>\n<strong>voisinage<\/strong> environnant. En r\u00e9alit\u00e9, les deux<br \/>\npoliciers surveillant le domicile jour et nuit g\u00e9n\u00e8rent des<br \/>\n<strong>nuisances<\/strong> acoustiques importantes.<\/p>\n<p>Les agents stationnent dans une Zoe \u00e9lectrique grise le jour<br \/>\npuis dans un utilitaire blanc la nuit. Or, les moteurs tournent<br \/>\nconstamment pour alimenter la climatisation estivale ou le<br \/>\nchauffage hivernal selon les saisons. \u00ab L&rsquo;\u00e9t\u00e9, et m\u00eame en<br \/>\nseptembre, pour avoir la clim \u00bb, d\u00e9plore une riveraine aupr\u00e8s<br \/>\ndu Canard Encha\u00een\u00e9. <strong>Fran\u00e7ois Hollande<\/strong> tente<br \/>\nd&rsquo;ailleurs d&rsquo;intervenir aupr\u00e8s des forces de l&rsquo;ordre pour r\u00e9soudre<br \/>\nce probl\u00e8me d\u00e9licat. Cependant, Fran\u00e7oise Astier, pr\u00e9sidente de<br \/>\nl&rsquo;Amicale de la Campagne, r\u00e9v\u00e8le que l&rsquo;ancien pr\u00e9sident essuie un<br \/>\nrefus cat\u00e9gorique. \u00ab On lui a r\u00e9pondu qu&rsquo;il n&rsquo;\u00e9tait pas<br \/>\npossible de la supprimer \u00bb, rapporte-t-elle dans les colonnes<br \/>\nhebdomadaires. Par cons\u00e9quent, <strong>Fran\u00e7ois Hollande<\/strong><br \/>\nreste impuissant face aux contraintes <strong>s\u00e9curitaires<\/strong><br \/>\nqui empoisonnent ses relations de bon<br \/>\n<strong>voisinage<\/strong>.<\/p>\n","protected":false},"excerpt":{"rendered":"Les personnalit\u00e9s publiques cherchent souvent la tranquillit\u00e9 loin des projecteurs m\u00e9diatiques. Pourtant, leur statut s\u00a0\u00bbaccompagne in\u00e9vitablement de contraintes&hellip;\n","protected":false},"author":2,"featured_media":434829,"comment_status":"","ping_status":"","sticky":false,"template":"","format":"standard","meta":{"footnotes":""},"categories":[1359],"tags":[58,59,1011,27,3082,54186,973],"class_list":{"0":"post-434828","1":"post","2":"type-post","3":"status-publish","4":"format-standard","5":"has-post-thumbnail","7":"category-people","8":"tag-divertissement","9":"tag-entertainment","10":"tag-fr","11":"tag-france","12":"tag-francois-hollande","13":"tag-julie-gayet","14":"tag-people"},"share_on_mastodon":{"url":"https:\/\/pubeurope.com\/@fr\/115307202738307635","error":""},"_links":{"self":[{"href":"https:\/\/www.europesays.com\/fr\/wp-json\/wp\/v2\/posts\/434828","targetHints":{"allow":["GET"]}}],"collection":[{"href":"https:\/\/www.europesays.com\/fr\/wp-json\/wp\/v2\/posts"}],"about":[{"href":"https:\/\/www.europesays.com\/fr\/wp-json\/wp\/v2\/types\/post"}],"author":[{"embeddable":true,"href":"https:\/\/www.europesays.com\/fr\/wp-json\/wp\/v2\/users\/2"}],"replies":[{"embeddable":true,"href":"https:\/\/www.europesays.com\/fr\/wp-json\/wp\/v2\/comments?post=434828"}],"version-history":[{"count":0,"href":"https:\/\/www.europesays.com\/fr\/wp-json\/wp\/v2\/posts\/434828\/revisions"}],"wp:featuredmedia":[{"embeddable":true,"href":"https:\/\/www.europesays.com\/fr\/wp-json\/wp\/v2\/media\/434829"}],"wp:attachment":[{"href":"https:\/\/www.europesays.com\/fr\/wp-json\/wp\/v2\/media?parent=434828"}],"wp:term":[{"taxonomy":"category","embeddable":true,"href":"https:\/\/www.europesays.com\/fr\/wp-json\/wp\/v2\/categories?post=434828"},{"taxonomy":"post_tag","embeddable":true,"href":"https:\/\/www.europesays.com\/fr\/wp-json\/wp\/v2\/tags?post=434828"}],"curies":[{"name":"wp","href":"https:\/\/api.w.org\/{rel}","templated":true}]}}