{"id":434832,"date":"2025-10-02T23:38:12","date_gmt":"2025-10-02T23:38:12","guid":{"rendered":"https:\/\/www.europesays.com\/fr\/434832\/"},"modified":"2025-10-02T23:38:12","modified_gmt":"2025-10-02T23:38:12","slug":"economie-le-livre-en-occitanie-ou-le-mille-feuille-dune-filiere-bien-vivante-partie-1","status":"publish","type":"post","link":"https:\/\/www.europesays.com\/fr\/434832\/","title":{"rendered":"\u00c9conomie : Le livre en Occitanie, ou le mille-feuille d&rsquo;une fili\u00e8re bien vivante (partie 1)"},"content":{"rendered":"<p class=\"intro\">Apr\u00e8s plusieurs mois de collecte et d\u2019analyse de donn\u00e9es,\u00a0la 5e\u00a0\u00e9dition des Chiffres cl\u00e9s du livre en Occitanie vient de\u00a0para\u00eetre. Ce document produit par Occitanie Livre &amp;\u00a0Lecture tous les deux ans r\u00e9v\u00e8le les mutations du secteur,\u00a0les d\u00e9fis qu\u2019elles engendrent et les forces que la fili\u00e8re en\u00a0r\u00e9gion peut mobiliser pour y r\u00e9pondre. Etat des lieux (premi\u00e8re partie, les librairies) :<\/p>\n<p><strong>\u201cCette nouvelle \u00e9dition des chiffres-cl\u00e9s<\/strong> nous invite \u00e0 nous projeter vers l\u2019avenir, \u00e0\u00a0c\u00e9l\u00e9brer ce qui fait la singularit\u00e9 de notre territoire et \u00e0 imaginer la place du livre\u00a0dans une soci\u00e9t\u00e9 toujours plus connect\u00e9e. Si les \u00e9volutions technologiques et les\u00a0nouvelles pratiques de consommation du livre bousculent parfois les habitudes,\u00a0elles ouvrent \u00e9galement des perspectives in\u00e9dites pour la profession\u201d\u00a0commente\u00a0<strong>Serge Regourd<\/strong> (conseiller r\u00e9gional et pr\u00e9sident d\u2019Occitanie Livre &amp; Lecture).<\/p>\n<p><strong>La fili\u00e8re litt\u00e9raire, en Occitanie<\/strong>,\u00a0se caract\u00e9rise par une diversit\u00e9 et une richesse qui t\u00e9moignent de la vitalit\u00e9\u00a0de ses acteurs mais fait \u00e9galement face \u00e0 des d\u00e9fis nombreux. Voici donc l\u2019occasion de mettre l\u2019accent sur les mutations du\u00a0secteur et les d\u00e9fis qu\u2019elles engendrent, tout en mettant en lumi\u00e8re les forces qui\u00a0permettent d\u2019y r\u00e9pondre. Et les enjeux sont nombreux !<\/p>\n<p><strong>Une fois n\u2019est pas coutume\u2026 Commen\u00e7ons par le dernier maillon de la cha\u00eene, la librairie :<\/strong> d\u2019une mani\u00e8re g\u00e9n\u00e9rale, les libraires font face \u00e0\u00a0\u201cdes baisses de fr\u00e9quentation et de chiffre d\u2019affaires qui p\u00e8sent particuli\u00e8rement\u00a0sur les plus petites entreprises et entra\u00eenent une pr\u00e9carisation de leurs g\u00e9rants et g\u00e9rantes.\u201d Ces donn\u00e9es appellent \u00e0 porter\u00a0une attention particuli\u00e8re sur le secteur au regard de l\u2019engouement pour cette activit\u00e9, de son poids \u00e9conomique (cr\u00e9ation\u00a0de richesse, emploi) et de \u201cson r\u00f4le d\u2019acteur \u00e0 part enti\u00e8re du d\u00e9veloppement culturel du territoire.\u201d<\/p>\n<p>C\u2019est le tissu rural qui s\u2019est le plus renforc\u00e9<\/p>\n<p><strong>Malgr\u00e9 ce climat \u00e9conomique plut\u00f4t maussade<\/strong>, les librairies affirment leur dynamisme.\u00a0Les deux derni\u00e8res ann\u00e9es ont \u00e9t\u00e9 marqu\u00e9es par de nombreuses ouvertures,\u00a0notamment dans l\u2019<strong>H\u00e9rault<\/strong> (6 ouvertures), les <strong>Pyr\u00e9n\u00e9es-Orientales<\/strong> (4 ouvertures)\u00a0et le <strong>Tarn-et-Garonne<\/strong> (3 ouvertures). Et on constate que c\u2019est le tissu rural qui s\u2019est le plus renforc\u00e9 avec 8 cr\u00e9ations sur la\u00a0p\u00e9riode.<\/p>\n<p><strong>Les librairies sp\u00e9cialis\u00e9es demeurent \u00e0 90 % urbaines<\/strong>, les\u00a0librairies g\u00e9n\u00e9ralistes p\u00e8sent pour 70 % des implantations en zones\u00a0p\u00e9ri-urbaines, quand 80 % des maisons de la presse r\u00e9f\u00e9renc\u00e9es\u00a0aupr\u00e8s d\u2019Occitanie Livre &amp; Lecture se concentrent dans les territoires\u00a0ruraux. Et <strong>les chiffres t\u00e9moignent du recul des librairies-papeteries-presse et des librairies-papeteries<\/strong> par\u00a0rapport \u00e0 l\u2019\u00e9dition 2023 (respectivement -5 et -8 %)\u00a0en milieu p\u00e9ri-urbain, au profit des librairies g\u00e9n\u00e9ralistes (+42 %).<\/p>\n<p><a href=\"https:\/\/dis-leur.fr\/?attachment_id=105866\" rel=\"attachment wp-att-105866 nofollow noopener\" target=\"_blank\"><img loading=\"lazy\" decoding=\"async\" class=\"size-full wp-image-105866\" src=\"https:\/\/www.europesays.com\/fr\/wp-content\/uploads\/2025\/10\/LIVRELECTURE-LIBRAIRIE-2.jpg\" alt=\"\" width=\"836\" height=\"480\"  \/><\/a>Image d\u2019illustration by FREEPIK<br \/>\nLitt\u00e9rature, BD et \u201cjeunesse\u201d, le tierc\u00e9 gagnant<\/p>\n<p><strong>Questionn\u00e9es sur leurs trois principaux\u00a0rayons<\/strong> en termes de vente, une cinquantaine de\u00a0libraires ont r\u00e9pondu. On retrouve un triptyque\u00a0classique avec en t\u00eate <strong>la litt\u00e9rature<\/strong> qui repr\u00e9sente\u00a0environ 31 % du chiffre d\u2019affaires des librairies du panel, puis\u00a0<strong>la BD<\/strong> avec presque 26 % du CA et <strong>la \u201cjeunesse\u201d<\/strong> avec\u00a0environ 25 % du CA.<br \/>Ces trois segments cumul\u00e9s repr\u00e9sentent en\u00a0moyenne 82 % du CA des librairies r\u00e9pondantes. Les jeunes lisent donc encore..; Une vraie lueur d\u2019espoir !<\/p>\n<p><strong>Les librairies r\u00e9pondantes sont 65 % \u00e0 proposer des offres compl\u00e9mentaires<\/strong> \u00e0 celles li\u00e9es au livre. 38 % ont une offre de papeterie, 25 %\u00a0de jeux\/jeux de soci\u00e9t\u00e9, 11 % un espace caf\u00e9 et 8 % vendent des\u00a0loisirs cr\u00e9atifs. Et\u00a0 95 % des libraires du panel<br \/>d\u00e9clarent organiser des animations (d\u00e9bats, lectures et rencontres\u2026), d\u00e9montrant\u00a0le caract\u00e8re indissociable de celles-ci avec l\u2019activit\u00e9\u00a0des librairies. Par ailleurs, \u201cpr\u00e8s de deux librairies sur trois poss\u00e8dent un site Internet et pour la moiti\u00e9 d\u2019entre elles, il est marchand.\u201d<\/p>\n<p>Le \u201cnerf de la guerre\u201d\u2026 en baisse dans tous les secteurs<\/p>\n<p><strong>Le chiffre d\u2019affaires global des librairies<\/strong> accuse une forte baisse (de 81 648 480 \u20ac en 2016 \u00e0 60 947 172 \u20ac en 2025). \u201cUne partie de la diff\u00e9rence entre 2023 (70 150 661 \u20ac) et\u00a02025, pr\u00e9cise <strong>Occitanie Livre &amp; Lecture<\/strong>, s\u2019explique par l\u2019importante baisse post-rebond de la crise sanitaire, avec une chute de\u00a011 points du CA pour les plus petites librairies\u00a0sur la p\u00e9riode (-5,4 % et -2,6 % pour les autres\u00a0cat\u00e9gories d\u2019\u00e9tablissement). D\u2019autre part, le fort\u00a0taux de renouvellement des r\u00e9pondants entre les\u00a0deux \u00e9tudes explique en partie ces fluctuations du\u00a0niveau de CA cumul\u00e9s.\u201d<\/p>\n<p><strong> Les libraires questionn\u00e9s sur l\u2019inflation<\/strong> mettent en avant \u201cl\u2019augmentation des prix du transport, l\u2019augmentation des charges\u00a0externes\u201d\u00a0et ils s\u2019inqui\u00e8tent de l\u2019augmentation du prix des livres. Ils se\u00a0disent aussi \u201cencourag\u00e9s par l\u2019impression d\u2019un maintien de leur niveau de CA\u00a0et ce malgr\u00e9 la baisse du panier moyen.\u201d Ils attribuent cette stabilit\u00e9<br \/>\u00e0 la permanence des achats de grands formats, de bandes dessin\u00e9es\u00a0et de mangas.<\/p>\n<p><strong>Si l\u2019\u00e9tat d\u2019esprit est plut\u00f4t au pessimisme, les librairies demeurent cependant un lieu d\u2019espoirs<\/strong> et de volontarisme. Ainsi, face aux transformations provoqu\u00e9es par l\u2019intelligence artificielle (recommandations en ligne, productions \u00e9ditoriales) notamment et face aux enjeux \u00e9cologiques et soci\u00e9taux, les libraires interrog\u00e9s souhaitent \u201cun\u00a0avenir o\u00f9 les livres auraient une commercialisation plus lente, o\u00f9\u00a0la pluralit\u00e9 \u00e9ditoriale trouverait une place plus grande et o\u00f9 la production de nouveaut\u00e9s serait cons\u00e9quemment ralentie.\u201d<\/p>\n<p><strong>Lers librairies, un lieu de vie, d\u2019\u00e9change, de d\u00e9couvertes, bien mieux que des clics sur un \u00e9cran. Non ?<\/strong><\/p>\n<p style=\"text-align: right;\"><strong>Philippe MOURET<\/strong><\/p>\n<p><strong>Pass Culture :<\/strong> <strong>96 % des r\u00e9pondants sont affili\u00e9s au pass Culture<\/strong> et ce, sans\u00a0distinction de cat\u00e9gories de CA. 81 % des libraires y voient un impact\u00a0positif sur leur activit\u00e9. On peut cependant noter que si les librairies\u00a0A et B (librairies \u00e0 CA sup\u00e9rieur \u00e0 2M\u20ac et entre 1 et 2 M\u20ac) sont unanimes sur l\u2019impact positif de ce dispositif, une librairie\u00a0sur cinq appartenant aux autres cat\u00e9gories semble n\u2019y voir aucun\u00a0impact.<br \/>\n<strong>(Prochaine partie : Les auteurs et l\u2019\u00e9dition)<\/strong><br \/>\n<a href=\"https:\/\/dis-leur.fr\/?attachment_id=105870\" rel=\"attachment wp-att-105870 nofollow noopener\" target=\"_blank\"><img loading=\"lazy\" decoding=\"async\" class=\"size-full wp-image-105870\" src=\"https:\/\/www.europesays.com\/fr\/wp-content\/uploads\/2025\/10\/LIVRELECTURE-LIBRAIRIES-CARTE.jpg\" alt=\"\" width=\"767\" height=\"435\"  \/><\/a>Source : Occitanie Livre &amp; Lecture \u2013 Chffres cl\u00e9s 2025<\/p>\n","protected":false},"excerpt":{"rendered":"Apr\u00e8s plusieurs mois de collecte et d\u2019analyse de donn\u00e9es,\u00a0la 5e\u00a0\u00e9dition des Chiffres cl\u00e9s du livre en Occitanie vient&hellip;\n","protected":false},"author":2,"featured_media":434833,"comment_status":"","ping_status":"","sticky":false,"template":"","format":"standard","meta":{"footnotes":""},"categories":[1357],"tags":[1379,58,59,1011,27,1380],"class_list":{"0":"post-434832","1":"post","2":"type-post","3":"status-publish","4":"format-standard","5":"has-post-thumbnail","7":"category-livres","8":"tag-books","9":"tag-divertissement","10":"tag-entertainment","11":"tag-fr","12":"tag-france","13":"tag-livres"},"share_on_mastodon":{"url":"https:\/\/pubeurope.com\/@fr\/115307211042091949","error":""},"_links":{"self":[{"href":"https:\/\/www.europesays.com\/fr\/wp-json\/wp\/v2\/posts\/434832","targetHints":{"allow":["GET"]}}],"collection":[{"href":"https:\/\/www.europesays.com\/fr\/wp-json\/wp\/v2\/posts"}],"about":[{"href":"https:\/\/www.europesays.com\/fr\/wp-json\/wp\/v2\/types\/post"}],"author":[{"embeddable":true,"href":"https:\/\/www.europesays.com\/fr\/wp-json\/wp\/v2\/users\/2"}],"replies":[{"embeddable":true,"href":"https:\/\/www.europesays.com\/fr\/wp-json\/wp\/v2\/comments?post=434832"}],"version-history":[{"count":0,"href":"https:\/\/www.europesays.com\/fr\/wp-json\/wp\/v2\/posts\/434832\/revisions"}],"wp:featuredmedia":[{"embeddable":true,"href":"https:\/\/www.europesays.com\/fr\/wp-json\/wp\/v2\/media\/434833"}],"wp:attachment":[{"href":"https:\/\/www.europesays.com\/fr\/wp-json\/wp\/v2\/media?parent=434832"}],"wp:term":[{"taxonomy":"category","embeddable":true,"href":"https:\/\/www.europesays.com\/fr\/wp-json\/wp\/v2\/categories?post=434832"},{"taxonomy":"post_tag","embeddable":true,"href":"https:\/\/www.europesays.com\/fr\/wp-json\/wp\/v2\/tags?post=434832"}],"curies":[{"name":"wp","href":"https:\/\/api.w.org\/{rel}","templated":true}]}}