{"id":434854,"date":"2025-10-02T23:49:13","date_gmt":"2025-10-02T23:49:13","guid":{"rendered":"https:\/\/www.europesays.com\/fr\/434854\/"},"modified":"2025-10-02T23:49:13","modified_gmt":"2025-10-02T23:49:13","slug":"a-ce-stade-la-participation-de-la-droite-au-gouvernement-nest-pas-acquise-du-tout","status":"publish","type":"post","link":"https:\/\/www.europesays.com\/fr\/434854\/","title":{"rendered":"\u00ab\u00c0 ce stade, la participation de la droite au gouvernement n\u2019est pas acquise du tout\u00bb"},"content":{"rendered":"<p><strong>INFO LE FIGARO &#8211; <\/strong>\u00c0 la sortie de son rendez-vous avec S\u00e9bastien Lecornu, le ministre de l\u2019Int\u00e9rieur d\u00e9missionnaire estime que le \u00abcompte n\u2019y est pas\u00bb.<\/p>\n<p class=\"fig-paragraph\">La droite s\u2019impatientait. Elle est maintenant agac\u00e9e. En amont de son rendez-vous avec les socialistes (PS), S\u00e9bastien Lecornu a re\u00e7u ce jeudi \u00e0 15h le ministre de l\u2019Int\u00e9rieur d\u00e9missionnaire, Bruno Retailleau. Au Figaro, le patron des R\u00e9publicains (LR) fait ce constat sans d\u00e9tour\u00a0: \u00abLe compte n\u2019y est pas.\u00bb<\/p>\n<p class=\"fig-paragraph\">\u00abLes discussions vont se poursuivre. \u00c0 ce stade, la participation de la droite au gouvernement n\u2019est pas acquise du tout\u00bb, juge-t-il, en pr\u00e9cisant r\u00e9unir les parlementaires jeudi soir \u00e0 20h30, en urgence.<\/p>\n<p>\u00abIl y a quelque chose qui cloche\u00bb<\/p>\n<p class=\"fig-paragraph\">Au menu de son rendez-vous avec le premier ministre\u00a0: le budget, les hausses d\u2019imp\u00f4ts et le r\u00e9galien. Dans l\u2019entourage de Bruno Retailleau, on regrette une forme de \u00ablouvoiement\u00bb sur le premier point et un manque de clart\u00e9 sur le r\u00e9galien. Ce,\u00a0<a href=\"http:\/\/www.lefigaro.fr\/politique\/fiscalite-securite-immigration-les-republicains-fixent-leurs-conditions-a-sebastien-lecornu-20250930\" target=\"_blank\" data-fig-type=\"Article\" rel=\"noopener\" data-gtm-custom-categorie=\"navigation\" data-gtm-custom-action=\"crossclick\" data-gtm-custom-label=\"Contextuel\" data-gtm-event=\"customEventSPE\" data-fig-domain=\"LEFIGARO\">alors que la droite a expos\u00e9 les conditions de sa participation au gouvernement, en d\u00e9but de semaine<\/a>. En attendant, depuis, un engagement \u00e9crit de S\u00e9bastien Lecornu &#8211; de sorte \u00e0 \u00e9tablir une sorte de contrat de gouvernement. La lettre n\u2019est\u2026<\/p>\n<p class=\"fig-premium-paywall__infos\">\n        Cet article est r\u00e9serv\u00e9 aux abonn\u00e9s.        Il vous reste 36% \u00e0 d\u00e9couvrir.\n    <\/p>\n<p>                <img  data- alt=\"Le Figaro\" class=\"fig-img--complete fig-img\"\/><\/p>\n<p class=\"fig-premium-paywall__title\">Vous avez envie de lire la suite ?<\/p>\n<p class=\"fig-premium-paywall__subtitle\">D\u00e9bloquez tous les articles imm\u00e9diatement.<\/p>\n<p class=\"fig-premium-paywall__connect\">\n                D\u00e9j\u00e0 abonn\u00e9\u00a0?                <a class=\"fig-premium-paywall__connect-link\" href=\"https:\/\/connect.lefigaro.fr\/login?client=horizon_web&amp;type=main&amp;redirect_uri=https%3A%2F%2Fwww.lefigaro.fr%2Fpolitique%2Fbruno-retailleau-au-figaro-a-ce-stade-la-participation-de-la-droite-au-gouvernement-n-est-pas-acquise-du-tout-20251002\" data-js-gtm=\"{&quot;customCategorie&quot;: &quot;conversion&quot;, &quot;customAction&quot;: &quot;before_Landing_Connexion_paywall_auto&quot;, &quot;customLabel&quot;: &quot;bGVmaWdhcm8uZnJfXzFmMDlmYTcyLWU4NjEtNjAwYy05MzU4LTJmN2UyMzU1ZTA1Y19fTmV3c0ZsYXNo_Bruno Retailleau au &lt;i&gt;Figaro &lt;\/i&gt;: \u00ab\u00c0 ce stade, la participation de la droite au gouvernement n\u2019est pas acquise du tout\u00bb_484&quot;, &quot;customIDSPE&quot;: &quot;bGVmaWdhcm8uZnJfXzFmMDlmYTcyLWU4NjEtNjAwYy05MzU4LTJmN2UyMzU1ZTA1Y19fTmV3c0ZsYXNo&quot;, &quot;event&quot;: &quot;customEventSPE&quot;}\" target=\"_blank\" rel=\"noopener\"><br \/>\n                    Connectez-vous<br \/>\n                <\/a>\n            <\/p>\n","protected":false},"excerpt":{"rendered":"INFO LE FIGARO &#8211; \u00c0 la sortie de son rendez-vous avec S\u00e9bastien Lecornu, le ministre de l\u2019Int\u00e9rieur d\u00e9missionnaire&hellip;\n","protected":false},"author":2,"featured_media":434855,"comment_status":"","ping_status":"","sticky":false,"template":"","format":"standard","meta":{"footnotes":""},"categories":[2],"tags":[11,1013,1011,27,6319,12,11067],"class_list":{"0":"post-434854","1":"post","2":"type-post","3":"status-publish","4":"format-standard","5":"has-post-thumbnail","7":"category-actualites","8":"tag-actualites","9":"tag-bruno-retailleau","10":"tag-fr","11":"tag-france","12":"tag-les-republicains","13":"tag-news","14":"tag-sebastien-lecornu"},"share_on_mastodon":{"url":"https:\/\/pubeurope.com\/@fr\/115307253803282935","error":""},"_links":{"self":[{"href":"https:\/\/www.europesays.com\/fr\/wp-json\/wp\/v2\/posts\/434854","targetHints":{"allow":["GET"]}}],"collection":[{"href":"https:\/\/www.europesays.com\/fr\/wp-json\/wp\/v2\/posts"}],"about":[{"href":"https:\/\/www.europesays.com\/fr\/wp-json\/wp\/v2\/types\/post"}],"author":[{"embeddable":true,"href":"https:\/\/www.europesays.com\/fr\/wp-json\/wp\/v2\/users\/2"}],"replies":[{"embeddable":true,"href":"https:\/\/www.europesays.com\/fr\/wp-json\/wp\/v2\/comments?post=434854"}],"version-history":[{"count":0,"href":"https:\/\/www.europesays.com\/fr\/wp-json\/wp\/v2\/posts\/434854\/revisions"}],"wp:featuredmedia":[{"embeddable":true,"href":"https:\/\/www.europesays.com\/fr\/wp-json\/wp\/v2\/media\/434855"}],"wp:attachment":[{"href":"https:\/\/www.europesays.com\/fr\/wp-json\/wp\/v2\/media?parent=434854"}],"wp:term":[{"taxonomy":"category","embeddable":true,"href":"https:\/\/www.europesays.com\/fr\/wp-json\/wp\/v2\/categories?post=434854"},{"taxonomy":"post_tag","embeddable":true,"href":"https:\/\/www.europesays.com\/fr\/wp-json\/wp\/v2\/tags?post=434854"}],"curies":[{"name":"wp","href":"https:\/\/api.w.org\/{rel}","templated":true}]}}