{"id":434864,"date":"2025-10-02T23:59:16","date_gmt":"2025-10-02T23:59:16","guid":{"rendered":"https:\/\/www.europesays.com\/fr\/434864\/"},"modified":"2025-10-02T23:59:16","modified_gmt":"2025-10-02T23:59:16","slug":"les-gens-sont-etonnes-dapprendre-quon-gagne-moins-qua-lhopital","status":"publish","type":"post","link":"https:\/\/www.europesays.com\/fr\/434864\/","title":{"rendered":"\u00ab Les gens sont \u00e9tonn\u00e9s d&rsquo;apprendre qu&rsquo;on gagne moins qu&rsquo;\u00e0 l&rsquo;h\u00f4pital \u00bb"},"content":{"rendered":"<p>            Par<br \/>\n        <strong><br \/>\n            <a href=\"https:\/\/actu.fr\/auteur\/bernadette-ramel\" title=\"Consulter tous les articles de Bernadette Ramel\" target=\"_blank\" rel=\"noopener\">Bernadette Ramel<\/a><br \/>\n        <\/strong><\/p>\n<p>        Publi\u00e9 le<\/p>\n<p>            30 sept. 2025 \u00e0 12h08        <\/p>\n<p>L\u2019intersyndicale de <a href=\"https:\/\/www.vivalto-sante.com\/\" target=\"_blank\" rel=\"noopener\">Vivalto Sant\u00e9<\/a> avait annonc\u00e9 une \u00ab journ\u00e9e noire \u00bb, mardi 30 septembre 2025, dans la cinquantaine de cliniques du groupe en France, pour demander une hausse g\u00e9n\u00e9rale des <a href=\"https:\/\/actu.fr\/tag\/salaires\" target=\"_blank\" rel=\"noopener\">salaires<\/a>. \u00c0 <a href=\"https:\/\/actu.fr\/bretagne\/saint-malo_35288\" target=\"_blank\" rel=\"noopener\">Saint-Malo<\/a>, o\u00f9 un pr\u00e9avis de gr\u00e8ve avait \u00e9t\u00e9 d\u00e9pos\u00e9, le mouvement a \u00e9t\u00e9 bien suivi, selon la CGT.<\/p>\n<p>L\u2019activit\u00e9 perturb\u00e9e<\/p>\n<p class=\" wall-content\">\u00ab On a une dizaine de coll\u00e8gues en gr\u00e8ve toute la journ\u00e9e, les autres font des d\u00e9brayages, indique Magali Mahier, d\u00e9l\u00e9gu\u00e9e syndicale \u00e0 la <a href=\"https:\/\/clinique-cote-emeraude.vivalto-sante.com\/\" target=\"_blank\" rel=\"noopener\">Clinique de la C\u00f4te d\u2019\u00c9meraude<\/a>. On se relaie, pour la s\u00e9curit\u00e9 des patients, de notre propre initiative. Il n\u2019y a pas eu de r\u00e9quisitions. \u00bb<\/p>\n<p class=\" wall-content\">Il n\u2019emp\u00eache que l\u2019activit\u00e9 est tr\u00e8s perturb\u00e9e. \u00ab Tous les m\u00e9decins ont pr\u00e9venu leurs patients en leur laissant le choix de venir ou pas, en pr\u00e9venant qu\u2019il pourrait y avoir des retards. Un ophtalmologue et une gastro-ent\u00e9rologue ont pr\u00e9f\u00e9r\u00e9 annuler tout le programme de leur journ\u00e9e. \u00bb<\/p>\n<p>\u00ab On gagne moins qu\u2019\u00e0 l\u2019h\u00f4pital \u00bb<\/p>\n<p class=\" wall-content\">Par ailleurs, des slogans ont \u00e9t\u00e9 affich\u00e9s dans divers endroits du hall pour informer les patients du mouvement de gr\u00e8ve en cours.<\/p>\n<blockquote class=\"ac-article-quote wall-content\">\n<p>Ils sont \u00e9tonn\u00e9s d\u2019apprendre qu\u2019on gagne moins qu\u2019\u00e0 l\u2019h\u00f4pital. Ils payent des d\u00e9passements d\u2019honoraires et pensent que cela va aux salaires des soignants, or ce n\u2019est vraiment pas le cas.<\/p>\n<p>Magali Mahier, d\u00e9l\u00e9gu\u00e9e syndicale CGT<\/p><\/blockquote>\n<p>Vid\u00e9os : en ce moment sur Actu<\/p>\n<p class=\" wall-content\">D\u2019o\u00f9 la demande d\u2019un \u00ab effort de notre employeur \u00bb.<\/p>\n<p class=\" wall-content\">\u00ab Cela fait au moins trois ans qu\u2019il n\u2019y a pas eu d\u2019augmentation g\u00e9n\u00e9rale. Le S\u00e9gur, c\u2019\u00e9tait de l\u2019argent de l\u2019\u00c9tat. On attend un geste de Vivalto, qui est b\u00e9n\u00e9ficiaire. Chaque ann\u00e9e, on nous renvoie aux NAO annuelles dans chaque \u00e9tablissement, mais les enveloppes ne sont jamais suffisantes et les revalorisations ne concernent que les plus bas salaires. \u00bb<\/p>\n<p>Votre r\u00e9gion, votre actu !<\/p>\n<p>Recevez chaque jour les infos qui comptent pour vous.<\/p>\n<p>\t<a href=\"https:\/\/actu.fr\/newsletter\" class=\"ac-btn ac-btn--corner ac-btn--medium ac-btn--blue800\" target=\"_blank\" rel=\"noopener\">S&rsquo;incrire<\/a><br \/>\n\u00ab On subit tous l\u2019inflation \u00bb<\/p>\n<p class=\" wall-content\">Magali Mahier estime d\u2019ailleurs que le niveau de r\u00e9mun\u00e9ration complique les recrutements. S\u2019y ajoutent \u00ab les jours de fermeture impos\u00e9s en ao\u00fbt et en d\u00e9cembre \u00bb, ce qui avait d\u2019ailleurs cristallis\u00e9 le <a href=\"https:\/\/actu.fr\/bretagne\/saint-malo_35288\/a-saint-malo-le-personnel-en-greve-refuse-la-fermeture-de-la-clinique-en-aout_62337498.html\" target=\"_blank\" rel=\"noopener\">pr\u00e9c\u00e9dent mouvement de gr\u00e8ve<\/a>, au printemps 2025.<\/p>\n<p class=\" wall-content\">\u00ab Partir en vacances hors saison, ce n\u2019est plus possible sauf \u00e0 faire des heures suppl\u00e9mentaires. Tout est r\u00e9uni pour ne pas fid\u00e9liser le personnel. Oui, c\u2019est un travail de vocation, mais on subit tous l\u2019inflation. On a des coll\u00e8gues qui doivent travailler \u00e0 c\u00f4t\u00e9, je trouve \u00e7a navrant. \u00bb<\/p>\n<p class=\" wall-content\">Contact\u00e9e par <a href=\"https:\/\/actu.fr\/le-pays-malouin\/\" target=\"_blank\" rel=\"noopener\">Le Pays Malouin<\/a>, la direction de la Clinique de la C\u00f4te d\u2019\u00c9meraude n\u2019a pas encore r\u00e9pondu \u00e0 notre sollicitation.\u00a0<\/p>\n<p class=\" wall-content\">Personnalisez votre actualit\u00e9 en ajoutant vos villes et m\u00e9dias en favori avec <a href=\"https:\/\/moncompte.actu.fr\" title=\"D\u00e9couvez Mon Actu\" rel=\"nofollow noopener\" data-trk=\"{&quot;cta&quot;:{&quot;action&quot;:&quot;https:\\\/\\\/moncompte.actu.fr&quot;,&quot;category&quot;:&quot;mon compte&quot;,&quot;from&quot;:&quot;article footer&quot;,&quot;name&quot;:&quot;Mon actu&quot;,&quot;type&quot;:&quot;cta&quot;}}\" target=\"_blank\">Mon Actu<\/a>.<\/p>\n","protected":false},"excerpt":{"rendered":"Par Bernadette Ramel Publi\u00e9 le 30 sept. 2025 \u00e0 12h08 L\u2019intersyndicale de Vivalto Sant\u00e9 avait annonc\u00e9 une \u00ab&hellip;\n","protected":false},"author":2,"featured_media":434865,"comment_status":"","ping_status":"","sticky":false,"template":"","format":"standard","meta":{"footnotes":""},"categories":[9587],"tags":[1111,11,1777,674,1011,27,6151,12,5161,25,9590,11254,71,104],"class_list":{"0":"post-434864","1":"post","2":"type-post","3":"status-publish","4":"format-standard","5":"has-post-thumbnail","7":"category-rouen","8":"tag-actu","9":"tag-actualites","10":"tag-eu","11":"tag-europe","12":"tag-fr","13":"tag-france","14":"tag-greve","15":"tag-news","16":"tag-normandie","17":"tag-republique-francaise","18":"tag-rouen","19":"tag-salaires","20":"tag-sante","21":"tag-societe"},"share_on_mastodon":{"url":"https:\/\/pubeurope.com\/@fr\/115307293204186948","error":""},"_links":{"self":[{"href":"https:\/\/www.europesays.com\/fr\/wp-json\/wp\/v2\/posts\/434864","targetHints":{"allow":["GET"]}}],"collection":[{"href":"https:\/\/www.europesays.com\/fr\/wp-json\/wp\/v2\/posts"}],"about":[{"href":"https:\/\/www.europesays.com\/fr\/wp-json\/wp\/v2\/types\/post"}],"author":[{"embeddable":true,"href":"https:\/\/www.europesays.com\/fr\/wp-json\/wp\/v2\/users\/2"}],"replies":[{"embeddable":true,"href":"https:\/\/www.europesays.com\/fr\/wp-json\/wp\/v2\/comments?post=434864"}],"version-history":[{"count":0,"href":"https:\/\/www.europesays.com\/fr\/wp-json\/wp\/v2\/posts\/434864\/revisions"}],"wp:featuredmedia":[{"embeddable":true,"href":"https:\/\/www.europesays.com\/fr\/wp-json\/wp\/v2\/media\/434865"}],"wp:attachment":[{"href":"https:\/\/www.europesays.com\/fr\/wp-json\/wp\/v2\/media?parent=434864"}],"wp:term":[{"taxonomy":"category","embeddable":true,"href":"https:\/\/www.europesays.com\/fr\/wp-json\/wp\/v2\/categories?post=434864"},{"taxonomy":"post_tag","embeddable":true,"href":"https:\/\/www.europesays.com\/fr\/wp-json\/wp\/v2\/tags?post=434864"}],"curies":[{"name":"wp","href":"https:\/\/api.w.org\/{rel}","templated":true}]}}