{"id":434866,"date":"2025-10-03T00:00:34","date_gmt":"2025-10-03T00:00:34","guid":{"rendered":"https:\/\/www.europesays.com\/fr\/434866\/"},"modified":"2025-10-03T00:00:34","modified_gmt":"2025-10-03T00:00:34","slug":"trois-enfants-dont-un-bebe-de-2-mois-legerement-intoxiques-apres-lincendie-dun-immeuble-pres-de-rouen","status":"publish","type":"post","link":"https:\/\/www.europesays.com\/fr\/434866\/","title":{"rendered":"Trois enfants, dont un b\u00e9b\u00e9 de 2 mois, l\u00e9g\u00e8rement intoxiqu\u00e9s apr\u00e8s l&rsquo;incendie d&rsquo;un immeuble pr\u00e8s de Rouen"},"content":{"rendered":"<p class=\"article__intro\">Les pompiers de Seine-Maritime sont intervenus ce mercredi 1er octobre 2025 au Petit-Quevilly (Seine-Maritime) pour un incendie dans un immeuble collectif. Plusieurs personnes, dont des enfants et un nourrisson, ont \u00e9t\u00e9 l\u00e9g\u00e8rement intoxiqu\u00e9s par les fum\u00e9es.<\/p>\n<p>\n      L\u2019actu des r\u00e9gions\n    <\/p>\n<p>\n      Chaque jour, un tour d\u2019horizon des principales infos de toutes les r\u00e9gions.\n    <\/p>\n<p>    France T\u00e9l\u00e9visions utilise votre adresse e-mail afin de vous envoyer la newsletter \u00ab\u00a0L\u2019actu des r\u00e9gions\u00a0\u00bb. Vous pouvez vous d\u00e9sinscrire \u00e0 tout moment via le lien en bas de cette newsletter. <a target=\"_blank\" href=\"https:\/\/www.francetelevisions.fr\/groupe\/confidentialite\/politique-de-confidentialite\/politique-de-confidentialite-de-france-televisions-6503\" rel=\"nofollow noopener\">Notre politique de confidentialit\u00e9<\/a><\/p>\n<p>Il est 20h, ce mercredi 1er octobre, lorsque les pompiers du SDIS 76 re\u00e7oivent un appel pour un feu dans un immeuble collectif. \u00c0 leur arriv\u00e9e, all\u00e9e Henri Matisse au Petit-Quevilly, pr\u00e8s de Rouen, ils constatent un important d\u00e9gagement de fum\u00e9e depuis un appartement situ\u00e9 au 5\u00e8me \u00e9tage.<\/p>\n<p>Six engins et 22 sapeurs-pompiers sont d\u00e9ploy\u00e9s. La police est \u00e9galement sur place.<\/p>\n<\/p>\n<p>L\u2019intervention a pris fin vers 22h, une fois la ventilation et le r\u00e9seau de mesures dans les communs termin\u00e9s.<\/p>\n<p>Quatre personnes de l\u2019appartement sinistr\u00e9 vont devoir \u00eatre relog\u00e9s. Il s\u2019agit d\u2019une femme de 36 ans, d\u2019un nouveau-n\u00e9 de 2 mois, et d\u2019une fillette et d\u2019un gar\u00e7on tous deux \u00e2g\u00e9s de 4 ans. Ils ont \u00e9t\u00e9 l\u00e9g\u00e8rement intoxiqu\u00e9s et transport\u00e9s sur le Centre Hospitalier des Feugrais \u00e0 Elbeuf.<\/p>\n<p>Trois autres personnes ont \u00e9galement \u00e9t\u00e9 l\u00e9g\u00e8rement intoxiqu\u00e9es et transport\u00e9es en urgence relative \u00e0 l&rsquo;H\u00f4pital Saint-Julien du Petit-Quevilly. Il s\u2019agit d\u2019un homme de 26 ans, et deux femmes de 21 ans et 56 ans.<\/p>\n","protected":false},"excerpt":{"rendered":"Les pompiers de Seine-Maritime sont intervenus ce mercredi 1er octobre 2025 au Petit-Quevilly (Seine-Maritime) pour un incendie dans&hellip;\n","protected":false},"author":2,"featured_media":394624,"comment_status":"","ping_status":"","sticky":false,"template":"","format":"standard","meta":{"footnotes":""},"categories":[9587],"tags":[1111,11,1777,674,1011,27,12,5161,25,9590],"class_list":{"0":"post-434866","1":"post","2":"type-post","3":"status-publish","4":"format-standard","5":"has-post-thumbnail","7":"category-rouen","8":"tag-actu","9":"tag-actualites","10":"tag-eu","11":"tag-europe","12":"tag-fr","13":"tag-france","14":"tag-news","15":"tag-normandie","16":"tag-republique-francaise","17":"tag-rouen"},"share_on_mastodon":{"url":"https:\/\/pubeurope.com\/@fr\/115307297150046354","error":""},"_links":{"self":[{"href":"https:\/\/www.europesays.com\/fr\/wp-json\/wp\/v2\/posts\/434866","targetHints":{"allow":["GET"]}}],"collection":[{"href":"https:\/\/www.europesays.com\/fr\/wp-json\/wp\/v2\/posts"}],"about":[{"href":"https:\/\/www.europesays.com\/fr\/wp-json\/wp\/v2\/types\/post"}],"author":[{"embeddable":true,"href":"https:\/\/www.europesays.com\/fr\/wp-json\/wp\/v2\/users\/2"}],"replies":[{"embeddable":true,"href":"https:\/\/www.europesays.com\/fr\/wp-json\/wp\/v2\/comments?post=434866"}],"version-history":[{"count":0,"href":"https:\/\/www.europesays.com\/fr\/wp-json\/wp\/v2\/posts\/434866\/revisions"}],"wp:featuredmedia":[{"embeddable":true,"href":"https:\/\/www.europesays.com\/fr\/wp-json\/wp\/v2\/media\/394624"}],"wp:attachment":[{"href":"https:\/\/www.europesays.com\/fr\/wp-json\/wp\/v2\/media?parent=434866"}],"wp:term":[{"taxonomy":"category","embeddable":true,"href":"https:\/\/www.europesays.com\/fr\/wp-json\/wp\/v2\/categories?post=434866"},{"taxonomy":"post_tag","embeddable":true,"href":"https:\/\/www.europesays.com\/fr\/wp-json\/wp\/v2\/tags?post=434866"}],"curies":[{"name":"wp","href":"https:\/\/api.w.org\/{rel}","templated":true}]}}