{"id":434867,"date":"2025-10-03T00:01:23","date_gmt":"2025-10-03T00:01:23","guid":{"rendered":"https:\/\/www.europesays.com\/fr\/434867\/"},"modified":"2025-10-03T00:01:23","modified_gmt":"2025-10-03T00:01:23","slug":"isere-un-pilote-davion-contraint-datterrir-en-urgence-dans-un-champ-a-gieres-laeronef-devrait-etre-treuille-par-helicoptere","status":"publish","type":"post","link":"https:\/\/www.europesays.com\/fr\/434867\/","title":{"rendered":"Is\u00e8re. Un pilote d\u2019avion contraint d\u2019atterrir en urgence dans un champ \u00e0 Gi\u00e8res, l&rsquo;a\u00e9ronef devrait \u00eatre\u00a0treuill\u00e9 par h\u00e9licopt\u00e8re"},"content":{"rendered":"<p>Le pilote d\u2019un avion de tourisme, parti de Lesparre-M\u00e9doc en Gironde dans le but de rejoindre l\u2019a\u00e9rodrome du Versoud, a connu une avarie du moteur dont on ignore l\u2019origine alors qu\u2019il se rapprochait de son point d\u2019arriv\u00e9e, vers 19\u00a0h\u00a030, ce mercredi 1er\u00a0octobre.<\/p>\n<p>Il a donc \u00e9t\u00e9 contraint d\u2019op\u00e9rer un atterrissage d\u2019urgence et a r\u00e9ussi \u00e0 poser son appareil dans un champ, \u00e0 Gi\u00e8res, quasiment sans dommages. Seul \u00e0 bord, il en est sorti indemne.<\/p>\n<p>L&rsquo;a\u00e9ronef ramen\u00e9 sur l\u2019a\u00e9rodrome du Versoud\u00a0par h\u00e9licopt\u00e8re<\/p>\n<p>Apr\u00e8s avoir obtenu les autorisations n\u00e9cessaires, il devrait voir son a\u00e9ronef treuill\u00e9 par un h\u00e9licopt\u00e8re, ce vendredi en d\u00e9but d\u2019apr\u00e8s-midi, pour \u00eatre ramen\u00e9 sur l\u2019a\u00e9rodrome du Versoud.<\/p>\n<p>Ce contenu est bloqu\u00e9 car vous n&rsquo;avez pas accept\u00e9 les cookies et autres traceurs.<\/p>\n<p>En cliquant sur \u00ab J\u2019accepte \u00bb, les cookies et autres traceurs seront d\u00e9pos\u00e9s et vous pourrez visualiser les contenus  (<a href=\"\" class=\"consentModule_policy\" target=\"_blank\" title=\"Consulter la politique de protection des donn\u00e9es du fournisseur\">plus d&rsquo;informations<\/a>).<\/p>\n<p>En cliquant sur \u00ab J\u2019accepte tous les cookies \u00bb, vous autorisez des d\u00e9p\u00f4ts de cookies et autres traceurs pour le stockage de vos donn\u00e9es sur nos sites et applications \u00e0 des fins de personnalisation et de ciblage publicitaire.<\/p>\n<p class=\"consentModule_secondaryText\">Vous gardez la possibilit\u00e9 de retirer votre consentement \u00e0 tout moment en consultant notre <a href=\"https:\/\/www.ledauphine.com\/protection-des-donnees\" target=\"_blank\" title=\"Consulter notre politique de protection des donn\u00e9es\" rel=\"noopener\">politique de protection des donn\u00e9es<\/a>. <br \/>&#13;<br \/>\n            <a href=\"https:\/\/www.ledauphine.com\/faits-divers-justice\/2025\/10\/02\/javascript:Didomi.notice.show()\" class=\"consentModule_cmp\" target=\"_blank\" rel=\"noopener\">G\u00e9rer mes choix<\/a>&#13;\n        <\/p>\n<p>&#13;<br \/>\n                        J&rsquo;accepte&#13;<br \/>\n            J&rsquo;accepte tous les cookies&#13;\n        <\/p>\n","protected":false},"excerpt":{"rendered":"Le pilote d\u2019un avion de tourisme, parti de Lesparre-M\u00e9doc en Gironde dans le but de rejoindre l\u2019a\u00e9rodrome du&hellip;\n","protected":false},"author":2,"featured_media":434868,"comment_status":"","ping_status":"","sticky":false,"template":"","format":"standard","meta":{"footnotes":""},"categories":[9566],"tags":[119,1111,11,2430,112,113,1777,674,274,107,1011,27,12505,2731,108,7000,12203,12,25],"class_list":{"0":"post-434867","1":"post","2":"type-post","3":"status-publish","4":"format-standard","5":"has-post-thumbnail","7":"category-grenoble","8":"tag-accident","9":"tag-actu","10":"tag-actualites","11":"tag-auvergne-rhone-alpes","12":"tag-edition-grenoble-agglomeration","13":"tag-edition-gresivaudan-oisans","14":"tag-eu","15":"tag-europe","16":"tag-faits-divers-justice","17":"tag-fil-info","18":"tag-fr","19":"tag-france","20":"tag-gieres","21":"tag-grenoble","22":"tag-isere","23":"tag-lagglomeration","24":"tag-le-versoud","25":"tag-news","26":"tag-republique-francaise"},"share_on_mastodon":{"url":"https:\/\/pubeurope.com\/@fr\/115307301244869688","error":""},"_links":{"self":[{"href":"https:\/\/www.europesays.com\/fr\/wp-json\/wp\/v2\/posts\/434867","targetHints":{"allow":["GET"]}}],"collection":[{"href":"https:\/\/www.europesays.com\/fr\/wp-json\/wp\/v2\/posts"}],"about":[{"href":"https:\/\/www.europesays.com\/fr\/wp-json\/wp\/v2\/types\/post"}],"author":[{"embeddable":true,"href":"https:\/\/www.europesays.com\/fr\/wp-json\/wp\/v2\/users\/2"}],"replies":[{"embeddable":true,"href":"https:\/\/www.europesays.com\/fr\/wp-json\/wp\/v2\/comments?post=434867"}],"version-history":[{"count":0,"href":"https:\/\/www.europesays.com\/fr\/wp-json\/wp\/v2\/posts\/434867\/revisions"}],"wp:featuredmedia":[{"embeddable":true,"href":"https:\/\/www.europesays.com\/fr\/wp-json\/wp\/v2\/media\/434868"}],"wp:attachment":[{"href":"https:\/\/www.europesays.com\/fr\/wp-json\/wp\/v2\/media?parent=434867"}],"wp:term":[{"taxonomy":"category","embeddable":true,"href":"https:\/\/www.europesays.com\/fr\/wp-json\/wp\/v2\/categories?post=434867"},{"taxonomy":"post_tag","embeddable":true,"href":"https:\/\/www.europesays.com\/fr\/wp-json\/wp\/v2\/tags?post=434867"}],"curies":[{"name":"wp","href":"https:\/\/api.w.org\/{rel}","templated":true}]}}