{"id":434875,"date":"2025-10-03T00:05:19","date_gmt":"2025-10-03T00:05:19","guid":{"rendered":"https:\/\/www.europesays.com\/fr\/434875\/"},"modified":"2025-10-03T00:05:19","modified_gmt":"2025-10-03T00:05:19","slug":"lexpo-exceptionnelle-toutankhamon-revient-a-1h30-de-strasbourg","status":"publish","type":"post","link":"https:\/\/www.europesays.com\/fr\/434875\/","title":{"rendered":"l\u2019expo exceptionnelle \u00ab Tout\u00e2nkhamon \u00bb revient \u00e0 1h30 de Strasbourg"},"content":{"rendered":"<p>    <img loading=\"lazy\" width=\"1800\" height=\"900\" src=\"https:\/\/www.europesays.com\/fr\/wp-content\/uploads\/2025\/08\/jeanne-callthepolice.jpg\" class=\"attachment-full size-full\" alt=\"\" id=\"imageLove\" decoding=\"async\"  \/><\/p>\n<p id=\"breadcrumbs\"><a href=\"https:\/\/pokaa.fr\/\" rel=\"nofollow noopener\" target=\"_blank\">Accueil<\/a> \/ <a href=\"https:\/\/pokaa.fr\/categories\/ses-sorties\/\" rel=\"nofollow noopener\" target=\"_blank\">Sorties<\/a> \/ Direction l\u2019\u00c9gypte : l\u2019expo exceptionnelle \u00ab Tout\u00e2nkhamon \u00bb revient \u00e0 1h30 de Strasbourg<\/p>\n<p>                    Sorties<\/p>\n<p>Envie de (re)marcher dans les pas de l\u2019explorateur Howard Carter, qui a <strong>d\u00e9couvert le plus c\u00e9l\u00e8bre tombeau du monde<\/strong> il y a de cela un si\u00e8cle\u00a0? <strong>D\u00e8s le 3 octobre, direction Metz, \u00e0 1h30 de Strasbourg en train.\u00a0<\/strong><\/p>\n<p>L\u2019exposition, qui a fait vibrer nos contr\u00e9es l\u2019an dernier, repointe le bout de son nez tout pr\u00e8s de chez nous. <strong>De quoi se rattraper pour celles et ceux qui ont manqu\u00e9 le coche, ou refaire un coucou \u00e0 son poto Tout\u00e2nkhamon<\/strong> \u2013 enfin, sa r\u00e9plique.<\/p>\n<p>                <img width=\"749\" height=\"500\" src=\"https:\/\/www.europesays.com\/fr\/wp-content\/uploads\/2025\/10\/toutankhamon-tempora-trenteseptfr-4-scaled-1-749x500.jpg\" class=\"attachment-gallery size-gallery\" alt=\"TOUTANKHAMON_\u00a9Tempora_\u00a9trentesept.fr-4-scaled\" data-full-url=\"https:\/\/pokaa.fr\/wp-content\/uploads\/2023\/06\/toutankhamon-tempora-trenteseptfr-4-scaled-1.jpg\" decoding=\"async\" loading=\"lazy\"  \/>            <\/p>\n<p>                <img width=\"749\" height=\"500\" src=\"https:\/\/www.europesays.com\/fr\/wp-content\/uploads\/2025\/10\/expotoutankhamon-5996-scaled-1-749x500.jpeg\" class=\"attachment-gallery size-gallery\" alt=\"ExpoToutankhamon-5996-scaled\" data-full-url=\"https:\/\/pokaa.fr\/wp-content\/uploads\/2023\/06\/expotoutankhamon-5996-scaled-1.jpeg\" decoding=\"async\" loading=\"lazy\"  \/>            <\/p>\n<p>                    \u00a9 Tempora et \u00a9 trentesept.fr \/ Documents remis<\/p>\n<p>Le tombeau recr\u00e9\u00e9 dans les moindres d\u00e9tails<\/p>\n<p>Les trois chambres fun\u00e9raires d\u00e9couvertes par Howard Carter ont \u00e9t\u00e9 reconstitu\u00e9es au d\u00e9tail pr\u00e8s, pour nous plonger dans la peau de l\u2019explorateur. Ceci avec <strong>242 r\u00e9pliques des ateliers du Mus\u00e9e du Caire, fabriqu\u00e9es selon les proc\u00e9d\u00e9s d\u2019il y a plus de 3000 ans.<\/strong><\/p>\n<p>                <img width=\"749\" height=\"500\" src=\"https:\/\/www.europesays.com\/fr\/wp-content\/uploads\/2025\/10\/toutankhamon-tempora-trenteseptfr-14-scaled-2-749x500.jpg\" class=\"attachment-gallery size-gallery\" alt=\"TOUTANKHAMON_\u00a9Tempora_\u00a9trentesept.fr-14-scaled\" data-full-url=\"https:\/\/pokaa.fr\/wp-content\/uploads\/2023\/06\/toutankhamon-tempora-trenteseptfr-14-scaled-2.jpg\" decoding=\"async\" loading=\"lazy\"  \/>            <\/p>\n<p>                <img width=\"749\" height=\"500\" src=\"https:\/\/www.europesays.com\/fr\/wp-content\/uploads\/2025\/10\/toutankhamon-tempora-trenteseptfr-13-scaled-1-749x500.jpg\" class=\"attachment-gallery size-gallery\" alt=\"TOUTANKHAMON_\u00a9Tempora_\u00a9trentesept.fr-13-scaled\" data-full-url=\"https:\/\/pokaa.fr\/wp-content\/uploads\/2023\/06\/toutankhamon-tempora-trenteseptfr-13-scaled-1.jpg\" decoding=\"async\" loading=\"lazy\"  \/>            <\/p>\n<p>                    \u00a9Tempora et \u00a9 trentesept.fr \/ Documents remis<\/p>\n<p>Des peintures murales, des \u00e9critures et m\u00eame des moisissures le long des murs ont \u00e9t\u00e9 recr\u00e9\u00e9es, pour une immersion totale garantie. L\u2019occasion de se payer une petite balade chez nos ami(e)s en Lorraine, avant de <strong>voyager quelques mill\u00e9naires en arri\u00e8re.\u00a0<\/strong><\/p>\n<p><strong>Pour en profiter et en savoir plus, <a href=\"https:\/\/expo-toutankhamon.com\/exposition-toutankhamon\/\" target=\"_blank\" rel=\"noopener nofollow\">rendez-vous ici<\/a> !\u00a0<\/strong><\/p>\n<p>            \u00ab Tout\u00e2nkhamon. \u00c0 la d\u00e9couverte du pharaon oubli\u00e9 \u00bb<\/p>\n<p>            Quoi ? <\/p>\n<p>Exposition<\/p>\n<p>                Quand ?<\/p>\n<p>\u00c0 partir du 3 octobre 2025<\/p>\n<p>            o\u00f9 ?<\/p>\n<p>Metz Congr\u00e8s Robert-Schuman, 100 rue aux Ar\u00e8nes, 57000 Metz<\/p>\n<p>                Plus d&rsquo;infos ?<\/p>\n<p><a href=\"https:\/\/expo-toutankhamon.com\/exposition-toutankhamon\/\" target=\"_blank\" rel=\"noopener nofollow\">Site web et r\u00e9servation<\/a><\/p>\n<p>    <img width=\"800\" height=\"534\" src=\"https:\/\/www.europesays.com\/fr\/wp-content\/uploads\/2025\/10\/toutankhamon-tempora-trenteseptfr-5-scaled-1-800x534.jpg\" class=\"attachment-image-size-L size-image-size-L\" alt=\"TOUTANKHAMON_\u00a9Tempora_\u00a9trentesept.fr-5-scaled\" decoding=\"async\" loading=\"lazy\"  \/>         \u00a9 Tempora et \u00a9 trentesept.fr \/ Document remis <\/p>\n","protected":false},"excerpt":{"rendered":"Accueil \/ Sorties \/ Direction l\u2019\u00c9gypte : l\u2019expo exceptionnelle \u00ab Tout\u00e2nkhamon \u00bb revient \u00e0 1h30 de Strasbourg Sorties&hellip;\n","protected":false},"author":2,"featured_media":434876,"comment_status":"","ping_status":"","sticky":false,"template":"","format":"standard","meta":{"footnotes":""},"categories":[2820],"tags":[1111,11,4303,1777,674,3293,1011,27,775,6212,12,25,640,56237],"class_list":{"0":"post-434875","1":"post","2":"type-post","3":"status-publish","4":"format-standard","5":"has-post-thumbnail","7":"category-strasbourg","8":"tag-actu","9":"tag-actualites","10":"tag-egypte","11":"tag-eu","12":"tag-europe","13":"tag-exposition","14":"tag-fr","15":"tag-france","16":"tag-grand-est","17":"tag-metz","18":"tag-news","19":"tag-republique-francaise","20":"tag-strasbourg","21":"tag-toutankhamon"},"share_on_mastodon":{"url":"https:\/\/pubeurope.com\/@fr\/115307317710971882","error":""},"_links":{"self":[{"href":"https:\/\/www.europesays.com\/fr\/wp-json\/wp\/v2\/posts\/434875","targetHints":{"allow":["GET"]}}],"collection":[{"href":"https:\/\/www.europesays.com\/fr\/wp-json\/wp\/v2\/posts"}],"about":[{"href":"https:\/\/www.europesays.com\/fr\/wp-json\/wp\/v2\/types\/post"}],"author":[{"embeddable":true,"href":"https:\/\/www.europesays.com\/fr\/wp-json\/wp\/v2\/users\/2"}],"replies":[{"embeddable":true,"href":"https:\/\/www.europesays.com\/fr\/wp-json\/wp\/v2\/comments?post=434875"}],"version-history":[{"count":0,"href":"https:\/\/www.europesays.com\/fr\/wp-json\/wp\/v2\/posts\/434875\/revisions"}],"wp:featuredmedia":[{"embeddable":true,"href":"https:\/\/www.europesays.com\/fr\/wp-json\/wp\/v2\/media\/434876"}],"wp:attachment":[{"href":"https:\/\/www.europesays.com\/fr\/wp-json\/wp\/v2\/media?parent=434875"}],"wp:term":[{"taxonomy":"category","embeddable":true,"href":"https:\/\/www.europesays.com\/fr\/wp-json\/wp\/v2\/categories?post=434875"},{"taxonomy":"post_tag","embeddable":true,"href":"https:\/\/www.europesays.com\/fr\/wp-json\/wp\/v2\/tags?post=434875"}],"curies":[{"name":"wp","href":"https:\/\/api.w.org\/{rel}","templated":true}]}}