{"id":434877,"date":"2025-10-03T00:06:23","date_gmt":"2025-10-03T00:06:23","guid":{"rendered":"https:\/\/www.europesays.com\/fr\/434877\/"},"modified":"2025-10-03T00:06:23","modified_gmt":"2025-10-03T00:06:23","slug":"avant-18-mois-de-travaux-le-cine-invite-strasbourg-a-faire-la-fete","status":"publish","type":"post","link":"https:\/\/www.europesays.com\/fr\/434877\/","title":{"rendered":"avant 18 mois de travaux, le cin\u00e9 invite Strasbourg \u00e0 faire la f\u00eate"},"content":{"rendered":"<p>    <img loading=\"lazy\" width=\"1800\" height=\"900\" src=\"https:\/\/www.europesays.com\/fr\/wp-content\/uploads\/2025\/08\/jeanne-callthepolice.jpg\" class=\"attachment-full size-full\" alt=\"\" id=\"imageLove\" decoding=\"async\"  \/><\/p>\n<p id=\"breadcrumbs\"><a href=\"https:\/\/pokaa.fr\/\" target=\"_blank\" rel=\"noopener\">Accueil<\/a> \/ <a href=\"https:\/\/pokaa.fr\/categories\/ses-sorties\/\" target=\"_blank\" rel=\"noopener\">Sorties<\/a> \/ Fermeture du Saint-Ex : avant 18 mois de travaux, le cin\u00e9 invite Strasbourg \u00e0 faire la f\u00eate<\/p>\n<p>                    Sorties<\/p>\n<p><b>Le dimanche 5 octobre, le cin\u00e9ma Star Saint-Exup\u00e9ry organise son \u00ab Grand Finissage \u00bb. L\u2019occasion pour l\u2019\u00e9quipe et les Strasbourgeois(es) attach\u00e9(e)s au lieu de lui dire au revoir, avant 18 mois de travaux et une r\u00e9ouverture pr\u00e9vue en 2027. Verre de l\u2019amiti\u00e9, film, musiques et bulles, la f\u00eate s\u2019annonce belle.<\/b><\/p>\n<p class=\"p1\">\u00ab\u00a0So long, farewell, auf wiedersehen, goodbye. \u00bb\u00a0La musique de La M\u00e9lodie du Bonheur, <a href=\"https:\/\/www.youtube.com\/watch?v=EnSCRSmEMcE\" target=\"_blank\" rel=\"noopener\">\u00e9galement reprise dans Ted Lasso<\/a>, ne pourrait \u00eatre mieux d\u00e9sign\u00e9e pour les derniers moments du Star Saint-Exup\u00e9ry. <b>Car le cin\u00e9ma de la rue du 22-Novembre ferme ses portes en ce mois d\u2019octobre, pour des travaux qui vont durer 18 mois<\/b>. Mais heureusement pour toutes les personnes qui aiment ce lieu, ce n\u2019est pas un adieu, mais bien un au revoir.<\/p>\n<p class=\"p1\"><b>Nouvelle entr\u00e9e rue de la Vignette, b\u00e2timent aux normes, plus attractif et moderne avec une fa\u00e7ade compl\u00e8tement retap\u00e9e<\/b>, les travaux seront nombreux au sein du b\u00e2timent. Avec un objectif : en faire le plus grand cin\u00e9ma d\u2019art et essai de France.<\/p>\n<p>    <img width=\"800\" height=\"600\" src=\"https:\/\/www.europesays.com\/fr\/wp-content\/uploads\/2025\/09\/img-4797-800x600.jpeg\" class=\"attachment-image-size-L size-image-size-L\" alt=\"cin\u00e9ma star saint ex\" decoding=\"async\" loading=\"lazy\"  \/>         \u00a9 Nicolas Kaspar \/ Pokaa <\/p>\n<p>                <img width=\"727\" height=\"500\" src=\"https:\/\/www.europesays.com\/fr\/wp-content\/uploads\/2025\/10\/18-rue-du-22-novembredrlw-architectes-727x500.jpg\" class=\"attachment-gallery size-gallery\" alt=\"18 rue du 22 Novembre\u00a9DRLW Architectes\" data-full-url=\"https:\/\/pokaa.fr\/wp-content\/uploads\/2025\/04\/28\/18-rue-du-22-novembredrlw-architectes.jpg\" decoding=\"async\" loading=\"lazy\"  \/>            <\/p>\n<p>                <img width=\"667\" height=\"500\" src=\"https:\/\/www.europesays.com\/fr\/wp-content\/uploads\/2025\/07\/vignette-indadrlw-architectes-667x500.jpg\" class=\"attachment-gallery size-gallery\" alt=\"star saint ex\" data-full-url=\"https:\/\/pokaa.fr\/wp-content\/uploads\/2025\/04\/28\/vignette-indadrlw-architectes.jpg\" decoding=\"async\" loading=\"lazy\"  \/>            <\/p>\n<p>                <img width=\"885\" height=\"500\" src=\"https:\/\/www.europesays.com\/fr\/wp-content\/uploads\/2025\/10\/cinema-halldrlw-architectes-885x500.jpg\" class=\"attachment-gallery size-gallery\" alt=\"Cinema hall\u00a9DRLW Architectes\" data-full-url=\"https:\/\/pokaa.fr\/wp-content\/uploads\/2025\/04\/28\/cinema-halldrlw-architectes.jpg\" decoding=\"async\" loading=\"lazy\"  \/>            <\/p>\n<p>                    \u00a9 DRLW Architectes \/ Documents remis<\/p>\n<p>Un \u00ab\u00a0Grand Finissage\u00a0\u00bb, entre verre de l\u2019amiti\u00e9, bulles et long m\u00e9trage<\/p>\n<p>Ce 5 octobre, il s\u2019agira pour l\u2019\u00e9quipe des cin\u00e9mas Star et les Strasbourgeois(es) de se r\u00e9unir une derni\u00e8re fois au Saint-Ex tel qu\u2019on le conna\u00eet aujourd\u2019hui, <b>lors d\u2019un \u00ab\u00a0Grand Finissage\u00a0\u00bb pour trinquer \u00e0 la sant\u00e9 du lieu<\/b>. La soir\u00e9e d\u00e9butera par un verre de l\u2019amiti\u00e9 \u00e0 18h30, avant de se poursuivre par le visionnage de The Party (1969).<\/p>\n<p>                <a href=\"https:\/\/pokaa.fr\/2025\/04\/28\/grand-projet-strasbourgeois-le-cinema-saint-ex-va-fermer-ses-portes-pour-18-mois\/\" target=\"_blank\" rel=\"noopener\"><br \/>\n                    <img width=\"450\" height=\"270\" src=\"https:\/\/www.europesays.com\/fr\/wp-content\/uploads\/2025\/06\/img-8515-grande-450x270.jpeg\" class=\"attachment-card-horizontal--same-subject size-card-horizontal--same-subject wp-post-image\" alt=\"\" decoding=\"async\" loading=\"lazy\"\/>                <\/a><\/p>\n<p class=\"p1\">Le film de Blake Edwards raconte l\u2019histoire d\u2019un acteur indien qui, apr\u00e8s avoir d\u00e9truit un d\u00e9cor co\u00fbteux d\u2019un film, se retrouve invit\u00e9 par maladresse \u00e0 la soir\u00e9e annuelle du studio hollywoodien qui voulait l\u2019inscrire sur une liste noire. Une f\u00eate dans une f\u00eate, et une mise en ab\u00eeme caract\u00e9ristique des programmations des cin\u00e9mas Star. <b>La soir\u00e9e se poursuivra ensuite \u00e0 22h avec de la musique et des bulles, dans le plus pur souvenir des soir\u00e9es SplitMix<\/b>, qui ont inscrit pour toujours le lieu dans l\u2019imaginaire des Strasbourgeois(es). Pour prendre ses billets, <a href=\"https:\/\/www.cinema-star.com\/saint-exupery\/reserver\/F629842\/D1759687200\/VO\/\" target=\"_blank\" rel=\"noopener\">c\u2019est par ici<\/a>.<\/p>\n<p class=\"p1\"><strong>Une fois les v\u00eatements mouill\u00e9s, ce seront sans doute les yeux qui prendront le relais, quand il s\u2019agira de quitter les lieux et de leur dire au revoir pour 18 mois. Mais dans l\u2019intervalle, l\u2019aventure se poursuivra au Star avec une partie de la programmation qui d\u00e9m\u00e9nage dans ce deuxi\u00e8me cin\u00e9ma.\u00a0<\/strong><\/p>\n<p>    <img width=\"800\" height=\"600\" src=\"https:\/\/www.europesays.com\/fr\/wp-content\/uploads\/2025\/10\/img-9440-800x600.jpeg\" class=\"attachment-image-size-L size-image-size-L\" alt=\"rue du jeu des enfants star saint ex\" decoding=\"async\" loading=\"lazy\"  \/>         L&rsquo;aventure se poursuivra au Star. \u00a9 Anthony Jilli \/ Pokaa <\/p>\n<p>            Le Grand Finissage du St-Ex : The Party<\/p>\n<p>            Quoi ? <\/p>\n<p>Soir\u00e9e de cl\u00f4ture du Saint-Ex, avant sa fermeture pour 18 mois de travaux<\/p>\n<p>                Quand ?<\/p>\n<p>Le dimanche 5 octobre, \u00e0 partir de 18h30<\/p>\n<p>            o\u00f9 ?<\/p>\n<p>Cin\u00e9ma Star Saint-Ex, 18 rue du 22-Novembre, \u00e0 Strasbourg<\/p>\n<p>                Plus d&rsquo;infos ?<\/p>\n<p><a href=\"https:\/\/www.cinema-star.com\/saint-exupery\/reserver\/F629842\/D1759687200\/VO\/\" target=\"_blank\" rel=\"noopener\">La billetterie<\/a><\/p>\n","protected":false},"excerpt":{"rendered":"Accueil \/ Sorties \/ Fermeture du Saint-Ex : avant 18 mois de travaux, le cin\u00e9 invite Strasbourg \u00e0&hellip;\n","protected":false},"author":2,"featured_media":434878,"comment_status":"","ping_status":"","sticky":false,"template":"","format":"standard","meta":{"footnotes":""},"categories":[2820],"tags":[1111,11,56238,1777,674,1011,27,775,12,25,974,56239,40864,640,2086],"class_list":{"0":"post-434877","1":"post","2":"type-post","3":"status-publish","4":"format-standard","5":"has-post-thumbnail","7":"category-strasbourg","8":"tag-actu","9":"tag-actualites","10":"tag-cinemas-star","11":"tag-eu","12":"tag-europe","13":"tag-fr","14":"tag-france","15":"tag-grand-est","16":"tag-news","17":"tag-republique-francaise","18":"tag-star","19":"tag-star-saint-ex","20":"tag-star-saint-exupery","21":"tag-strasbourg","22":"tag-travaux"},"share_on_mastodon":{"url":"https:\/\/pubeurope.com\/@fr\/115307321025869144","error":""},"_links":{"self":[{"href":"https:\/\/www.europesays.com\/fr\/wp-json\/wp\/v2\/posts\/434877","targetHints":{"allow":["GET"]}}],"collection":[{"href":"https:\/\/www.europesays.com\/fr\/wp-json\/wp\/v2\/posts"}],"about":[{"href":"https:\/\/www.europesays.com\/fr\/wp-json\/wp\/v2\/types\/post"}],"author":[{"embeddable":true,"href":"https:\/\/www.europesays.com\/fr\/wp-json\/wp\/v2\/users\/2"}],"replies":[{"embeddable":true,"href":"https:\/\/www.europesays.com\/fr\/wp-json\/wp\/v2\/comments?post=434877"}],"version-history":[{"count":0,"href":"https:\/\/www.europesays.com\/fr\/wp-json\/wp\/v2\/posts\/434877\/revisions"}],"wp:featuredmedia":[{"embeddable":true,"href":"https:\/\/www.europesays.com\/fr\/wp-json\/wp\/v2\/media\/434878"}],"wp:attachment":[{"href":"https:\/\/www.europesays.com\/fr\/wp-json\/wp\/v2\/media?parent=434877"}],"wp:term":[{"taxonomy":"category","embeddable":true,"href":"https:\/\/www.europesays.com\/fr\/wp-json\/wp\/v2\/categories?post=434877"},{"taxonomy":"post_tag","embeddable":true,"href":"https:\/\/www.europesays.com\/fr\/wp-json\/wp\/v2\/tags?post=434877"}],"curies":[{"name":"wp","href":"https:\/\/api.w.org\/{rel}","templated":true}]}}