{"id":434881,"date":"2025-10-03T00:08:11","date_gmt":"2025-10-03T00:08:11","guid":{"rendered":"https:\/\/www.europesays.com\/fr\/434881\/"},"modified":"2025-10-03T00:08:11","modified_gmt":"2025-10-03T00:08:11","slug":"previsions-du-vendredi-3-octobre-2025-3","status":"publish","type":"post","link":"https:\/\/www.europesays.com\/fr\/434881\/","title":{"rendered":"pr\u00e9visions du vendredi 3 octobre 2025"},"content":{"rendered":"<p class=\"mb-4 text-lg md:leading-8 break-words\"><strong>M\u00e9t\u00e9o &#8211; Le soleil appara\u00eet l\u00e9g\u00e8rement aujourd&rsquo;hui. Ces \u00e9claircies devraient r\u00e9jouir les habitants. Les temp\u00e9ratures seront de 15\u00b0C le matin et de 17\u00b0C l&rsquo;apr\u00e8s-midi&#8230;<\/strong><\/p>\n<p class=\"mb-4 text-lg md:leading-8 break-words\">\u00c0 Nice, les temp\u00e9ratures seront de 14\u00b0C au plus bas et de 17\u00b0C au plus haut la journ\u00e9e. Une l\u00e9g\u00e8re brise de sud-est sera ressentie par les habitants. Des averses sont \u00e0 pr\u00e9voir le matin. La ville sera de temps \u00e0 autre sous la pluie. Le mercure affichera 15\u00b0C en moyenne. Petits et grands pourront appr\u00e9cier leur apr\u00e8s-midi sous un ciel un peu nuageux. Les valeurs s&rsquo;\u00e9chelonneront entre 16 et 17\u00b0C. Les temp\u00e9ratures afficheront entre 15\u00b0C et 16\u00b0C dans la soir\u00e9e. Pour les passionn\u00e9s d&rsquo;astronomie, sachez que la nuit sera pluvieuse.<\/p>\n<p class=\"mb-4 text-lg md:leading-8 break-words\">Demain, c&rsquo;est une hausse de quelques degr\u00e9s que vont conna\u00eetre les temp\u00e9ratures dans la ville de Nice. Il va faire 17\u00b0C en moyenne. Le matin, le soleil sera dissimul\u00e9 derri\u00e8re des nuages. Il faudra emporter son parapluie pour \u00e9viter les pluies \u00e9parses. Les valeurs seront comprises entre 14 et 18\u00b0C. Un vent de nord-est rafra\u00eechira l\u00e9g\u00e8rement l&rsquo;atmosph\u00e8re. Demain apr\u00e8s-midi, le soleil va peu \u00e0 peu remplacer les nuages. Les temp\u00e9ratures s&rsquo;\u00e9chelonneront de 17 \u00e0 19\u00b0C. Le soleil manquera demain soir, car le ciel sera couvert par des nuages. Il va pleuvoir. Un vent de sud-ouest soufflera l\u00e9g\u00e8rement.<\/p>\n<p class=\"mb-4 text-lg md:leading-8 break-words\">Les conditions m\u00e9t\u00e9orologiques des jours qui suivent vont \u00e9voluer progressivement. Le temps perdurera dimanche mais une d\u00e9gradation s&rsquo;ensuivra lundi.<\/p>\n<p class=\"mb-4 text-lg md:leading-8 break-words\"><a href=\"https:\/\/www.20minutes.fr\/planete\/previsions-meteo\/4176858-20251003-meteo-nice-previsions-vendredi-3-octobre-2025?at_medium=RSS%20feed&amp;at_campaign=ynews&amp;utm_source=yahoo&amp;utm_medium=rss&amp;utm_campaign=news_feed&amp;utm_content=read_more_link&quot;\" rel=\"nofollow noopener\" target=\"_blank\" data-ylk=\"slk:Lire la suite sur 20minutes;elm:context_link;itc:0;sec:content-canvas\" class=\"link \">Lire la suite sur 20minutes<\/a><\/p>\n","protected":false},"excerpt":{"rendered":"M\u00e9t\u00e9o &#8211; Le soleil appara\u00eet l\u00e9g\u00e8rement aujourd&rsquo;hui. Ces \u00e9claircies devraient r\u00e9jouir les habitants. Les temp\u00e9ratures seront de 15\u00b0C&hellip;\n","protected":false},"author":2,"featured_media":434882,"comment_status":"","ping_status":"","sticky":false,"template":"","format":"standard","meta":{"footnotes":""},"categories":[2819],"tags":[1111,11,1777,674,1011,27,44166,6172,10877,2487,12,2401,882,25],"class_list":{"0":"post-434881","1":"post","2":"type-post","3":"status-publish","4":"format-standard","5":"has-post-thumbnail","7":"category-nice","8":"tag-actu","9":"tag-actualites","10":"tag-eu","11":"tag-europe","12":"tag-fr","13":"tag-france","14":"tag-le-matin","15":"tag-le-soleil","16":"tag-les-habitants","17":"tag-meteo","18":"tag-news","19":"tag-nice","20":"tag-provence-alpes-cote-dazur","21":"tag-republique-francaise"},"share_on_mastodon":{"url":"https:\/\/pubeurope.com\/@fr\/115307328576483165","error":""},"_links":{"self":[{"href":"https:\/\/www.europesays.com\/fr\/wp-json\/wp\/v2\/posts\/434881","targetHints":{"allow":["GET"]}}],"collection":[{"href":"https:\/\/www.europesays.com\/fr\/wp-json\/wp\/v2\/posts"}],"about":[{"href":"https:\/\/www.europesays.com\/fr\/wp-json\/wp\/v2\/types\/post"}],"author":[{"embeddable":true,"href":"https:\/\/www.europesays.com\/fr\/wp-json\/wp\/v2\/users\/2"}],"replies":[{"embeddable":true,"href":"https:\/\/www.europesays.com\/fr\/wp-json\/wp\/v2\/comments?post=434881"}],"version-history":[{"count":0,"href":"https:\/\/www.europesays.com\/fr\/wp-json\/wp\/v2\/posts\/434881\/revisions"}],"wp:featuredmedia":[{"embeddable":true,"href":"https:\/\/www.europesays.com\/fr\/wp-json\/wp\/v2\/media\/434882"}],"wp:attachment":[{"href":"https:\/\/www.europesays.com\/fr\/wp-json\/wp\/v2\/media?parent=434881"}],"wp:term":[{"taxonomy":"category","embeddable":true,"href":"https:\/\/www.europesays.com\/fr\/wp-json\/wp\/v2\/categories?post=434881"},{"taxonomy":"post_tag","embeddable":true,"href":"https:\/\/www.europesays.com\/fr\/wp-json\/wp\/v2\/tags?post=434881"}],"curies":[{"name":"wp","href":"https:\/\/api.w.org\/{rel}","templated":true}]}}