{"id":434887,"date":"2025-10-03T00:11:11","date_gmt":"2025-10-03T00:11:11","guid":{"rendered":"https:\/\/www.europesays.com\/fr\/434887\/"},"modified":"2025-10-03T00:11:11","modified_gmt":"2025-10-03T00:11:11","slug":"la-transhumance-urbaine-de-retour-le-5-octobre","status":"publish","type":"post","link":"https:\/\/www.europesays.com\/fr\/434887\/","title":{"rendered":"la Transhumance Urbaine de retour le 5 octobre"},"content":{"rendered":"<p>La Transhumance Urbaine fait son retour \u00e0 Villenave-d\u2019Ornon, ce dimanche 5 octobre 2025. Pour sa 16\u1d49 \u00e9dition, la manifestation m\u00ealant traditions pastorales, \u00e9cologie urbaine et f\u00eate populaire s\u2019annonce riche en animations.<\/p>\n<p>Le d\u00e9part est pr\u00e9vu d\u00e8s 8 h 15 \u00e0 la ferme de Baug\u00e9, avec caf\u00e9 et fromages fermiers pour les participants. \u00c0 9 h, la marche urbaine de 8 km s\u2019\u00e9lancera aux c\u00f4t\u00e9s du troupeau de Luc Martinet, de la cal\u00e8che des Attelages \u00c9ric de Mailly et des danseurs \u00e9chassiers landais. Deux haltes ponctueront le parcours\u00a0: place Lebrun \u00e0 9 h 30, puis au Foyer La For\u00eat \u00e0 11 h, avec musiciens, circassiens et cr\u00e9atures fantastiques. L\u2019arriv\u00e9e est annonc\u00e9e vers 12 h 15 au parc de la Junca, accompagn\u00e9e de fanfares et d\u2019acrobaties.<\/p>\n<p>La journ\u00e9e se poursuivra par une grande f\u00eate populaire au parc de la Junca, jusqu\u2019\u00e0 18 h. Foodtrucks, buvettes et restaurateurs accueilleront le public, avec un appel de la Ville \u00e0 apporter ses propres verres et couverts pour r\u00e9duire les d\u00e9chets. Des animations vari\u00e9es rythmeront l\u2019apr\u00e8s-midi\u00a0: ateliers de cirque, d\u00e9monstrations de chiens de troupeau, spectacles musicaux, d\u00e9ambulations artistiques et rencontres avec les animaux de la ferme mobile. Des espaces ludiques autour du tri, du recyclage et de la laine compl\u00e9teront le programme.<\/p>\n<p>Comme chaque ann\u00e9e, un concours de dessin est organis\u00e9, cette fois sur le th\u00e8me de la correspondance par lettres. Les \u0153uvres, r\u00e9parties en trois cat\u00e9gories d\u2019\u00e2ge, seront soumises au vote du public avant la remise des prix pr\u00e9vue \u00e0 17 h 30.<\/p>\n<p>Pour rejoindre le d\u00e9part, des navettes municipales gratuites circuleront depuis le parc de la Junca. Inscriptions en ligne jusqu\u2019au 2 octobre sur le site de la Ville.<\/p>\n","protected":false},"excerpt":{"rendered":"La Transhumance Urbaine fait son retour \u00e0 Villenave-d\u2019Ornon, ce dimanche 5 octobre 2025. Pour sa 16\u1d49 \u00e9dition, la&hellip;\n","protected":false},"author":2,"featured_media":434888,"comment_status":"","ping_status":"","sticky":false,"template":"","format":"standard","meta":{"footnotes":""},"categories":[2817],"tags":[1111,11,1997,1777,674,1011,27,12,2219,25],"class_list":{"0":"post-434887","1":"post","2":"type-post","3":"status-publish","4":"format-standard","5":"has-post-thumbnail","7":"category-bordeaux","8":"tag-actu","9":"tag-actualites","10":"tag-bordeaux","11":"tag-eu","12":"tag-europe","13":"tag-fr","14":"tag-france","15":"tag-news","16":"tag-nouvelle-aquitaine","17":"tag-republique-francaise"},"share_on_mastodon":{"url":"https:\/\/pubeurope.com\/@fr\/115307340396094636","error":""},"_links":{"self":[{"href":"https:\/\/www.europesays.com\/fr\/wp-json\/wp\/v2\/posts\/434887","targetHints":{"allow":["GET"]}}],"collection":[{"href":"https:\/\/www.europesays.com\/fr\/wp-json\/wp\/v2\/posts"}],"about":[{"href":"https:\/\/www.europesays.com\/fr\/wp-json\/wp\/v2\/types\/post"}],"author":[{"embeddable":true,"href":"https:\/\/www.europesays.com\/fr\/wp-json\/wp\/v2\/users\/2"}],"replies":[{"embeddable":true,"href":"https:\/\/www.europesays.com\/fr\/wp-json\/wp\/v2\/comments?post=434887"}],"version-history":[{"count":0,"href":"https:\/\/www.europesays.com\/fr\/wp-json\/wp\/v2\/posts\/434887\/revisions"}],"wp:featuredmedia":[{"embeddable":true,"href":"https:\/\/www.europesays.com\/fr\/wp-json\/wp\/v2\/media\/434888"}],"wp:attachment":[{"href":"https:\/\/www.europesays.com\/fr\/wp-json\/wp\/v2\/media?parent=434887"}],"wp:term":[{"taxonomy":"category","embeddable":true,"href":"https:\/\/www.europesays.com\/fr\/wp-json\/wp\/v2\/categories?post=434887"},{"taxonomy":"post_tag","embeddable":true,"href":"https:\/\/www.europesays.com\/fr\/wp-json\/wp\/v2\/tags?post=434887"}],"curies":[{"name":"wp","href":"https:\/\/api.w.org\/{rel}","templated":true}]}}