{"id":434889,"date":"2025-10-03T00:12:13","date_gmt":"2025-10-03T00:12:13","guid":{"rendered":"https:\/\/www.europesays.com\/fr\/434889\/"},"modified":"2025-10-03T00:12:13","modified_gmt":"2025-10-03T00:12:13","slug":"previsions-du-vendredi-3-octobre-2025-5","status":"publish","type":"post","link":"https:\/\/www.europesays.com\/fr\/434889\/","title":{"rendered":"pr\u00e9visions du vendredi 3 octobre 2025"},"content":{"rendered":"<p class=\"mb-4 text-lg md:leading-8 break-words\"><strong>M\u00e9t\u00e9o &#8211; Aujourd&rsquo;hui, le vent va peu \u00e0 peu \u00e9loigner la grisaille. Les temp\u00e9ratures seront de 18\u00b0C le matin et de 21\u00b0C l&rsquo;apr\u00e8s-midi&#8230;<\/strong><\/p>\n<p class=\"mb-4 text-lg md:leading-8 break-words\">Des \u00e9claircies appara\u00eetront dans la journ\u00e9e \u00e0 Bordeaux. Les valeurs seront de 15\u00b0C au minimum et de 22\u00b0C au maximum. Un vent de sud-ouest soufflera l\u00e9g\u00e8rement, avec 10 km\/h dans la matin\u00e9e. Les temp\u00e9ratures seront comprises entre 20\u00b0C et 22\u00b0C dans l&rsquo;apr\u00e8s-midi. Le soir, le mercure affichera 18\u00b0C en moyenne. On passera de vendredi \u00e0 samedi par une nuit claire.<\/p>\n<p class=\"mb-4 text-lg md:leading-8 break-words\">L&rsquo;apparition du soleil demain \u00e0 Bordeaux sera retard\u00e9e par beaucoup de nuages. Le mercure va chuter de quelques degr\u00e9s. Il va faire 16\u00b0C en moyenne. Un vent de sud-ouest rafra\u00eechira un peu l&rsquo;atmosph\u00e8re. En revanche, le temps va doucement s&rsquo;am\u00e9liorer dans la matin\u00e9e et laisser place \u00e0 des \u00e9claircies. Demain apr\u00e8s-midi, l&rsquo;arriv\u00e9e du soleil sera retard\u00e9e par quelques nuages. La m\u00e9t\u00e9o sera ponctu\u00e9e par des pluies \u00e9parses. Les valeurs afficheront entre 15 et 20\u00b0C. Des \u00e9claircies sont pr\u00e9vues : on passera une soir\u00e9e cl\u00e9mente. Les temp\u00e9ratures tourneront autour des 12\u00b0C.<\/p>\n<p>Publicit\u00e9<\/p>\n<p>Publicit\u00e9<\/p>\n<p>Publicit\u00e9<\/p>\n<p>Publicit\u00e9<\/p>\n<p class=\"mb-4 text-lg md:leading-8 break-words\">Les conditions m\u00e9t\u00e9orologiques des journ\u00e9es qui suivent vont changer progressivement. M\u00eame si le mauvais temps se maintiendra quelque peu dimanche, il faut pr\u00e9voir une am\u00e9lioration par la suite.<\/p>\n<p class=\"mb-4 text-lg md:leading-8 break-words\"><a href=\"https:\/\/www.20minutes.fr\/planete\/previsions-meteo\/4176854-20251003-meteo-bordeaux-previsions-vendredi-3-octobre-2025?at_medium=RSS%20feed&amp;at_campaign=ynews&amp;utm_source=yahoo&amp;utm_medium=rss&amp;utm_campaign=news_feed&amp;utm_content=read_more_link&quot;\" rel=\"nofollow noopener\" target=\"_blank\" data-ylk=\"slk:Lire la suite sur 20minutes;elm:context_link;itc:0;sec:content-canvas\" class=\"link \">Lire la suite sur 20minutes<\/a><\/p>\n","protected":false},"excerpt":{"rendered":"M\u00e9t\u00e9o &#8211; Aujourd&rsquo;hui, le vent va peu \u00e0 peu \u00e9loigner la grisaille. Les temp\u00e9ratures seront de 18\u00b0C le&hellip;\n","protected":false},"author":2,"featured_media":434890,"comment_status":"","ping_status":"","sticky":false,"template":"","format":"standard","meta":{"footnotes":""},"categories":[2817],"tags":[1111,11,1997,1777,674,1011,27,51394,2487,12,2219,25],"class_list":{"0":"post-434889","1":"post","2":"type-post","3":"status-publish","4":"format-standard","5":"has-post-thumbnail","7":"category-bordeaux","8":"tag-actu","9":"tag-actualites","10":"tag-bordeaux","11":"tag-eu","12":"tag-europe","13":"tag-fr","14":"tag-france","15":"tag-la-matinee","16":"tag-meteo","17":"tag-news","18":"tag-nouvelle-aquitaine","19":"tag-republique-francaise"},"share_on_mastodon":{"url":"https:\/\/pubeurope.com\/@fr\/115307344303478518","error":""},"_links":{"self":[{"href":"https:\/\/www.europesays.com\/fr\/wp-json\/wp\/v2\/posts\/434889","targetHints":{"allow":["GET"]}}],"collection":[{"href":"https:\/\/www.europesays.com\/fr\/wp-json\/wp\/v2\/posts"}],"about":[{"href":"https:\/\/www.europesays.com\/fr\/wp-json\/wp\/v2\/types\/post"}],"author":[{"embeddable":true,"href":"https:\/\/www.europesays.com\/fr\/wp-json\/wp\/v2\/users\/2"}],"replies":[{"embeddable":true,"href":"https:\/\/www.europesays.com\/fr\/wp-json\/wp\/v2\/comments?post=434889"}],"version-history":[{"count":0,"href":"https:\/\/www.europesays.com\/fr\/wp-json\/wp\/v2\/posts\/434889\/revisions"}],"wp:featuredmedia":[{"embeddable":true,"href":"https:\/\/www.europesays.com\/fr\/wp-json\/wp\/v2\/media\/434890"}],"wp:attachment":[{"href":"https:\/\/www.europesays.com\/fr\/wp-json\/wp\/v2\/media?parent=434889"}],"wp:term":[{"taxonomy":"category","embeddable":true,"href":"https:\/\/www.europesays.com\/fr\/wp-json\/wp\/v2\/categories?post=434889"},{"taxonomy":"post_tag","embeddable":true,"href":"https:\/\/www.europesays.com\/fr\/wp-json\/wp\/v2\/tags?post=434889"}],"curies":[{"name":"wp","href":"https:\/\/api.w.org\/{rel}","templated":true}]}}