{"id":434891,"date":"2025-10-03T00:13:16","date_gmt":"2025-10-03T00:13:16","guid":{"rendered":"https:\/\/www.europesays.com\/fr\/434891\/"},"modified":"2025-10-03T00:13:16","modified_gmt":"2025-10-03T00:13:16","slug":"de-grosses-perturbations-en-cours","status":"publish","type":"post","link":"https:\/\/www.europesays.com\/fr\/434891\/","title":{"rendered":"de grosses perturbations en cours"},"content":{"rendered":"<p>            Par<br \/>\n        <strong><br \/>\n            <a href=\"https:\/\/actu.fr\/auteur\/david-saint-sernin\" title=\"Consulter tous les articles de David Saint-Sernin\" target=\"_blank\" rel=\"noopener\">David Saint-Sernin<\/a><br \/>\n        <\/strong><\/p>\n<p>        Publi\u00e9 le<\/p>\n<p>            2 oct. 2025 \u00e0 17h28        <\/p>\n<p>Jeudi 2\u00a0octobre 2025, la fin d\u2019apr\u00e8s-midi s\u2019annonce tr\u00e8s compliqu\u00e9e sur les voies rapides de l\u2019agglom\u00e9ration de Toulouse. Suite \u00e0 <strong>deux accidents<\/strong>, sur <a href=\"https:\/\/actu.fr\/tag\/autoroute-64-a64\" target=\"_blank\" rel=\"noopener\">l\u2019autoroute A 64<\/a>, et <a href=\"https:\/\/actu.fr\/tag\/peripherique-de-toulouse\" target=\"_blank\" rel=\"noopener\">sur le p\u00e9riph\u00e9rique<\/a>, les perturbations sont importantes peu apr\u00e8s 17h.<\/p>\n<p>Deux voies neutralis\u00e9es sur l\u2019autoroute A 64<\/p>\n<p class=\" wall-content\">L\u2019accident le plus important a eu lieu sur l\u2019autoroute A 64, en direction de Toulouse. Il se situe au niveau de l\u2019Oncopole. \u00ab\u2009Il implique trois v\u00e9hicules qui se trouvent sur la chauss\u00e9e et cinq v\u00e9hicules qui se sont gar\u00e9s sur la bande d\u2019arr\u00eat d\u2019urgence\u2009\u00bb, indique Vinci Autoroutes.<\/p>\n<p class=\" wall-content\">Selon Bison Fut\u00e9, deux voies de circulation ont \u00e9t\u00e9 neutralis\u00e9es. On ne roule plus que sur deux voies au lieu de quatre habituellement.<\/p>\n<p class=\" wall-content\">Il y a <strong>cinq kilom\u00e8tres de bouchon. Il faut plus de 30 minutes pour franchir la difficult\u00e9.<\/strong><\/p>\n<p>Un accident sur le p\u00e9riph\u00e9rique<\/p>\n<p class=\" wall-content\">Un peu plus loin, sur le p\u00e9riph\u00e9rique, au niveau d\u2019Empalot, en direction de Lab\u00e8ge, un deuxi\u00e8me accident g\u00e9n\u00e8re <strong>un bouchon.<\/strong><\/p>\n<p class=\" wall-content\">Globalement, c\u2019est tout l\u2019ouest de l\u2019agglom\u00e9ration qui voit rouge ce jeudi soir.<\/p>\n<p>Vid\u00e9os : en ce moment sur Actu<br \/>\n    <img   decoding=\"async\" loading=\"lazy\" src=\"https:\/\/www.europesays.com\/fr\/wp-content\/uploads\/2025\/10\/capture-decran-2025-10-02-171546-960x640.png\" alt=\"Un accident a eu lieu sur l'autoroute A 64 jeudi 2 octobre 2025.\" width=\"960\" height=\"640\"\/><br \/>\n    Un accident a eu lieu sur l\u2019autoroute A 64 jeudi 2\u00a0octobre 2025. (\u00a9Capture d\u2019\u00e9cran Bison Fut\u00e9)<\/p>\n<p class=\" wall-content\">Personnalisez votre actualit\u00e9 en ajoutant vos villes et m\u00e9dias en favori avec <a href=\"https:\/\/moncompte.actu.fr\" title=\"D\u00e9couvez Mon Actu\" rel=\"nofollow noopener\" data-trk=\"{&quot;cta&quot;:{&quot;action&quot;:&quot;https:\\\/\\\/moncompte.actu.fr&quot;,&quot;category&quot;:&quot;mon compte&quot;,&quot;from&quot;:&quot;article footer&quot;,&quot;name&quot;:&quot;Mon actu&quot;,&quot;type&quot;:&quot;cta&quot;}}\" target=\"_blank\">Mon Actu<\/a>.<\/p>\n","protected":false},"excerpt":{"rendered":"Par David Saint-Sernin Publi\u00e9 le 2 oct. 2025 \u00e0 17h28 Jeudi 2\u00a0octobre 2025, la fin d\u2019apr\u00e8s-midi s\u2019annonce tr\u00e8s&hellip;\n","protected":false},"author":2,"featured_media":434892,"comment_status":"","ping_status":"","sticky":false,"template":"","format":"standard","meta":{"footnotes":""},"categories":[2816],"tags":[119,1111,11,4799,1777,674,1011,27,12,2680,4800,25,104,2312],"class_list":{"0":"post-434891","1":"post","2":"type-post","3":"status-publish","4":"format-standard","5":"has-post-thumbnail","7":"category-toulouse","8":"tag-accident","9":"tag-actu","10":"tag-actualites","11":"tag-autoroute-64-a64","12":"tag-eu","13":"tag-europe","14":"tag-fr","15":"tag-france","16":"tag-news","17":"tag-occitanie","18":"tag-peripherique-de-toulouse","19":"tag-republique-francaise","20":"tag-societe","21":"tag-toulouse"},"share_on_mastodon":{"url":"https:\/\/pubeurope.com\/@fr\/115307348950937767","error":""},"_links":{"self":[{"href":"https:\/\/www.europesays.com\/fr\/wp-json\/wp\/v2\/posts\/434891","targetHints":{"allow":["GET"]}}],"collection":[{"href":"https:\/\/www.europesays.com\/fr\/wp-json\/wp\/v2\/posts"}],"about":[{"href":"https:\/\/www.europesays.com\/fr\/wp-json\/wp\/v2\/types\/post"}],"author":[{"embeddable":true,"href":"https:\/\/www.europesays.com\/fr\/wp-json\/wp\/v2\/users\/2"}],"replies":[{"embeddable":true,"href":"https:\/\/www.europesays.com\/fr\/wp-json\/wp\/v2\/comments?post=434891"}],"version-history":[{"count":0,"href":"https:\/\/www.europesays.com\/fr\/wp-json\/wp\/v2\/posts\/434891\/revisions"}],"wp:featuredmedia":[{"embeddable":true,"href":"https:\/\/www.europesays.com\/fr\/wp-json\/wp\/v2\/media\/434892"}],"wp:attachment":[{"href":"https:\/\/www.europesays.com\/fr\/wp-json\/wp\/v2\/media?parent=434891"}],"wp:term":[{"taxonomy":"category","embeddable":true,"href":"https:\/\/www.europesays.com\/fr\/wp-json\/wp\/v2\/categories?post=434891"},{"taxonomy":"post_tag","embeddable":true,"href":"https:\/\/www.europesays.com\/fr\/wp-json\/wp\/v2\/tags?post=434891"}],"curies":[{"name":"wp","href":"https:\/\/api.w.org\/{rel}","templated":true}]}}