{"id":434899,"date":"2025-10-03T00:18:11","date_gmt":"2025-10-03T00:18:11","guid":{"rendered":"https:\/\/www.europesays.com\/fr\/434899\/"},"modified":"2025-10-03T00:18:11","modified_gmt":"2025-10-03T00:18:11","slug":"stephane-ravier-jette-leponge-et-soutient-le-rn-franck-allisio","status":"publish","type":"post","link":"https:\/\/www.europesays.com\/fr\/434899\/","title":{"rendered":"St\u00e9phane Ravier jette l&rsquo;\u00e9ponge et soutient le RN Franck Allisio"},"content":{"rendered":"<p>            Par<br \/>\n        <strong><br \/>\n            <a href=\"https:\/\/actu.fr\/auteur\/redaction-marseille\" title=\"Consulter tous les articles de R\u00e9daction Marseille\" rel=\"nofollow noopener\" target=\"_blank\">R\u00e9daction Marseille<\/a><br \/>\n        <\/strong><\/p>\n<p>        Publi\u00e9 le<\/p>\n<p>            2 oct. 2025 \u00e0 21h41        <\/p>\n<p>Coup de tonnerre dans la campagne des municipales \u00e0 <a href=\"https:\/\/actu.fr\/provence-alpes-cote-d-azur\/marseille_13055\" rel=\"nofollow noopener\" target=\"_blank\">Marseille<\/a>. Le s\u00e9nateur d\u2019extr\u00eame droite <a href=\"https:\/\/actu.fr\/provence-alpes-cote-d-azur\/marseille_13055\/marseille-stephane-ravier-benoit-payan-pense-que-les-trafiquants-sont-des-victimes_61724638.html\" rel=\"nofollow noopener\" target=\"_blank\">St\u00e9phane Ravier<\/a>, d\u00e9j\u00e0 candidat \u00e0 trois reprises \u00e0 la mairie de Marseille, a annonc\u00e9 jeudi soir <strong>renoncer \u00e0 se pr\u00e9senter en 2026<\/strong> pour soutenir \u00ab\u00a0sans r\u00e9serve\u00a0\u00bb le d\u00e9put\u00e9 du Rassemblement national (RN) <a href=\"https:\/\/actu.fr\/provence-alpes-cote-d-azur\/marseille_13055\/municipales-2026-a-marseille-le-rn-peut-creer-la-surprise-assure-franck-allisio_62903402.html\" rel=\"nofollow noopener\" target=\"_blank\">Franck Allisio<\/a>.<\/p>\n<p class=\" wall-content\">\u00ab\u00a0J\u2019ai d\u00e9cid\u00e9 de ne pas \u00eatre candidat et d\u2019apporter mon soutien sans r\u00e9serve \u00e0 Franck Allisio et \u00e0 la liste qu\u2019il conduira\u00a0\u00bb, a d\u00e9clar\u00e9, dans un entretien \u00e0 La Provence\/BFM Marseille Provence, M. Ravier qui avait conduit la liste du parti \u00e0 la flamme en 2008, 2014 et 2020.<\/p>\n<p class=\" wall-content\">\n<p>Un ancien du RN et de Reconqu\u00eate<\/p>\n<p class=\" wall-content\">Dans un communiqu\u00e9, Franck Allisio a salu\u00e9 \u00ab\u00a0un geste extr\u00eamement fort\u00a0\u00bb de celui qui, a-t-il dit, \u00ab\u00a0a plac\u00e9 Marseille et les Marseillais au-dessus de ses int\u00e9r\u00eats personnels\u00a0\u00bb.<\/p>\n<p class=\" wall-content\">Deux ans apr\u00e8s sa d\u00e9faite aux derni\u00e8res municipales, o\u00f9 il \u00e9tait arriv\u00e9 en troisi\u00e8me position avec pr\u00e8s de 20% des voix, St\u00e9phane Ravier avait quitt\u00e9 le RN pour <strong>rallier la candidature d\u2019Eric Zemmour \u00e0 la pr\u00e9sidentielle<\/strong>. Il avait ensuite quitt\u00e9 Reconqu\u00eate en 2024, mais laissait depuis planer le doute sur son \u00e9ventuelle candidature en 2026.<\/p>\n<p>\u00ab\u00a0Je ne serai pas le diviseur\u00a0\u00bb<\/p>\n<p class=\" wall-content\">\u00ab\u00a0Je ne serai pas le diviseur alors que\u00a0la droite s\u2019est alli\u00e9e avec la Macronie\u00a0\u00bb, a-t-il affirm\u00e9, en r\u00e9f\u00e9rence au soutien apport\u00e9 par Renaissance \u00e0 la candidate divers droite Martine Vassal, pr\u00e9sidente du conseil d\u00e9partemental et de la m\u00e9tropole.<\/p>\n<p class=\" wall-content\">\u00ab\u00a0Si mes soutiens me font confiance, je leur demande de renouveler leur confiance \u00e0 mon \u00e9gard en allant dans les permanences du Rassemblement national, en se mettant \u00e0 la disposition de la campagne de Franck Allisio pour permettre \u00e0 Marseille de saisir cette chance historique\u00a0\u00bb, a ajout\u00e9 le s\u00e9nateur d\u2019extr\u00eame droite, qui doit \u00eatre jug\u00e9 le 2 d\u00e9cembre pour \u00ab\u00a0atteinte \u00e0 la libert\u00e9 d\u2019acc\u00e8s ou \u00e0 l\u2019\u00e9galit\u00e9 des candidats dans les march\u00e9s publics\u00a0\u00bb.\u00a0<\/p>\n<p>Votre r\u00e9gion, votre actu !<\/p>\n<p>Recevez chaque jour les infos qui comptent pour vous.<\/p>\n<p>\t<a href=\"https:\/\/actu.fr\/newsletter\" class=\"ac-btn ac-btn--corner ac-btn--medium ac-btn--blue800\" rel=\"nofollow noopener\" target=\"_blank\">S&rsquo;incrire<\/a><br \/>\nBient\u00f4t jug\u00e9 pour favoritisme<\/p>\n<p class=\" wall-content\">Le parquet lui reproche des faits de favoritisme entre septembre 2016 et juin 2017, alors qu\u2019il occupait le si\u00e8ge de maire du 7e secteur de Marseille (13e et 14e arrondissements), conquis lors des municipales de 2014.\u00a0<\/p>\n<p class=\" wall-content\">M. Ravier se voit reprocher un march\u00e9 visant \u00e0 la r\u00e9novation du site internet de la mairie de secteur attribu\u00e9\u00a0en partage \u00e0 deux soci\u00e9t\u00e9s mais qui, selon le parquet, b\u00e9n\u00e9ficierait \u00e0 la m\u00eame personne.<\/p>\n<p class=\" wall-content\">St\u00e9phane Ravier attend par ailleurs d\u2019\u00eatre rejug\u00e9 par la cour d\u2019appel d\u2019Aix-en-Provence dans un dossier de prise ill\u00e9gale d\u2019int\u00e9r\u00eat.<\/p>\n<p class=\" wall-content\">En mai 2024, il avait \u00e9t\u00e9 condamn\u00e9 \u00e0 six mois de prison avec sursis et \u00e0 une in\u00e9ligibilit\u00e9 d\u2019un an pour avoir \u00ab\u00a0\u0153uvr\u00e9 ill\u00e9galement\u00a0\u00bb au recrutement de son fils \u00e0 la mairie de secteur via dix contrats \u00e0 dur\u00e9e d\u00e9termin\u00e9e sur une p\u00e9riode de trois ans et demi avant que celui-ci n\u2019acc\u00e8de au statut de fonctionnaire stagiaire.<\/p>\n<p class=\" wall-content\"><strong>AFP<\/strong><\/p>\n<p class=\" wall-content\">Personnalisez votre actualit\u00e9 en ajoutant vos villes et m\u00e9dias en favori avec <a href=\"https:\/\/moncompte.actu.fr\" title=\"D\u00e9couvez Mon Actu\" rel=\"nofollow noopener\" data-trk=\"{&quot;cta&quot;:{&quot;action&quot;:&quot;https:\\\/\\\/moncompte.actu.fr&quot;,&quot;category&quot;:&quot;mon compte&quot;,&quot;from&quot;:&quot;article footer&quot;,&quot;name&quot;:&quot;Mon actu&quot;,&quot;type&quot;:&quot;cta&quot;}}\" target=\"_blank\">Mon Actu<\/a>.<\/p>\n","protected":false},"excerpt":{"rendered":"Par R\u00e9daction Marseille Publi\u00e9 le 2 oct. 2025 \u00e0 21h41 Coup de tonnerre dans la campagne des municipales&hellip;\n","protected":false},"author":2,"featured_media":434900,"comment_status":"","ping_status":"","sticky":false,"template":"","format":"standard","meta":{"footnotes":""},"categories":[2814],"tags":[1111,11,4188,1777,674,1011,27,884,3434,12,316,882,2556,25],"class_list":{"0":"post-434899","1":"post","2":"type-post","3":"status-publish","4":"format-standard","5":"has-post-thumbnail","7":"category-marseille","8":"tag-actu","9":"tag-actualites","10":"tag-elections-municipales","11":"tag-eu","12":"tag-europe","13":"tag-fr","14":"tag-france","15":"tag-marseille","16":"tag-municipales-2026","17":"tag-news","18":"tag-politique","19":"tag-provence-alpes-cote-dazur","20":"tag-rassemblement-national-rn","21":"tag-republique-francaise"},"share_on_mastodon":{"url":"https:\/\/pubeurope.com\/@fr\/115307367889825731","error":""},"_links":{"self":[{"href":"https:\/\/www.europesays.com\/fr\/wp-json\/wp\/v2\/posts\/434899","targetHints":{"allow":["GET"]}}],"collection":[{"href":"https:\/\/www.europesays.com\/fr\/wp-json\/wp\/v2\/posts"}],"about":[{"href":"https:\/\/www.europesays.com\/fr\/wp-json\/wp\/v2\/types\/post"}],"author":[{"embeddable":true,"href":"https:\/\/www.europesays.com\/fr\/wp-json\/wp\/v2\/users\/2"}],"replies":[{"embeddable":true,"href":"https:\/\/www.europesays.com\/fr\/wp-json\/wp\/v2\/comments?post=434899"}],"version-history":[{"count":0,"href":"https:\/\/www.europesays.com\/fr\/wp-json\/wp\/v2\/posts\/434899\/revisions"}],"wp:featuredmedia":[{"embeddable":true,"href":"https:\/\/www.europesays.com\/fr\/wp-json\/wp\/v2\/media\/434900"}],"wp:attachment":[{"href":"https:\/\/www.europesays.com\/fr\/wp-json\/wp\/v2\/media?parent=434899"}],"wp:term":[{"taxonomy":"category","embeddable":true,"href":"https:\/\/www.europesays.com\/fr\/wp-json\/wp\/v2\/categories?post=434899"},{"taxonomy":"post_tag","embeddable":true,"href":"https:\/\/www.europesays.com\/fr\/wp-json\/wp\/v2\/tags?post=434899"}],"curies":[{"name":"wp","href":"https:\/\/api.w.org\/{rel}","templated":true}]}}