{"id":434905,"date":"2025-10-03T00:22:16","date_gmt":"2025-10-03T00:22:16","guid":{"rendered":"https:\/\/www.europesays.com\/fr\/434905\/"},"modified":"2025-10-03T00:22:16","modified_gmt":"2025-10-03T00:22:16","slug":"fermeture-de-cette-station-de-metro-sur-ordre-de-la-prefecture-de-police","status":"publish","type":"post","link":"https:\/\/www.europesays.com\/fr\/434905\/","title":{"rendered":"fermeture de cette station de m\u00e9tro sur ordre de la pr\u00e9fecture de Police"},"content":{"rendered":"<p>            Par<br \/>\n        <strong><br \/>\n            <a href=\"https:\/\/actu.fr\/auteur\/redaction-paris\" title=\"Consulter tous les articles de R\u00e9daction Paris\" target=\"_blank\" rel=\"noopener\">R\u00e9daction Paris<\/a><br \/>\n        <\/strong><\/p>\n<p>        Publi\u00e9 le<\/p>\n<p>            2 oct. 2025 \u00e0 10h29        <\/p>\n<p>En raison de <strong>mesures de s\u00e9curit\u00e9<\/strong> et sur ordre de la <a href=\"https:\/\/actu.fr\/ile-de-france\/paris_75056\/greve-du-2-octobre-pres-de-5-000-policiers-et-gendarmes-deployes-a-paris_63238385.html\" target=\"_blank\" rel=\"noopener\">pr\u00e9fecture de Police<\/a>, la <strong>station Les Gobelins<\/strong> sur la ligne 7 du m\u00e9tro \u00e0 Paris a \u00e9t\u00e9 ferm\u00e9e \u00e0 10\u00a0heures ce <a href=\"https:\/\/actu.fr\/tag\/greve-du-2-octobre-2025\" target=\"_blank\" rel=\"noopener\">jeudi 2\u00a0octobre 2025<\/a>. Pour cause, la <a href=\"https:\/\/actu.fr\/ile-de-france\/paris_75056\/greve-du-2-octobre-le-parcours-et-l-horaire-de-depart-de-la-manifestation-prevue-a-paris_63239483.html\" target=\"_blank\" rel=\"noopener\">manifestation<\/a> pr\u00e9vue ce jour dans les rues de la capitale trouve son point de d\u00e9part dans le 13e arrondissement.<\/p>\n<p>Sur le passage de la manifestation<\/p>\n<p class=\" wall-content\">Le cort\u00e8ge partira de la place d\u2019Italie pour se rendre place Vauban, dans le 7e arrondissement. Il passera par l\u2019avenue des Gobelins, le boulevard de Port-Royal, le boulevard du Montparnasse, des Invalides, avenue de Villard puis rejoindra son point d\u2019arriv\u00e9e.<\/p>\n<p class=\" wall-content\">\n<p class=\" wall-content\">Outre les perturbations attendues dans les transports en commun, le stationnement de tout type de v\u00e9hicule sera interdit sur les axes du parcours emprunt\u00e9 jusqu\u2019au 2\u00a0octobre \u00e0 23\u00a0heures.\u00a0Par ailleurs, la<strong> circulation de tout type de v\u00e9hicule est interdite<\/strong> le 2\u00a0octobre de 10\u00a0heures \u00e0 21\u00a0heures \u00e0 l\u2019int\u00e9rieur du p\u00e9rim\u00e8tre.<\/p>\n<p class=\" wall-content\">Personnalisez votre actualit\u00e9 en ajoutant vos villes et m\u00e9dias en favori avec <a href=\"https:\/\/moncompte.actu.fr\" title=\"D\u00e9couvez Mon Actu\" rel=\"nofollow noopener\" data-trk=\"{&quot;cta&quot;:{&quot;action&quot;:&quot;https:\\\/\\\/moncompte.actu.fr&quot;,&quot;category&quot;:&quot;mon compte&quot;,&quot;from&quot;:&quot;article footer&quot;,&quot;name&quot;:&quot;Mon actu&quot;,&quot;type&quot;:&quot;cta&quot;}}\" target=\"_blank\">Mon Actu<\/a>.<\/p>\n","protected":false},"excerpt":{"rendered":"Par R\u00e9daction Paris Publi\u00e9 le 2 oct. 2025 \u00e0 10h29 En raison de mesures de s\u00e9curit\u00e9 et sur&hellip;\n","protected":false},"author":2,"featured_media":434906,"comment_status":"","ping_status":"","sticky":false,"template":"","format":"standard","meta":{"footnotes":""},"categories":[1592],"tags":[1111,11,1777,674,1011,27,54872,662,1272,4047,12,626,25,104],"class_list":{"0":"post-434905","1":"post","2":"type-post","3":"status-publish","4":"format-standard","5":"has-post-thumbnail","7":"category-ile-de-france","8":"tag-actu","9":"tag-actualites","10":"tag-eu","11":"tag-europe","12":"tag-fr","13":"tag-france","14":"tag-greve-du-2-octobre-2025","15":"tag-ile-de-france","16":"tag-manifestations","17":"tag-metro","18":"tag-news","19":"tag-paris","20":"tag-republique-francaise","21":"tag-societe"},"share_on_mastodon":{"url":"https:\/\/pubeurope.com\/@fr\/115307383608535347","error":""},"_links":{"self":[{"href":"https:\/\/www.europesays.com\/fr\/wp-json\/wp\/v2\/posts\/434905","targetHints":{"allow":["GET"]}}],"collection":[{"href":"https:\/\/www.europesays.com\/fr\/wp-json\/wp\/v2\/posts"}],"about":[{"href":"https:\/\/www.europesays.com\/fr\/wp-json\/wp\/v2\/types\/post"}],"author":[{"embeddable":true,"href":"https:\/\/www.europesays.com\/fr\/wp-json\/wp\/v2\/users\/2"}],"replies":[{"embeddable":true,"href":"https:\/\/www.europesays.com\/fr\/wp-json\/wp\/v2\/comments?post=434905"}],"version-history":[{"count":0,"href":"https:\/\/www.europesays.com\/fr\/wp-json\/wp\/v2\/posts\/434905\/revisions"}],"wp:featuredmedia":[{"embeddable":true,"href":"https:\/\/www.europesays.com\/fr\/wp-json\/wp\/v2\/media\/434906"}],"wp:attachment":[{"href":"https:\/\/www.europesays.com\/fr\/wp-json\/wp\/v2\/media?parent=434905"}],"wp:term":[{"taxonomy":"category","embeddable":true,"href":"https:\/\/www.europesays.com\/fr\/wp-json\/wp\/v2\/categories?post=434905"},{"taxonomy":"post_tag","embeddable":true,"href":"https:\/\/www.europesays.com\/fr\/wp-json\/wp\/v2\/tags?post=434905"}],"curies":[{"name":"wp","href":"https:\/\/api.w.org\/{rel}","templated":true}]}}