{"id":434911,"date":"2025-10-03T00:25:20","date_gmt":"2025-10-03T00:25:20","guid":{"rendered":"https:\/\/www.europesays.com\/fr\/434911\/"},"modified":"2025-10-03T00:25:20","modified_gmt":"2025-10-03T00:25:20","slug":"jeudi-a-la-fashion-week-de-paris-mugler-rick-owens-et-schiaparelli","status":"publish","type":"post","link":"https:\/\/www.europesays.com\/fr\/434911\/","title":{"rendered":"Jeudi \u00e0 la Fashion Week de Paris: Mugler, Rick Owens et Schiaparelli"},"content":{"rendered":"<p>\n                                        <b>Traduit par<\/b><br \/>\n                                        <br \/>Cecile Herrero\n                                    <\/p>\n<p>\n                                    <b>Publi\u00e9 le<\/b><br \/>\n                                    <\/p>\n<p>                                        2 octobre 2025<\/p>\n<p class=\"article-content col-md-8 offset-md-1\">\n                                Paris a connu une nouvelle entr\u00e9e en sc\u00e8ne jeudi: l\u2019interpr\u00e9tation couture respectueuse de Mugler par Miguel Castro Freitas, ainsi que deux visions radicalement diff\u00e9rentes du glamour propos\u00e9es par deux Am\u00e9ricains \u2013 Daniel Roseberry, originaire du Texas, et <a class=\"fnwAddLinks\" href=\"https:\/\/fr.fashionnetwork.com\/tags-rick-owens\" title=\"Rick Owens\" target=\"_blank\" rel=\"noopener\">Rick Owens<\/a>, de Californie.<\/p>\n<p class=\"col-md-10 exergue\">Mugler: le glamour \u00e0 la R\u00e9publique<\/p>\n<p>La grande premi\u00e8re de jeudi \u00e9tait celle de Miguel Castro Freitas chez Mugler, qui a convi\u00e9 ses invit\u00e9s \u00e0 descendre dans un parking souterrain pr\u00e8s de la place de la R\u00e9publique. Mais si l\u2019endroit \u00e9tait lugubre, le d\u00e9fil\u00e9, lui, exsudait le glamour.<\/p>\n<p><a class=\"btn btn-dark\" target=\"_blank\" href=\"https:\/\/fr.fashionnetwork.com\/galeries\/photos\/Mugler,73385.html\" rel=\"noopener\">Voir le d\u00e9fil\u00e9<\/a><img decoding=\"async\" class=\"news-image\" style=\"width:100%;max-width:645px;\" src=\"https:\/\/www.europesays.com\/fr\/wp-content\/uploads\/2025\/10\/5c74.jpg\" alt=\"Mugler - Printemps-\u00c9t\u00e9 2026 - V\u00eatements Femme - France - Paris\" loading=\"lazy\"\/>Mugler &#8211; Printemps-\u00c9t\u00e9 2026 &#8211; V\u00eatements Femme &#8211; France &#8211; Paris &#8211; \u00a9Launchmetrics\/spotlight<\/p>\n<p class=\"col-md-8 offset-md-1 article-content--texte\">Miguel Castro Freitas\u00a0a rejoint Mugler avec un CV impressionnant, et l\u2019on retrouvait des r\u00e9miniscences de ses diff\u00e9rents passages dans plusieurs grandes maisons et aupr\u00e8s de cr\u00e9ateurs majeurs \u2013 des cocktails fantaisie aux \u00e9chos de <a class=\"fnwAddLinks\" href=\"https:\/\/fr.fashionnetwork.com\/tags-john-galliano\" title=\"John Galliano\" target=\"_blank\" rel=\"noopener\">John Galliano<\/a>, et une coupe stricte h\u00e9rit\u00e9e de ses ann\u00e9es au <a class=\"fnwAddLinks\" href=\"https:\/\/fr.fashionnetwork.com\/tags-dior\" title=\"Dior\" target=\"_blank\" rel=\"noopener\">Dior<\/a> de <a class=\"fnwAddLinks\" href=\"https:\/\/fr.fashionnetwork.com\/tags-raf-simons\" title=\"Raf Simons\" target=\"_blank\" rel=\"noopener\">Raf Simons<\/a>.<\/p>\n<p>Mais, avant tout, c\u2019\u00e9tait une interpr\u00e9tation de Mugler digne de la haute couture, qui rappelait le d\u00e9but des ann\u00e9es 1990, lorsque <a class=\"fnwAddLinks\" href=\"https:\/\/fr.fashionnetwork.com\/tags-thierry-mugler\" title=\"Thierry Mugler\" target=\"_blank\" rel=\"noopener\">Thierry Mugler<\/a> a fait irruption dans la haute couture apr\u00e8s ses d\u00e9buts comme cr\u00e9ateur de pr\u00eat-\u00e0-porter. Et, une d\u00e9cennie plus tard, lorsque Mugler a pr\u00e9sent\u00e9 des collections aviaires v\u00e9ritablement r\u00e9volutionnaires.<\/p>\n<p class=\"col-md-8 offset-md-1 article-content--texte\">Les plus beaux looks de Miguel s\u2019inscrivaient dans cette veine : deux oiseaux de paradis, des vestes et jupes \u00e0 plumes \u00e0 la construction envo\u00fbtante, r\u00e9v\u00e9lant un cr\u00e9ateur pleinement ma\u00eetre de son atelier. R\u00e9alis\u00e9es en collaboration avec la Maison <a class=\"fnwAddLinks\" href=\"https:\/\/fr.fashionnetwork.com\/tags-fevrier\" title=\"F\u00e9vrier\" target=\"_blank\" rel=\"noopener\">F\u00e9vrier<\/a>, plumassier fran\u00e7ais d\u2019exception install\u00e9 au-dessus du <a class=\"fnwAddLinks\" href=\"https:\/\/fr.fashionnetwork.com\/tags-moulin-rouge\" title=\"Moulin Rouge\" target=\"_blank\" rel=\"noopener\">Moulin Rouge<\/a>.<\/p>\n<p><a class=\"btn btn-dark\" target=\"_blank\" href=\"https:\/\/fr.fashionnetwork.com\/galeries\/photos\/Mugler,73385.html\" rel=\"noopener\">Voir le d\u00e9fil\u00e9<\/a><img decoding=\"async\" class=\"news-image\" style=\"width:100%;max-width:645px;\" src=\"https:\/\/www.europesays.com\/fr\/wp-content\/uploads\/2025\/10\/ed5d.jpg\" alt=\"Mugler - Printemps-\u00c9t\u00e9 2026 - V\u00eatements Femme - France - Paris\" loading=\"lazy\"\/>Mugler &#8211; Printemps-\u00c9t\u00e9 2026 &#8211; V\u00eatements Femme &#8211; France &#8211; Paris &#8211; \u00a9Launchmetrics\/spotlight<\/p>\n<p class=\"col-md-8 offset-md-1 article-content--texte\">Miguel Castro Freitas\u00a0a habilement drap\u00e9 des cuirs seconde peau en robes cocktail fronc\u00e9es et en longues robes, compl\u00e9t\u00e9es de fleurs en cuir, d\u2019une audace th\u00e9\u00e2trale. Tout comme la fa\u00e7on dont il a construit des \u00e9paules moul\u00e9es et des d\u00e9collet\u00e9s qui se d\u00e9tachaient du buste, tandis que ses tenues en silicone aux hanches exag\u00e9r\u00e9es se r\u00e9v\u00e9laient remarquables.<\/p>\n<p>Par moments, il y avait tant de beige qu\u2019on ne pouvait s\u2019emp\u00eacher de se souvenir qu\u2019il avait autrefois travaill\u00e9 pour le groupe <a class=\"fnwAddLinks\" href=\"https:\/\/fr.fashionnetwork.com\/tags-max-mara\" title=\"Max Mara\" target=\"_blank\" rel=\"noopener\">Max Mara<\/a>. Le tout, relev\u00e9 d\u2019un soup\u00e7on de lingerie et de transparence pour pimenter l\u2019ensemble, ainsi que d\u2019une s\u00e9rie de robes-rideaux d\u00e9voilant subtilement la poitrine.\u00a0<\/p>\n<p>Miguel Castro Freitas a rejoint Mugler en mars, succ\u00e9dant \u00e0 Casey Cadwallader, et son style plus grandiose s\u2019\u00e9carte de l\u2019obsession pour le S&amp;M qui caract\u00e9risait le r\u00e8gne de son pr\u00e9d\u00e9cesseur.<\/p>\n<p><a class=\"btn btn-dark\" target=\"_blank\" href=\"https:\/\/fr.fashionnetwork.com\/galeries\/photos\/Mugler,73385.html\" rel=\"noopener\">Voir le d\u00e9fil\u00e9<\/a><img decoding=\"async\" class=\"news-image\" style=\"width:100%;max-width:645px;\" src=\"https:\/\/www.europesays.com\/fr\/wp-content\/uploads\/2025\/10\/406a.jpg\" alt=\"Mugler - Printemps-\u00c9t\u00e9 2026 - V\u00eatements Femme - France - Paris\" loading=\"lazy\"\/>Mugler &#8211; Printemps-\u00c9t\u00e9 2026 &#8211; V\u00eatements Femme &#8211; France &#8211; Paris &#8211; \u00a9Launchmetrics\/spotlight<\/p>\n<p class=\"col-md-8 offset-md-1 article-content--texte\">La maison Mugler est aujourd\u2019hui contr\u00f4l\u00e9e par le g\u00e9ant de la beaut\u00e9 L\u2019Or\u00e9al, et comme la plupart des maisons dirig\u00e9es par des groupes de parfums, l\u2019orientation commerciale consiste \u00e0 privil\u00e9gier le tapis rouge, les influenceurs et la couverture \u00e9ditoriale, plut\u00f4t que de d\u00e9velopper une activit\u00e9 de pr\u00eat-\u00e0-porter significative.<\/p>\n<p>En ce sens, la collection de Miguel Castro Freitas semble tr\u00e8s appropri\u00e9e. Elle avait du drame, du fini et du panache. Et un premier rang de choix avec Naomi <a class=\"fnwAddLinks\" href=\"https:\/\/fr.fashionnetwork.com\/tags-watts\" title=\"Watts\" target=\"_blank\" rel=\"noopener\">Watts<\/a>, Eva Herzigov\u00e1 et <a class=\"fnwAddLinks\" href=\"https:\/\/fr.fashionnetwork.com\/tags-pamela-anderson\" title=\"Pamela Anderson\" target=\"_blank\" rel=\"noopener\">Pamela Anderson<\/a>, en rousse.<\/p>\n<p class=\"col-md-10 exergue\">Rick Owens: un temple sur une fontaine<\/p>\n<p>Les d\u00e9fil\u00e9s de Rick Owens tiennent davantage de la performance artistique que de la simple pr\u00e9sentation de v\u00eatements. Son dernier spectacle, un jeudi apr\u00e8s-midi nuageux, s\u2019est r\u00e9v\u00e9l\u00e9 un \u00e9v\u00e9nement \u00e9pique.<\/p>\n<p><a class=\"btn btn-dark\" target=\"_blank\" href=\"https:\/\/fr.fashionnetwork.com\/galeries\/photos\/Rick-Owens,73401.html\" rel=\"noopener\">Voir le d\u00e9fil\u00e9<\/a><img decoding=\"async\" class=\"news-image\" style=\"width:100%;max-width:645px;\" src=\"https:\/\/www.europesays.com\/fr\/wp-content\/uploads\/2025\/10\/89b7.jpg\" alt=\"Rick Owens - Printemps-\u00c9t\u00e9 2026 - V\u00eatements Femme - France - Paris\" loading=\"lazy\"\/>Rick Owens &#8211; Printemps-\u00c9t\u00e9 2026 &#8211; V\u00eatements Femme &#8211; France &#8211; Paris &#8211; \u00a9Launchmetrics\/spotlight<\/p>\n<p class=\"col-md-8 offset-md-1 article-content--texte\">Il est revenu \u00e0 son lieu de pr\u00e9dilection \u2013 la fontaine gigantesque du <a class=\"fnwAddLinks\" href=\"https:\/\/fr.fashionnetwork.com\/tags-palais-de-tokyo\" title=\"Palais de Tokyo\" target=\"_blank\" rel=\"noopener\">Palais de Tokyo<\/a>. Et il a fait descendre ses silhouettes d\u00e9charn\u00e9es et glam par un escalier m\u00e9tallique monumental, directement dans l\u2019eau. La fum\u00e9e de glace carbonique d\u00e9rivait, tandis que des dizaines de haut-parleurs diffusaient le remix dramatique de Basstrologe de \u00ab\u00a0Somebody to Love\u00a0\u00bb, hymne \u00e0 la fid\u00e9lit\u00e9 en amour. Avec la voix magnifique de Grace Slick, l\u2019Acid Queen et plus grande voix de l\u2019\u00e8re psych\u00e9d\u00e9lique en Californie, l\u2019\u00c9tat d\u2019origine de Rick.<\/p>\n<p>Le d\u00e9fil\u00e9 s\u2019est tenu \u00e0 quelques m\u00e8tres de \u00ab\u00a0Temple of Love\u00a0\u00bb, l\u2019exposition magistrale de l\u2019\u0153uvre de Rick Owens actuellement pr\u00e9sent\u00e9e au Mus\u00e9e <a class=\"fnwAddLinks\" href=\"https:\/\/fr.fashionnetwork.com\/tags-galliera\" title=\"Galliera\" target=\"_blank\" rel=\"noopener\">Galliera<\/a>. Comme son d\u00e9fil\u00e9 masculin de juin, qui a donn\u00e9 le coup d\u2019envoi de la r\u00e9trospective, cette collection s\u2019intitulait \u00ab\u00a0Temple\u00a0\u00bb.<\/p>\n<p><a class=\"btn btn-dark\" target=\"_blank\" href=\"https:\/\/fr.fashionnetwork.com\/galeries\/photos\/Rick-Owens,73401.html\" rel=\"noopener\">Voir le d\u00e9fil\u00e9<\/a><img decoding=\"async\" class=\"news-image\" style=\"width:100%;max-width:645px;\" src=\"https:\/\/www.europesays.com\/fr\/wp-content\/uploads\/2025\/10\/cf35.jpg\" alt=\"Rick Owens - Printemps-\u00c9t\u00e9 2026 - V\u00eatements Femme - France - Paris\" loading=\"lazy\"\/>Rick Owens &#8211; Printemps-\u00c9t\u00e9 2026 &#8211; V\u00eatements Femme &#8211; France &#8211; Paris &#8211; \u00a9Launchmetrics\/spotlight<\/p>\n<p class=\"col-md-8 offset-md-1 article-content--texte\">\u00ab\u00a0Cette exposition retrace la qu\u00eate du glamour et du sordide que je cherchais sur Hollywood Boulevard et que, finalement, de mani\u00e8re improbable, j\u2019ai fini par exposer dans un mus\u00e9e parisien. J\u2019ai toujours consid\u00e9r\u00e9 ce que je fais comme une fascination pour la densit\u00e9 de la sophistication esth\u00e9tique europ\u00e9enne vue \u00e0 travers le filtre de la franchise am\u00e9ricaine\u00a0\u00bb, expliquait Rick dans sa note de programme.<\/p>\n<p>Dans cette collection tr\u00e8s audacieuse, la sophistication se lisait dans des drap\u00e9s hors normes, des robes suspendues de fa\u00e7on surr\u00e9elle, des robes en organza technique \u00e0 \u00e9paules marqu\u00e9es et des tissus remarquables. Du tulle de nylon recycl\u00e9 brod\u00e9 de paillettes, ou des cuirs lourds tann\u00e9s au v\u00e9g\u00e9tal, fa\u00e7onn\u00e9s par le cr\u00e9ateur londonien Straytukay.<\/p>\n<p><a class=\"btn btn-dark\" target=\"_blank\" href=\"https:\/\/fr.fashionnetwork.com\/galeries\/photos\/Rick-Owens,73401.html\" rel=\"noopener\">Voir le d\u00e9fil\u00e9<\/a><img decoding=\"async\" class=\"news-image\" style=\"width:100%;max-width:645px;\" src=\"https:\/\/www.europesays.com\/fr\/wp-content\/uploads\/2025\/10\/0925.jpg\" alt=\"Rick Owens - Printemps-\u00c9t\u00e9 2026 - V\u00eatements Femme - France - Paris\" loading=\"lazy\"\/>Rick Owens &#8211; Printemps-\u00c9t\u00e9 2026 &#8211; V\u00eatements Femme &#8211; France &#8211; Paris &#8211; \u00a9Launchmetrics\/spotlight<\/p>\n<p class=\"col-md-8 offset-md-1 article-content--texte\">La frontalit\u00e9 s\u2019incarnait dans des pantalons en cuir surdimensionn\u00e9s, lac\u00e9r\u00e9s et frang\u00e9s, port\u00e9s avec les jackboots \u00e0 talons en Perspex, signature de la maison, id\u00e9ales pour marcher dans l\u2019eau et pour marteler le sol au son du plus grand hymne de Grace Slick.<\/p>\n<p class=\"col-md-10 exergue\">Schiaparelli : danser dans le noir<\/p>\n<p>Daniel Roseberry a intitul\u00e9 sa collection printemps-\u00e9t\u00e9 2026 \u00ab\u00a0Dancer in The Dark\u00a0\u00bb et il s\u2019agit bien de sa s\u00e9lection de v\u00eatements la plus rac\u00e9e, pens\u00e9e pour l\u2019apr\u00e8s-minuit.<\/p>\n<p><img decoding=\"async\" class=\"news-image\" style=\"width:100%;max-width:544px;\" src=\"https:\/\/www.europesays.com\/fr\/wp-content\/uploads\/2025\/10\/77f6.jpg\" alt=\"Collection Schiaparelli printemps\/\u00e9t\u00e9 2026 \u00e0 Paris\" loading=\"lazy\"\/>Collection Schiaparelli printemps\/\u00e9t\u00e9 2026 \u00e0 Paris &#8211; FashionNetwork.com<\/p>\n<p class=\"col-md-8 offset-md-1 article-content--texte\">Les podiums europ\u00e9ens sont empreints d\u2019un nouveau sex-appeal raffin\u00e9 et les derni\u00e8res id\u00e9es de Daniel Roseberry semblent tout \u00e0 fait d\u2019actualit\u00e9.<\/p>\n<p>Ses tailleurs \u00e9taient stricts, sugg\u00e9rant une femme dominatrice, autoritaire et puissante. Des vestes de mess ajust\u00e9es et nettes et des jupes crayon, d\u00e9voilant le ventre \u2013 une tendance actuelle. Les robes cocktail en cuir seconde peau \u00e9taient emboss\u00e9es autour de la poitrine, d\u2019autres \u00e9taient perfor\u00e9es, laissant appara\u00eetre beaucoup de chair.<\/p>\n<p>Plusieurs des mannequins de Daniel Roseberry semblaient s\u2019emp\u00eatrer dans une s\u00e9rie de looks en satin froiss\u00e9 qui ne fonctionnaient pas vraiment, avant qu\u2019il ne se remette sur les rails avec de belles silhouettes en jersey blanc translucide, que la fondatrice Elsa aurait s\u00fbrement ador\u00e9es.<\/p>\n<p><img decoding=\"async\" class=\"news-image\" style=\"width:100%;max-width:726px;\" src=\"https:\/\/www.europesays.com\/fr\/wp-content\/uploads\/2025\/10\/a124.jpg\" alt=\"Collection Schiaparelli printemps-\u00e9t\u00e9 2026 \u00e0 Paris\" loading=\"lazy\"\/>Collection Schiaparelli printemps-\u00e9t\u00e9 2026 \u00e0 Paris &#8211; FashionNetwork.com<\/p>\n<p class=\"col-md-8 offset-md-1 article-content--texte\">Citant Yves <a class=\"fnwAddLinks\" href=\"https:\/\/fr.fashionnetwork.com\/tags-saint-laurent\" title=\"Saint Laurent\" target=\"_blank\" rel=\"noopener\">Saint Laurent<\/a>, qui appelait Schiap\u2019 \u00ab\u00a0une com\u00e8te illuminant l\u2019horizon parisien, d\u00e9termin\u00e9e \u00e0 dominer\u00a0\u00bb, Daniel Roseberry souhaite manifestement que ses clientes fassent de m\u00eame.<\/p>\n<p>Jusqu\u2019\u00e0 la combinaison en mousseline de soie \u00e0 pois ultra-transparente dans laquelle <a class=\"fnwAddLinks\" href=\"https:\/\/fr.fashionnetwork.com\/tags-kendall-jenner\" title=\"Kendall Jenner\" target=\"_blank\" rel=\"noopener\">Kendall Jenner<\/a> arpentait le plateau d\u2019apr\u00e8s-minuit. Install\u00e9 au dernier \u00e9tage du <a class=\"fnwAddLinks\" href=\"https:\/\/fr.fashionnetwork.com\/tags-centre-pompidou\" title=\"Centre Pompidou\" target=\"_blank\" rel=\"noopener\">Centre Pompidou<\/a>, actuellement en restauration, le d\u00e9cor \u2013 tapis noir sinueux, \u00e9clairage th\u00e9\u00e2tral au sol \u2013 conf\u00e9rait \u00e0 l\u2019ensemble un air l\u00e9g\u00e8rement diabolique. Et c\u2019\u00e9tait tant mieux.\n                            <\/p>\n<p>\n                                Cet article est une traduction automatique.<br \/>\n                                    <a href=\"https:\/\/ww.fashionnetwork.com\/news\/Paris-fashion-week-thursday-mugler-rick-owens-and-schiaparelli,1770270.html\" target=\"_blank\" rel=\"noopener\">Cliquez ici<\/a> pour consulter l&rsquo;article d&rsquo;origine.\n                            <\/p>\n<p>\n                                Tous droits de reproduction et de repr\u00e9sentation r\u00e9serv\u00e9s.<br \/>\u00a9 2025 FashionNetwork.com\n                            <\/p>\n","protected":false},"excerpt":{"rendered":"Traduit par Cecile Herrero Publi\u00e9 le 2 octobre 2025 Paris a connu une nouvelle entr\u00e9e en sc\u00e8ne jeudi:&hellip;\n","protected":false},"author":2,"featured_media":434912,"comment_status":"","ping_status":"","sticky":false,"template":"","format":"standard","meta":{"footnotes":""},"categories":[1888],"tags":[11,2424,4223,537,2423,21472,1777,674,54175,1011,27,18623,28385,5522,32584,2425,56244,985,38389,12,24451,19404,2298,626,4767,2426,2427,56245,25,2421,24447,13507,2422,21473,56246],"class_list":{"0":"post-434911","1":"post","2":"type-post","3":"status-publish","4":"format-standard","5":"has-post-thumbnail","7":"category-paris","8":"tag-actualites","9":"tag-beaute","10":"tag-centre-pompidou","11":"tag-contact","12":"tag-cosmetiques","13":"tag-dior","14":"tag-eu","15":"tag-europe","16":"tag-fevrier","17":"tag-fr","18":"tag-france","19":"tag-galliera","20":"tag-john-galliano","21":"tag-kendall-jenner","22":"tag-loreal","23":"tag-luxe","24":"tag-max-mara","25":"tag-mode","26":"tag-moulin-rouge","27":"tag-news","28":"tag-palais-de-tokyo","29":"tag-pamela-anderson","30":"tag-parfum","31":"tag-paris","32":"tag-printemps","33":"tag-professionnel","34":"tag-professionnels","35":"tag-raf-simons","36":"tag-republique-francaise","37":"tag-reseau","38":"tag-rick-owens","39":"tag-saint-laurent","40":"tag-textile","41":"tag-thierry-mugler","42":"tag-watts"},"share_on_mastodon":{"url":"https:\/\/pubeurope.com\/@fr\/115307395925294301","error":""},"_links":{"self":[{"href":"https:\/\/www.europesays.com\/fr\/wp-json\/wp\/v2\/posts\/434911","targetHints":{"allow":["GET"]}}],"collection":[{"href":"https:\/\/www.europesays.com\/fr\/wp-json\/wp\/v2\/posts"}],"about":[{"href":"https:\/\/www.europesays.com\/fr\/wp-json\/wp\/v2\/types\/post"}],"author":[{"embeddable":true,"href":"https:\/\/www.europesays.com\/fr\/wp-json\/wp\/v2\/users\/2"}],"replies":[{"embeddable":true,"href":"https:\/\/www.europesays.com\/fr\/wp-json\/wp\/v2\/comments?post=434911"}],"version-history":[{"count":0,"href":"https:\/\/www.europesays.com\/fr\/wp-json\/wp\/v2\/posts\/434911\/revisions"}],"wp:featuredmedia":[{"embeddable":true,"href":"https:\/\/www.europesays.com\/fr\/wp-json\/wp\/v2\/media\/434912"}],"wp:attachment":[{"href":"https:\/\/www.europesays.com\/fr\/wp-json\/wp\/v2\/media?parent=434911"}],"wp:term":[{"taxonomy":"category","embeddable":true,"href":"https:\/\/www.europesays.com\/fr\/wp-json\/wp\/v2\/categories?post=434911"},{"taxonomy":"post_tag","embeddable":true,"href":"https:\/\/www.europesays.com\/fr\/wp-json\/wp\/v2\/tags?post=434911"}],"curies":[{"name":"wp","href":"https:\/\/api.w.org\/{rel}","templated":true}]}}