{"id":434920,"date":"2025-10-03T00:30:19","date_gmt":"2025-10-03T00:30:19","guid":{"rendered":"https:\/\/www.europesays.com\/fr\/434920\/"},"modified":"2025-10-03T00:30:19","modified_gmt":"2025-10-03T00:30:19","slug":"victimes-blesses-graves-et-suspect-abattu-ce-que-lon-sait-de-lattaque-dune-synagogue-a-manchester-2","status":"publish","type":"post","link":"https:\/\/www.europesays.com\/fr\/434920\/","title":{"rendered":"Victimes, bless\u00e9s graves et suspect abattu\u2026 Ce que l\u2019on sait de l\u2019attaque d\u2019une synagogue \u00e0 Manchester"},"content":{"rendered":"<p><a href=\"https:\/\/www.20minutes.fr\/faits_divers\/4176620-20251002-royaume-uni-attaque-couteau-devant-synagogue-nord-manchester\" target=\"_blank\" class=\"c-link c-link--is-underlined\" rel=\"nofollow noopener\">Deux personnes ont \u00e9t\u00e9 tu\u00e9es et quatre autres gri\u00e8vement bless\u00e9es<\/a> jeudi matin lors d\u2019un attentat visant une synagogue de Manchester au <a href=\"https:\/\/www.20minutes.fr\/monde\/royaume-uni\/\" target=\"_blank\" class=\"c-link c-link--is-underlined\" rel=\"nofollow noopener\">Royaume-Uni<\/a>, en plein Yom Kippour. L\u2019assaillant, qui a fonc\u00e9 sur la foule avec sa voiture avant de poignarder plusieurs personnes, a \u00e9t\u00e9 abattu par la police. 20 Minutes fait le point.<\/p>\n<p>Que s\u2019est-il pass\u00e9 exactement\u00a0?<\/p>\n<p>L\u2019attaque a eu lieu vers 9h30 devant la <a href=\"https:\/\/www.20minutes.fr\/dossier\/synagogue\" target=\"_blank\" class=\"c-link c-link--is-underlined\" rel=\"nofollow noopener\">synagogue<\/a> d\u2019Heaton Park, dans le quartier de Crumpsall, alors que de nombreux fid\u00e8les \u00e9taient r\u00e9unis pour la plus importante f\u00eate du calendrier juif. Selon la police, l\u2019homme a d\u2019abord percut\u00e9 plusieurs personnes avec son v\u00e9hicule, avant de sortir arm\u00e9 d\u2019un <a href=\"https:\/\/www.20minutes.fr\/dossier\/coup_de_couteau\" target=\"_blank\" class=\"c-link c-link--is-underlined\" rel=\"nofollow noopener\">couteau<\/a> et de s\u2019en prendre aux passants. L\u2019assaillant portait un gilet qui pouvait laisser croire \u00e0 la pr\u00e9sence d\u2019explosifs. Les forces de l\u2019ordre l\u2019ont neutralis\u00e9 seulement sept minutes apr\u00e8s le premier appel d\u2019urgence. Dans la nuit, la police a annonc\u00e9 que le suspect \u00e9tait un Britannique d&rsquo;origine syrienne nomm\u00e9 Jihad Al-Shamie. Il n&rsquo;avait jamais fait l&rsquo;objet d&rsquo;un signalement aupr\u00e8s du programme national de pr\u00e9vention de l&rsquo;extr\u00e9misme.<\/p>\n<p>Deux membres de la communaut\u00e9 juive ont perdu la vie, tandis que trois autres personnes ont \u00e9t\u00e9 hospitalis\u00e9es pour des blessures graves. Les fid\u00e8les encore pr\u00e9sents dans la synagogue ont \u00e9t\u00e9 confin\u00e9s avant d\u2019\u00eatre finalement \u00e9vacu\u00e9s.<\/p>\n<p>Quelles sont les r\u00e9actions\u00a0?<\/p>\n<p>Le Premier ministre britannique <a href=\"https:\/\/www.20minutes.fr\/monde\/keir-starmer\/\" target=\"_blank\" class=\"c-link c-link--is-underlined\" rel=\"nofollow noopener\">Keir Starmer<\/a> a exprim\u00e9 son \u00ab\u00a0horreur\u00a0\u00bb et annonc\u00e9 le d\u00e9ploiement de forces de s\u00e9curit\u00e9 suppl\u00e9mentaires autour des synagogues du pays, tout en \u00e9courtant sa participation au sommet de la Communaut\u00e9 politique europ\u00e9enne \u00e0 Copenhague pour rentrer \u00e0 Londres. \u00ab\u00a0Ce n\u2019est pas une haine nouvelle, c\u2019est quelque chose que les Juifs ont toujours v\u00e9cu, nous devons \u00eatre clairs, c\u2019est une haine qui monte une fois de plus, et la Grande-Bretagne doit la vaincre une fois de plus\u00a0\u00bb, a-t-il encore affirm\u00e9. Le <a href=\"https:\/\/www.20minutes.fr\/dossier\/prince_charles\" target=\"_blank\" class=\"c-link c-link--is-underlined\" rel=\"nofollow noopener\">roi Charles III<\/a> s\u2019est dit \u00ab\u00a0profond\u00e9ment choqu\u00e9 et attrist\u00e9\u00a0\u00bb.<\/p>\n<\/p>\n<p>Sur la sc\u00e8ne internationale, l\u2019ambassade d\u2019Isra\u00ebl au Royaume-Uni a d\u00e9nonc\u00e9 une attaque \u00ab\u00a0odieuse et profond\u00e9ment bouleversante\u00a0\u00bb, tandis que l\u2019Union europ\u00e9enne a appel\u00e9 \u00e0 \u00ab\u00a0continuer \u00e0 lutter contre l\u2019antis\u00e9mitisme sous toutes ses formes\u00a0\u00bb. Le ministre isra\u00e9lien des Affaires \u00e9trang\u00e8res, Gideon Saar, a point\u00e9 une \u00ab\u00a0mont\u00e9e de l\u2019<a href=\"https:\/\/www.20minutes.fr\/dossier\/antisemitisme\" target=\"_blank\" class=\"c-link c-link--is-underlined\" rel=\"nofollow noopener\">antis\u00e9mitisme<\/a> au Royaume-Uni\u00a0\u00bb, jugeant que les autorit\u00e9s britanniques n\u2019avaient pas su endiguer le ph\u00e9nom\u00e8ne\u00a0: \u00ab\u00a0La v\u00e9rit\u00e9 doit \u00eatre dite\u00a0: les incitations antis\u00e9mites et anti-isra\u00e9liennes \u00e9videntes et g\u00e9n\u00e9ralis\u00e9es [\u2026] sont devenues un ph\u00e9nom\u00e8ne r\u00e9pandu dans les rues et les campus\u00a0\u00bb.<\/p>\n<p>Le Premier ministre isra\u00e9lien Benyamin Netanyahou a condamn\u00e9 une \u00ab\u00a0attaque barbare\u00a0\u00bb. En France, <a href=\"https:\/\/www.20minutes.fr\/politique\/emmanuel-macron\/\" target=\"_blank\" class=\"c-link c-link--is-underlined\" rel=\"nofollow noopener\">Emmanuel Macron<\/a> a condamn\u00e9 sur X une \u00ab\u00a0attaque terroriste antis\u00e9mite\u00a0\u00bb, et Bruno Retailleau, ministre de l\u2019Int\u00e9rieur d\u00e9missionnaire, a appel\u00e9 \u00e0 renforcer la s\u00e9curit\u00e9 des lieux fr\u00e9quent\u00e9s par la communaut\u00e9 juive.<\/p>\n<p>L\u2019enqu\u00eate suit son cours<\/p>\n<p>L\u2019attaque, qualifi\u00e9e de <a href=\"https:\/\/www.20minutes.fr\/dossier\/terroriste\" target=\"_blank\" class=\"c-link c-link--is-underlined\" rel=\"nofollow noopener\">terroriste<\/a> par la police, a conduit \u00e0 l&rsquo;arrestation de trois suspects, deux hommes \u00e2g\u00e9s d&rsquo;une trentaine d&rsquo;ann\u00e9es et une femme d&rsquo;une soixantaine d&rsquo;ann\u00e9es. Ils \u00e9taient en garde \u00e0 vue jeudi soir, soup\u00e7onn\u00e9s d&rsquo;avoir \u00ab commis, pr\u00e9par\u00e9 et incit\u00e9 \u00e0 commettre des actes terroristes \u00bb, a indiqu\u00e9 la police du Grand Manchester.<\/p>\n<p><a href=\"https:\/\/www.20minutes.fr\/monde\/attentat\/\" target=\"_blank\" class=\"c-link c-btn c-btn--primary\" rel=\"nofollow noopener\">Notre dossier sur les attentats<\/a><\/p>\n<p>Cet attentat survient alors que les incidents antis\u00e9mites restent \u00e0 des niveaux tr\u00e8s \u00e9lev\u00e9s au Royaume-Uni\u00a0: la Community Security Trust en a recens\u00e9 1.521 au premier semestre\u00a02025, le deuxi\u00e8me total le plus \u00e9lev\u00e9 jamais enregistr\u00e9 malgr\u00e9 une l\u00e9g\u00e8re baisse par rapport \u00e0\u00a02024.<\/p>\n","protected":false},"excerpt":{"rendered":"Deux personnes ont \u00e9t\u00e9 tu\u00e9es et quatre autres gri\u00e8vement bless\u00e9es jeudi matin lors d\u2019un attentat visant une synagogue&hellip;\n","protected":false},"author":2,"featured_media":434921,"comment_status":"","ping_status":"","sticky":false,"template":"","format":"standard","meta":{"footnotes":""},"categories":[1588],"tags":[47,11,6155,5581,7623,1067,1777,674,5005,2581,3491,74,12,473,1853,1254,1851,1850,1852],"class_list":{"0":"post-434920","1":"post","2":"type-post","3":"status-publish","4":"format-standard","5":"has-post-thumbnail","7":"category-royaume-uni","8":"tag-actualite","9":"tag-actualites","10":"tag-antisemitisme","11":"tag-attentat","12":"tag-coup-de-couteau","13":"tag-enquete","14":"tag-eu","15":"tag-europe","16":"tag-juif","17":"tag-keir-starmer","18":"tag-manchester","19":"tag-monde","20":"tag-news","21":"tag-royaume-uni","22":"tag-royaume-uni-de-grande-bretagne-et-dirlande-du-nord","23":"tag-terrorisme","24":"tag-uk","25":"tag-united-kingdom","26":"tag-united-kingdom-of-great-britain-and-northern-ireland"},"share_on_mastodon":{"url":"https:\/\/pubeurope.com\/@fr\/115307415019301716","error":""},"_links":{"self":[{"href":"https:\/\/www.europesays.com\/fr\/wp-json\/wp\/v2\/posts\/434920","targetHints":{"allow":["GET"]}}],"collection":[{"href":"https:\/\/www.europesays.com\/fr\/wp-json\/wp\/v2\/posts"}],"about":[{"href":"https:\/\/www.europesays.com\/fr\/wp-json\/wp\/v2\/types\/post"}],"author":[{"embeddable":true,"href":"https:\/\/www.europesays.com\/fr\/wp-json\/wp\/v2\/users\/2"}],"replies":[{"embeddable":true,"href":"https:\/\/www.europesays.com\/fr\/wp-json\/wp\/v2\/comments?post=434920"}],"version-history":[{"count":0,"href":"https:\/\/www.europesays.com\/fr\/wp-json\/wp\/v2\/posts\/434920\/revisions"}],"wp:featuredmedia":[{"embeddable":true,"href":"https:\/\/www.europesays.com\/fr\/wp-json\/wp\/v2\/media\/434921"}],"wp:attachment":[{"href":"https:\/\/www.europesays.com\/fr\/wp-json\/wp\/v2\/media?parent=434920"}],"wp:term":[{"taxonomy":"category","embeddable":true,"href":"https:\/\/www.europesays.com\/fr\/wp-json\/wp\/v2\/categories?post=434920"},{"taxonomy":"post_tag","embeddable":true,"href":"https:\/\/www.europesays.com\/fr\/wp-json\/wp\/v2\/tags?post=434920"}],"curies":[{"name":"wp","href":"https:\/\/api.w.org\/{rel}","templated":true}]}}