{"id":434924,"date":"2025-10-03T00:33:20","date_gmt":"2025-10-03T00:33:20","guid":{"rendered":"https:\/\/www.europesays.com\/fr\/434924\/"},"modified":"2025-10-03T00:33:20","modified_gmt":"2025-10-03T00:33:20","slug":"le-sahara-marocain-inclus-dans-les-nouveaux-accords-agricoles-entre-le-maroc-et-lunion-europeenne","status":"publish","type":"post","link":"https:\/\/www.europesays.com\/fr\/434924\/","title":{"rendered":"Le Sahara marocain inclus dans les nouveaux accords agricoles entre le Maroc et l&rsquo;Union europ\u00e9enne"},"content":{"rendered":"<p><b>\u00ab Le Royaume du Maroc et l&rsquo;Union europ\u00e9enne viennent de conclure avec succ\u00e8s, dans un esprit de partenariat et d&rsquo;engagement, les n\u00e9gociations relatives \u00e0 la modification de l&rsquo;accord agricole qui lie les deux parties \u00bb, a d\u00e9clar\u00e9 jeudi le ministre des Affaires \u00e9trang\u00e8res, de la Coop\u00e9ration africaine et des Marocains r\u00e9sidant \u00e0 l&rsquo;\u00e9tranger, Nasser Bourita.<\/b><\/p>\n<p>Dans une d\u00e9claration faite aujourd&rsquo;hui \u00e0 Rabat, le ministre a pr\u00e9cis\u00e9 que \u00ab l&rsquo;accord sera sign\u00e9 prochainement \u00e0 Bruxelles \u00bb et que, dans l&rsquo;attente de la conclusion des proc\u00e9dures internes, \u00ab l&rsquo;accord sera appliqu\u00e9 \u00e0 titre provisoire d\u00e8s sa signature \u00bb.<\/p>\n<p>Cet accord, a-t-il soulign\u00e9, \u00ab apporte les clarifications n\u00e9cessaires, dans le respect des fondements nationaux du Royaume \u00bb. Il s&rsquo;inscrit dans la continuit\u00e9 et \u00ab la philosophie de l&rsquo;\u00e9change de notes sign\u00e9 entre les deux parties en 2018 \u00bb, auquel \u00ab l&rsquo;\u00e9conomie g\u00e9n\u00e9rale du nouveau texte reste fid\u00e8le \u00bb, a-t-il ajout\u00e9.<\/p>\n<p><b>Le ministre a indiqu\u00e9 \u00e0 cet \u00e9gard que \u00ab l&rsquo;accord confirme l&rsquo;application aux provinces du Sud des tarifs pr\u00e9f\u00e9rentiels accord\u00e9s par l&rsquo;UE en vertu de l&rsquo;accord d&rsquo;association avec le Maroc \u00bb,<\/b>\u00a0avant d&rsquo;expliquer que, d&rsquo;une mani\u00e8re g\u00e9n\u00e9rale, les conditions d&rsquo;acc\u00e8s au march\u00e9 europ\u00e9en des produits du Nord s&rsquo;appliqueront aux produits du Sahara marocain.<\/p>\n<p><b>De m\u00eame, a pr\u00e9cis\u00e9 le ministre des Affaires \u00e9trang\u00e8res, le texte introduit des ajustements techniques li\u00e9s \u00e0 l&rsquo;information des consommateurs sur l&rsquo;origine des produits.<\/b>\u00a0En effet, a expliqu\u00e9 M. Bourita, des \u00e9tiquettes mentionnant les r\u00e9gions de production du sud du Royaume &#8211; \u00ab Laayoune-Sakia El Hamra \u00bb et \u00ab Dakhla-Oued Eddahab \u00bb &#8211; seront appos\u00e9es sur les produits agricoles.<\/p>\n<p>D&rsquo;autre part, le texte rappelle la position formul\u00e9e par l&rsquo;Union europ\u00e9enne en 2019 sur la question du Sahara marocain, dans laquelle l&rsquo;UE appr\u00e9cie les efforts s\u00e9rieux et cr\u00e9dibles du Maroc. Il fait \u00e9galement r\u00e9f\u00e9rence aux positions nationales ult\u00e9rieures de nombreux \u00c9tats membres de l&rsquo;UE, exprimant leur soutien \u00e0 l&rsquo;initiative marocaine d&rsquo;autonomie, dans le cadre de la dynamique impuls\u00e9e par Sa Majest\u00e9 le Roi Mohammed VI, que Dieu l&rsquo;assiste, a-t-il soulign\u00e9.<\/p>\n<p><b>M. Bourita a ajout\u00e9 : \u00ab Bien s\u00fbr, il ne s&rsquo;agit pas d&rsquo;un accord politique, mais d&rsquo;un accord sectoriel, commercial et op\u00e9rationnel. Cependant, il envoie des signaux forts et clairs \u00bb.<\/b><\/p>\n<p>\u00c0 cet \u00e9gard, le ministre a soulign\u00e9 la vision du roi Mohammed VI, gr\u00e2ce \u00e0 laquelle \u00ab le Sahara marocain est devenu une zone de d\u00e9veloppement, de connexion et de prosp\u00e9rit\u00e9, qui s&rsquo;affirme comme un p\u00f4le de stabilit\u00e9 et de d\u00e9veloppement r\u00e9gional \u00bb.\u00a0<b>Cette dynamique explique, a poursuivi M. Bourita, \u00ab l&rsquo;int\u00e9r\u00eat des grandes puissances mondiales et r\u00e9gionales pour les activit\u00e9s \u00e9conomiques au Sahara marocain et leur volont\u00e9 de promouvoir le commerce et l&rsquo;investissement dans la r\u00e9gion, afin de faire du Sahara un lien entre l&rsquo;Europe et l&rsquo;Afrique, entre la M\u00e9diterran\u00e9e et l&rsquo;Atlantique \u00bb.<\/b><\/p>\n<p>Le ministre a cit\u00e9, \u00e0 titre d&rsquo;exemple, \u00ab la d\u00e9claration ferme des \u00c9tats-Unis la semaine derni\u00e8re \u00bb, le \u00ab Forum \u00e9conomique Maroc-France, pr\u00e9vu \u00e0 Dakhla le 9 octobre \u00bb et \u00ab l&rsquo;action pr\u00e9vue par l&rsquo;agence britannique UK Export Finance \u00bb.<\/p>\n<p>De m\u00eame, l&rsquo;accord avec l&rsquo;UE \u00ab apporte une contribution qualitative au niveau national \u00bb, en contribuant au PIB agricole et \u00e0 la cr\u00e9ation et au maintien d&#8217;emplois, en particulier dans la r\u00e9gion du Sahara marocain, a ajout\u00e9 le ministre.<\/p>\n<p>\u00ab Naturellement, cet accord renforce le partenariat strat\u00e9gique ancien et solide entre le Maroc et l&rsquo;UE \u00bb, a r\u00e9affirm\u00e9 M. Bourita, soulignant que\u00a0<b>le Maroc est un partenaire fiable et cr\u00e9dible, avec lequel l&rsquo;UE r\u00e9alise la majeure partie de ses \u00e9changes commerciaux en Afrique et dans le monde arabe,\u00a0<\/b>pour une valeur annuelle sup\u00e9rieure \u00e0 60 milliards d&rsquo;euros, incluant les produits industriels, les \u00e9quipements et les produits agricoles.<\/p>\n<p><b>En outre, tout en soulignant que \u00ab le Roi a toujours souhait\u00e9 que le partenariat Maroc-UE se d\u00e9veloppe \u00e0 travers des actions communes et concr\u00e8tes \u00bb, M. Bourita a indiqu\u00e9 que les secteurs commercial et agricole sont certes importants, en raison de leur r\u00f4le dans l&rsquo;\u00e9conomie du Royaume, mais notre partenariat [avec l&rsquo;Union europ\u00e9enne] s&rsquo;\u00e9tend \u00e9galement \u00e0 un large \u00e9ventail de domaines : politique, \u00e9conomique, social et environnemental, ainsi qu&rsquo;aux secteurs de la migration et de la mobilit\u00e9, de la s\u00e9curit\u00e9, des technologies num\u00e9riques et de la culture \u00bb.<\/b><\/p>\n<p>Enfin, \u00e0 un moment o\u00f9 le contexte r\u00e9gional est complexe et o\u00f9 les crises deviennent structurelles<b>, ces progr\u00e8s graduels permettent au Maroc et \u00e0 l&rsquo;UE d&rsquo;aborder leur avenir commun avec s\u00e9r\u00e9nit\u00e9 et d&rsquo;envisager une voie ambitieuse et prometteuse, a soutenu le ministre.<\/b><\/p>\n<p>\u00ab Nous sommes d\u00e9sormais en mesure de d\u00e9ployer tout notre potentiel existant, que ce soit en pr\u00e9parant des rendez-vous conjoints ou en dynamisant nos cadres politiques, tels que le Conseil d&rsquo;association, et en jetant les bases d&rsquo;un partenariat strat\u00e9gique encore plus profond, qui guidera nos relations dans les ann\u00e9es \u00e0 venir \u00bb, a conclu M. Bourita.<\/p>\n","protected":false},"excerpt":{"rendered":"\u00ab Le Royaume du Maroc et l&rsquo;Union europ\u00e9enne viennent de conclure avec succ\u00e8s, dans un esprit de partenariat&hellip;\n","protected":false},"author":2,"featured_media":434925,"comment_status":"","ping_status":"","sticky":false,"template":"","format":"standard","meta":{"footnotes":""},"categories":[1586],"tags":[11,1777,674,1779,1011,27,1577,47087,47090,12,47089,25,1778,14749,364],"class_list":{"0":"post-434924","1":"post","2":"type-post","3":"status-publish","4":"format-standard","5":"has-post-thumbnail","7":"category-europe","8":"tag-actualites","9":"tag-eu","10":"tag-europe","11":"tag-european-union","12":"tag-fr","13":"tag-france","14":"tag-l","15":"tag-marruecos","16":"tag-morocco","17":"tag-news","18":"tag-politica-marruecos","19":"tag-republique-francaise","20":"tag-ue","21":"tag-union-europea","22":"tag-union-europeenne"},"share_on_mastodon":{"url":"https:\/\/pubeurope.com\/@fr\/115307426864850364","error":""},"_links":{"self":[{"href":"https:\/\/www.europesays.com\/fr\/wp-json\/wp\/v2\/posts\/434924","targetHints":{"allow":["GET"]}}],"collection":[{"href":"https:\/\/www.europesays.com\/fr\/wp-json\/wp\/v2\/posts"}],"about":[{"href":"https:\/\/www.europesays.com\/fr\/wp-json\/wp\/v2\/types\/post"}],"author":[{"embeddable":true,"href":"https:\/\/www.europesays.com\/fr\/wp-json\/wp\/v2\/users\/2"}],"replies":[{"embeddable":true,"href":"https:\/\/www.europesays.com\/fr\/wp-json\/wp\/v2\/comments?post=434924"}],"version-history":[{"count":0,"href":"https:\/\/www.europesays.com\/fr\/wp-json\/wp\/v2\/posts\/434924\/revisions"}],"wp:featuredmedia":[{"embeddable":true,"href":"https:\/\/www.europesays.com\/fr\/wp-json\/wp\/v2\/media\/434925"}],"wp:attachment":[{"href":"https:\/\/www.europesays.com\/fr\/wp-json\/wp\/v2\/media?parent=434924"}],"wp:term":[{"taxonomy":"category","embeddable":true,"href":"https:\/\/www.europesays.com\/fr\/wp-json\/wp\/v2\/categories?post=434924"},{"taxonomy":"post_tag","embeddable":true,"href":"https:\/\/www.europesays.com\/fr\/wp-json\/wp\/v2\/tags?post=434924"}],"curies":[{"name":"wp","href":"https:\/\/api.w.org\/{rel}","templated":true}]}}