{"id":434926,"date":"2025-10-03T00:34:17","date_gmt":"2025-10-03T00:34:17","guid":{"rendered":"https:\/\/www.europesays.com\/fr\/434926\/"},"modified":"2025-10-03T00:34:17","modified_gmt":"2025-10-03T00:34:17","slug":"le-depute-francois-piquemal-a-bien-ete-intercepte-par-larmee-israelienne","status":"publish","type":"post","link":"https:\/\/www.europesays.com\/fr\/434926\/","title":{"rendered":"le d\u00e9put\u00e9 Fran\u00e7ois Piquemal a bien \u00e9t\u00e9 intercept\u00e9 par l&rsquo;arm\u00e9e isra\u00e9lienne"},"content":{"rendered":"<p>            Par<br \/>\n        <strong><br \/>\n            <a href=\"https:\/\/actu.fr\/auteur\/david-saint-sernin\" title=\"Consulter tous les articles de David Saint-Sernin\" rel=\"nofollow noopener\" target=\"_blank\">David Saint-Sernin<\/a><br \/>\n        <\/strong><\/p>\n<p>        Publi\u00e9 le<\/p>\n<p>            2 oct. 2025 \u00e0 15h24<br \/>\n        ; mis \u00e0 jour le 2 oct. 2025 \u00e0 20h58    <\/p>\n<p>Mise \u00e0 jour 20h50. Fran\u00e7ois Piquemal a bien \u00e9t\u00e9 intercept\u00e9 et il va bien indique sa collaboratrice parlementaire, In\u00e8s Dj\u00e9lida, ce jeudi soir \u00e0 Actu Toulouse. Une information qu\u2019elle a obtenu du Consul de France qui doit rendre visite au d\u00e9put\u00e9 de Haute-Garonne ce vendredi . Tout l\u2019\u00e9quipage de son bateau, donc le m\u00e9decin toulousain Khaled Benboutrif et le secr\u00e9taire g\u00e9n\u00e9ral de la CGT 31, C\u00e9dric Caub\u00e8re, se trouve au m\u00eame endroit. Fran\u00e7ois Piquemal doit \u00eatre \u00e9t\u00e9 transf\u00e9r\u00e9 dans une prison Neguev ce vendredi, toujours selon In\u00e8s Dj\u00e9lida.\u00a0<\/p>\n<p class=\" wall-content\">Il a quitt\u00e9 Toulouse depuis quasiment un mois. Le 5\u00a0septembre, le d\u00e9put\u00e9 LFI de Haute-Garonne,<a href=\"https:\/\/actu.fr\/occitanie\/toulouse_31555\/municipales-2026-a-toulouse-le-depute-francois-piquemal-officialise-sa-candidature_62129612.html\" rel=\"nofollow noopener\" target=\"_blank\"> Fran\u00e7ois Piquemal<\/a>, avait annonc\u00e9 <a href=\"https:\/\/actu.fr\/occitanie\/toulouse_31555\/le-depute-lfi-francois-piquemal-est-a-bord-d-une-flottille-humanitaire-pour-gaza-ce-qu-il-s-y-passe_63126344.html\" rel=\"nofollow noopener\" target=\"_blank\">embarquer dans une flottille humanitaire internationale pour Gaza.<\/a> Une flottille humanitaire qui comptait plus de 60 bateaux, \u00e0 l\u2019int\u00e9rieur desquels avaient \u00e9t\u00e9 embarqu\u00e9s de l\u2019aide humanitaire et du mat\u00e9riel m\u00e9dical.<\/p>\n<p>La France Insoumise a perdu le contact avec Fran\u00e7ois Piquemal<\/p>\n<p class=\" wall-content\">Apr\u00e8s plusieurs jours pass\u00e9s dans un lieu tenu secret, la flottille avait pris la route de Gaza. Ce jeudi 2\u00a0octobre 2025, La France Insoumise<strong> annonce avoir perdu le contact avec le bateau de Fran\u00e7ois Piquemal<\/strong>.<\/p>\n<p class=\" wall-content\">Contact\u00e9e par Actu Toulouse, sa collaboratrice parlementaire, In\u00e8s Djelida, indique que le contact avec le bateau de Fran\u00e7ois Piquemal <strong>a \u00e9t\u00e9 perdu la nuit derni\u00e8re vers 3h30 du matin<\/strong>. Elle raconte\u2009:<\/p>\n<p class=\" wall-content\">\u00ab\u2009On ne sait pas ce qu\u2019il s\u2019est pass\u00e9 car<strong> la cam\u00e9ra a \u00e9t\u00e9 coup\u00e9e<\/strong>. Nous ne sommes pas s\u00fbrs qu\u2019il y ait eu interpellation. Fran\u00e7ois Piquemal a r\u00e9alis\u00e9 un dernier live vers 2h30, je lui ai envoy\u00e9 un message vers 3h06, puis il n\u2019y a plus eu de r\u00e9seau \u00e0 partir de 3h20. Ce que l\u2019on sait, c\u2019est que plusieurs bateaux de la flottille avaient \u00e9t\u00e9 stopp\u00e9s et qu\u2019une course-poursuite \u00e9tait engag\u00e9e par le bateau de Fran\u00e7ois avec d\u2019autres bateaux de l\u2019arm\u00e9e isra\u00e9lienne. Le bateau <strong>faisait partie de ceux qui avaient le plus avanc\u00e9<\/strong> puisqu\u2019il se trouvait \u00e0 112 kilom\u00e8tres de Gaza. Fran\u00e7ois \u00e9tait d\u00e9termin\u00e9 dans sa mission. L\u2019\u00e9quipage avait le souhait de continuer co\u00fbte que co\u00fbte. Selon les derni\u00e8res infos du tracker, dont on a retrouv\u00e9 le signalement, le bateau serait d\u00e9sormais conduit vers Israel. Il a d\u00e9vi\u00e9 de son cap\u2009\u00bb.<\/p>\n<p class=\" wall-content\">\n<p>LFI d\u00e9nonce un \u00ab\u2009enl\u00e8vement ill\u00e9gal\u2009\u00bb<\/p>\n<p class=\" wall-content\">Dans un communiqu\u00e9 de presse LFI d\u00e9nonce un \u00ab\u2009enl\u00e8vement ill\u00e9gal en eaux internationales\u2009\u00bb. Et poursuit\u2009:<\/p>\n<p class=\" wall-content\">\u00ab\u2009Aucun \u00c9tat ne dispose d\u2019un droit \u00e0 bloquer une aide humanitaire, ni \u00e0 intervenir de la sorte en dehors de son territoire. Nous demandons au pr\u00e9sident de la R\u00e9publique et \u00e0 son ministre de l\u2019Int\u00e9rieur d\u00e9missionnaire<strong> d\u2019intervenir imm\u00e9diatement<\/strong> pour exiger la lib\u00e9ration des ressortissant.e.s fran\u00e7ais.e.s, des parlementaires (fran\u00e7ais.e.s et europ\u00e9en.n.e.s), ainsi que de l\u2019ensemble des humanitaires engag\u00e9.e.s sur cette flottille\u2009\u00bb.<\/p>\n<p>Vid\u00e9os : en ce moment sur ActuUn rassemblement organis\u00e9 \u00e0 Toulouse<\/p>\n<p class=\" wall-content\">Un rassemblement est organis\u00e9 ce jeudi soir, \u00e0 18h30, \u00e0 Toulouse, du c\u00f4t\u00e9 de Jean-Jaur\u00e8s pour demander la lib\u00e9ration de Fran\u00e7ois Piquemal \u00ab\u2009et des autres membres de cette flottille\u2009\u00bb.<\/p>\n<p class=\" wall-content\">Dans le bateau de Fran\u00e7ois Piquemal se trouve \u00e9galement le m\u00e9decin toulousain <strong>Khaled <\/strong><strong>Benboutrif.<\/strong><\/p>\n<p>Votre r\u00e9gion, votre actu !<\/p>\n<p>Recevez chaque jour les infos qui comptent pour vous.<\/p>\n<p>\t<a href=\"https:\/\/actu.fr\/newsletter\" class=\"ac-btn ac-btn--corner ac-btn--medium ac-btn--blue800\" rel=\"nofollow noopener\" target=\"_blank\">S&rsquo;incrire<\/a><\/p>\n<p class=\" wall-content\">En janvier\u00a02025, Fran\u00e7ois Piquemal a annonc\u00e9 <a href=\"https:\/\/actu.fr\/occitanie\/toulouse_31555\/municipales-2026-a-toulouse-le-depute-francois-piquemal-officialise-sa-candidature_62129612.html\" rel=\"nofollow noopener\" target=\"_blank\">sa candidature aux \u00e9lections municipales 2026 \u00e0 Toulouse.<\/a><\/p>\n<p class=\" wall-content\">Personnalisez votre actualit\u00e9 en ajoutant vos villes et m\u00e9dias en favori avec <a href=\"https:\/\/moncompte.actu.fr\" title=\"D\u00e9couvez Mon Actu\" rel=\"nofollow noopener\" data-trk=\"{&quot;cta&quot;:{&quot;action&quot;:&quot;https:\\\/\\\/moncompte.actu.fr&quot;,&quot;category&quot;:&quot;mon compte&quot;,&quot;from&quot;:&quot;article footer&quot;,&quot;name&quot;:&quot;Mon actu&quot;,&quot;type&quot;:&quot;cta&quot;}}\" target=\"_blank\">Mon Actu<\/a>.<\/p>\n","protected":false},"excerpt":{"rendered":"Par David Saint-Sernin Publi\u00e9 le 2 oct. 2025 \u00e0 15h24 ; mis \u00e0 jour le 2 oct. 2025&hellip;\n","protected":false},"author":2,"featured_media":434927,"comment_status":"","ping_status":"","sticky":false,"template":"","format":"standard","meta":{"footnotes":""},"categories":[2],"tags":[11,1011,27,665,1023,12,25,104],"class_list":{"0":"post-434926","1":"post","2":"type-post","3":"status-publish","4":"format-standard","5":"has-post-thumbnail","7":"category-actualites","8":"tag-actualites","9":"tag-fr","10":"tag-france","11":"tag-gaza","12":"tag-la-france-insoumise-lfi","13":"tag-news","14":"tag-republique-francaise","15":"tag-societe"},"share_on_mastodon":{"url":"https:\/\/pubeurope.com\/@fr\/115307430758539730","error":""},"_links":{"self":[{"href":"https:\/\/www.europesays.com\/fr\/wp-json\/wp\/v2\/posts\/434926","targetHints":{"allow":["GET"]}}],"collection":[{"href":"https:\/\/www.europesays.com\/fr\/wp-json\/wp\/v2\/posts"}],"about":[{"href":"https:\/\/www.europesays.com\/fr\/wp-json\/wp\/v2\/types\/post"}],"author":[{"embeddable":true,"href":"https:\/\/www.europesays.com\/fr\/wp-json\/wp\/v2\/users\/2"}],"replies":[{"embeddable":true,"href":"https:\/\/www.europesays.com\/fr\/wp-json\/wp\/v2\/comments?post=434926"}],"version-history":[{"count":0,"href":"https:\/\/www.europesays.com\/fr\/wp-json\/wp\/v2\/posts\/434926\/revisions"}],"wp:featuredmedia":[{"embeddable":true,"href":"https:\/\/www.europesays.com\/fr\/wp-json\/wp\/v2\/media\/434927"}],"wp:attachment":[{"href":"https:\/\/www.europesays.com\/fr\/wp-json\/wp\/v2\/media?parent=434926"}],"wp:term":[{"taxonomy":"category","embeddable":true,"href":"https:\/\/www.europesays.com\/fr\/wp-json\/wp\/v2\/categories?post=434926"},{"taxonomy":"post_tag","embeddable":true,"href":"https:\/\/www.europesays.com\/fr\/wp-json\/wp\/v2\/tags?post=434926"}],"curies":[{"name":"wp","href":"https:\/\/api.w.org\/{rel}","templated":true}]}}