{"id":434934,"date":"2025-10-03T00:43:20","date_gmt":"2025-10-03T00:43:20","guid":{"rendered":"https:\/\/www.europesays.com\/fr\/434934\/"},"modified":"2025-10-03T00:43:20","modified_gmt":"2025-10-03T00:43:20","slug":"deces-de-claudio-lombardi-ingenieur-phare-des-lancia-en-rallye","status":"publish","type":"post","link":"https:\/\/www.europesays.com\/fr\/434934\/","title":{"rendered":"D\u00e9c\u00e8s de Claudio Lombardi, ing\u00e9nieur phare des Lancia en rallye"},"content":{"rendered":"<p>Sa photo de profil Facebook \u00e9tait reconnaissable entre tous les profils \u00e9ponymes. Il s\u2019agissait d\u2019un moteur, le grand amour de la vie de Claudio Lombardi, qui s\u2019est \u00e9teint \u00e0 l\u2019\u00e2ge de 83 ans, ce jeudi 2 octobre 2025.<\/p>\n<p>L\u2019ing\u00e9nieur italien avait fait ses \u00e9tudes de m\u00e9caniques \u00e0 l\u2019universit\u00e9 de Bologne, avant d\u2019\u00eatre recrut\u00e9 par Fiat dans son d\u00e9partement de recherche \u00e0 Turin en 1967. C\u2019est dans cette usine historique qu\u2019il put laisser libre cours \u00e0 sa cr\u00e9ativit\u00e9, notamment dans les diff\u00e9rents programmes Comp\u00e9tition du fleuron transalpin. En compagnie de Cesare Fiorio et Sergio Limone, il fut propuls\u00e9 dans le d\u00e9partement Squadra Corse HF <a href=\"https:\/\/fr.wikipedia.org\/wiki\/Scuderia_Lancia\" rel=\"nofollow noopener\" target=\"_blank\">Lancia<\/a> comme directeur technique d\u00e8s 1975.\u00a0<\/p>\n<p>Il s\u2019agissait alors d\u2019une \u00e9poque dor\u00e9e pour la marque. Il dirigea la cr\u00e9ation et le d\u00e9veloppement de mod\u00e8les mythiques, de la Lancia Rally 037 \u00e0 moteur compresseur volum\u00e9trique \u00e0 la Delta Group A imbattable, en passant par la monstrueuse S4 Groupe B ainsi que les prototypes en <a href=\"https:\/\/www.autohebdo.fr\/actualites\/endurance\" data-internallinksmanager029f6b8e52c=\"55\" title=\"Endurance\" rel=\"nofollow noopener\" target=\"_blank\">Endurance<\/a>. En Championnat du monde des rallyes, les Lancia d\u00e9velopp\u00e9es par Claudio Lombardi ont remport\u00e9 7 titres Constructeurs (037 et Delta) ainsi que 4 titres Pilotes (Juha Kankkunen et Massimo Biasion entre 1987 et 1991).\u00a0<\/p>\n<\/p>\n<p>Un moteur V12 inoubliable chez Ferrari<\/p>\n<p>Une partie plus br\u00e8ve de sa carri\u00e8re s\u2019est d\u00e9roul\u00e9e en <a href=\"https:\/\/www.autohebdo.fr\/actualites\/f1\" data-internallinksmanager029f6b8e52c=\"1\" title=\"F1\" rel=\"nofollow noopener\" target=\"_blank\">Formule 1<\/a>. Lorsque Cesare Fiorio l\u2019invita \u00e0 le rejoindre \u00e0 la <a href=\"https:\/\/www.autohebdo.fr\/actualites\/ecurie\/ferrari\" data-internallinksmanager029f6b8e52c=\"74\" title=\"Ferrari\" rel=\"nofollow noopener\" target=\"_blank\">Scuderia<\/a> Ferrari en 1989, Claudio Lombardi accepta le transfert en tant qu\u2019ing\u00e9nieur. Une promotion l\u2019attendait en 1991, avec le d\u00e9part de Fiorio. Devenu team manager en juin 1991, l\u2019ing\u00e9nieur a du mal \u00e0 prendre racine dans ce poste qui ne sied pas \u00e0 ses habitudes. Dans une saison o\u00f9 la comp\u00e9titivit\u00e9 des Ferrari est d\u00e9clinante, la relation avec le leader <a href=\"https:\/\/www.autohebdo.fr\/pilote\/f1\/alain-prost\" data-internallinksmanager029f6b8e52c=\"21\" title=\"Alain Prost\" rel=\"nofollow noopener\" target=\"_blank\">Alain Prost<\/a> devient intenable et le Fran\u00e7ais est renvoy\u00e9 avant la fin du calendrier. Dans la foul\u00e9e, le groupe Fiat annonce le retour de Luca di Montezemolo en tant que Pr\u00e9sident de Ferrari. Celui-ci d\u00e9cide que Claudio Lombardi doit revenir au \u00ab\u00a0simple\u00a0\u00bb poste de Directeur technique, la gestion sportive \u00e9tant r\u00e9serv\u00e9e \u00e0 Sante Ghedini.\u00a0<\/p>\n<p>\u00c0 l\u2019\u00e9t\u00e9 1992, le recrutement de John Barnard pousse Lombardi \u00e0 se concentrer sur le d\u00e9partement moteurs. Il y d\u00e9veloppe la base de ce qui restera comme l\u2019ultime moteur V12 employ\u00e9 en Formule 1 jusqu\u2019\u00e0 la fin 1995. Mais quand Jean Alesi remporte le Grand Prix du Canada 1995, Claudio Lombardi a d\u00e9j\u00e0 quitt\u00e9 les paddocks de F1. En 1994, un nouveau remaniement entra\u00eene le d\u00e9part de Lombardi de la F1 vers le programme GT de la marque.<\/p>\n<p><img fetchpriority=\"high\" decoding=\"async\" aria-describedby=\"caption-attachment-636036\" class=\"wp-image-636036\" src=\"https:\/\/www.europesays.com\/fr\/wp-content\/uploads\/2025\/10\/DPPI_09011032_010.jpg\" alt=\"\" width=\"650\" height=\"433\"  \/><\/p>\n<p id=\"caption-attachment-636036\" class=\"wp-caption-text\">La Ferrari 412T1B de Gerhard Berger vers la victoire au GP d\u2019Allemagne 1994. Photo DPPI<\/p>\n<p>Plus r\u00e9cemment, il oeuvre comme freelance aupr\u00e8s d\u2019Aprilia, afin de cr\u00e9er le moteur V4 \u00e0 65 degr\u00e9s de la RSV4, une moto qui devint l\u2019arme de pointe du World Superbike au tournant des ann\u00e9es 2010 avec des titres pour l\u2019Italien Max Biaggi et le Fran\u00e7ais Sylvain Guintoli. Enfin, il s\u2019\u00e9tait engag\u00e9 dans la politique au niveau local et \u00e9tait un d\u00e9fenseur des causes environnementales jusqu\u2019au d\u00e9but des ann\u00e9es 2020.\u00a0<\/p>\n<p>\u00c0 sa famille et \u00e0 ses proches, AUTOhebdo adresse ses plus sinc\u00e8res condol\u00e9ances.<\/p>\n<p><strong>\u00c0 LIRE AUSSI &gt; <a href=\"https:\/\/www.autohebdo.fr\/breves\/classic\/deces-de-georges-gachnang.html\" rel=\"nofollow noopener\" target=\"_blank\">D\u00e9c\u00e8s de Georges Gachnang<\/a><\/strong><\/p>\n","protected":false},"excerpt":{"rendered":"Sa photo de profil Facebook \u00e9tait reconnaissable entre tous les profils \u00e9ponymes. Il s\u2019agissait d\u2019un moteur, le grand&hellip;\n","protected":false},"author":2,"featured_media":434333,"comment_status":"","ping_status":"","sticky":false,"template":"","format":"standard","meta":{"footnotes":""},"categories":[1412],"tags":[56203,25891,1451,2251,1452,1453,1454,1455,1011,27,56204,56205,5207,60],"class_list":{"0":"post-434934","1":"post","2":"type-post","3":"status-publish","4":"format-standard","5":"has-post-thumbnail","7":"category-f1","8":"tag-claudio-lombardi","9":"tag-delta","10":"tag-f1","11":"tag-ferrari","12":"tag-formula-1","13":"tag-formula1","14":"tag-formule-1","15":"tag-formule1","16":"tag-fr","17":"tag-france","18":"tag-groupe-b","19":"tag-lancia","20":"tag-moteur","21":"tag-sports"},"share_on_mastodon":{"url":"https:\/\/pubeurope.com\/@fr\/115307466207534042","error":""},"_links":{"self":[{"href":"https:\/\/www.europesays.com\/fr\/wp-json\/wp\/v2\/posts\/434934","targetHints":{"allow":["GET"]}}],"collection":[{"href":"https:\/\/www.europesays.com\/fr\/wp-json\/wp\/v2\/posts"}],"about":[{"href":"https:\/\/www.europesays.com\/fr\/wp-json\/wp\/v2\/types\/post"}],"author":[{"embeddable":true,"href":"https:\/\/www.europesays.com\/fr\/wp-json\/wp\/v2\/users\/2"}],"replies":[{"embeddable":true,"href":"https:\/\/www.europesays.com\/fr\/wp-json\/wp\/v2\/comments?post=434934"}],"version-history":[{"count":0,"href":"https:\/\/www.europesays.com\/fr\/wp-json\/wp\/v2\/posts\/434934\/revisions"}],"wp:featuredmedia":[{"embeddable":true,"href":"https:\/\/www.europesays.com\/fr\/wp-json\/wp\/v2\/media\/434333"}],"wp:attachment":[{"href":"https:\/\/www.europesays.com\/fr\/wp-json\/wp\/v2\/media?parent=434934"}],"wp:term":[{"taxonomy":"category","embeddable":true,"href":"https:\/\/www.europesays.com\/fr\/wp-json\/wp\/v2\/categories?post=434934"},{"taxonomy":"post_tag","embeddable":true,"href":"https:\/\/www.europesays.com\/fr\/wp-json\/wp\/v2\/tags?post=434934"}],"curies":[{"name":"wp","href":"https:\/\/api.w.org\/{rel}","templated":true}]}}