{"id":434943,"date":"2025-10-03T00:48:16","date_gmt":"2025-10-03T00:48:16","guid":{"rendered":"https:\/\/www.europesays.com\/fr\/434943\/"},"modified":"2025-10-03T00:48:16","modified_gmt":"2025-10-03T00:48:16","slug":"cette-librairie-de-haute-garonne-bientot-sauvee-par-ses-clients","status":"publish","type":"post","link":"https:\/\/www.europesays.com\/fr\/434943\/","title":{"rendered":"cette librairie de Haute-Garonne bient\u00f4t sauv\u00e9e par ses clients\u00a0?"},"content":{"rendered":"<p>            Par<br \/>\n        <strong><br \/>\n            <a href=\"https:\/\/actu.fr\/auteur\/valentine-gaxieu-actu-fr\" title=\"Consulter tous les articles de Valentine Gaxieu\" target=\"_blank\" rel=\"noopener\">Valentine Gaxieu<\/a><br \/>\n        <\/strong><\/p>\n<p>        Publi\u00e9 le<\/p>\n<p>            2 oct. 2025 \u00e0 20h38        <\/p>\n<p>Depuis mercredi 10\u00a0septembre, de nombreuses publications<a href=\"https:\/\/www.facebook.com\/groups\/351924112918273\/permalink\/1496902685087071\/\" target=\"_blank\" rel=\"noopener\"> circulent sur des groupes Facebook du Lauragais<\/a>, mentionnant les <b>difficult\u00e9s rencontr\u00e9es<\/b> par la librairie <a href=\"https:\/\/www.instagram.com\/librairiedetours\/\" target=\"_blank\" rel=\"noopener\">D\u00e9tours<\/a>, commerce embl\u00e9matique de <a href=\"https:\/\/actu.fr\/occitanie\/nailloux_31396\" target=\"_blank\" rel=\"noopener\">Nailloux<\/a>, au sud de Toulouse, et m\u00eame au-del\u00e0, \u00e0 la suite de nombreux \u00e9v\u00e9nements qui ont <b>lourdement impact\u00e9 sa tr\u00e9sorerie<\/b>. Ces messages de soutien sont accompagn\u00e9s <a href=\"https:\/\/tribee.fr\/participations\/1QYJ9NPHSA9MMRZ1A01V03N2AJ?fbclid=IwY2xjawM9Cz5leHRuA2FlbQIxMABicmlkETBZVE9WYW96eHk4U014SkRhAR7WvSZurIeFFwk5QmsIoBW4vurS9gisN7f2QjsznXDz8ChBLLZnAIn1wRBU0w_aem_c37dXND1Ec2yJhDts_SAMg\" target=\"_blank\" rel=\"noopener\">d\u2019un lien vers une cagnotte solidaire<\/a>, lanc\u00e9e par \u00c9lodie, une fid\u00e8le cliente.<\/p>\n<p class=\" wall-content\">En l\u2019espace de presque un mois, <b>pr\u00e8s de 14 000 \u20ac<\/b> ont d\u00e9j\u00e0 \u00e9t\u00e9 r\u00e9colt\u00e9s, et la\u00a0 majorit\u00e9 des dons viennent de Naillousains. Ce n\u2019est pas la premi\u00e8re fois que <b>Nathalie Fontaine<\/b>, propri\u00e9taire des lieux, peut compter sur le <b>soutien de ses clients<\/b>. En effet, l\u2019histoire de cette librairie \u2013 du moins de ce qu\u2019elle est aujourd\u2019hui \u2013 repose principalement sur un <b>tr\u00e8s bel \u00e9lan de g\u00e9n\u00e9rosit\u00e9<\/b> qu\u2019elle a racont\u00e9 \u00e0 <a href=\"https:\/\/actu.fr\/voix-du-midi-lauragais\/\" target=\"_blank\" rel=\"noopener\">Voix du Midi Lauragais<\/a>.<\/p>\n<p>Nailloux, un coup de c\u0153ur<\/p>\n<p class=\" wall-content\">D\u2019abord libraire puis repr\u00e9sentante d\u2019\u00e9dition \u2013 comme son compagnon <b>Jean-Marc Comes<\/b>, Nathalie Fontaine s\u2019est lanc\u00e9 le pari fou, il y a pr\u00e8s de 18\u00a0ans, de <b>cr\u00e9er sa propre librairie<\/b>. \u00ab\u2009Je me suis dit\u2009: \u201cQuitte \u00e0 revenir dans les livres, autant avoir mon \u00e9tablissement\u201d\u2009\u00bb, raconte-t-elle.<\/p>\n<p class=\" wall-content\">Apr\u00e8s avoir sillonn\u00e9 de nombreux endroits, le couple, \u00e0 l\u2019\u00e9poque install\u00e9 \u00e0 Ramonville-Saint-Agne pr\u00e8s de Toulouse, est finalement <b>tomb\u00e9 sous le charme<\/b> de Nailloux. Elle se souvient\u2009: \u00ab\u2009On \u00e9tait de passage, c\u2019\u00e9tait un dimanche et il y avait \u00e9norm\u00e9ment de commerces ouverts. Il y avait de la vie, <b>un beau dynamisme<\/b>. Il fallait que je m\u2019installe ici.\u2009\u00bb<\/p>\n<blockquote class=\"ac-article-quote wall-content\">\n<p>Il y avait de la vie, un beau dynamisme. Il fallait que je m\u2019installe ici<\/p>\n<p>Nathalie Fontaine, propri\u00e9taire de la librairie D\u00e9tours<\/p><\/blockquote>\n<p>Vid\u00e9os : en ce moment sur Actu<\/p>\n<p class=\" wall-content\">C\u2019est dans ce contexte qu\u2019est n\u00e9e la librairie <b>ind\u00e9pendante et g\u00e9n\u00e9raliste<\/b> <a href=\"http:\/\/librairie-detours.fr\/\" target=\"_blank\" rel=\"noopener\">D\u00e9tours<\/a>, d\u2019abord situ\u00e9e au 2 rue du Layti\u00e9, un local qui appartient aujourd\u2019hui \u00e0 la pharmacie Dhers Boyer. \u00ab\u2009Cet endroit avait <b>une odeur particuli\u00e8re<\/b>, il avait une \u2018\u00e2me\u2019, \u00e7a faisait un peu <b>Harry Potter<\/b>\u2009\u00bb, se rappelle \u2013 comme si c\u2019\u00e9tait hier \u2013 \u00c9lodie.<\/p>\n<p>Votre r\u00e9gion, votre actu !<\/p>\n<p>Recevez chaque jour les infos qui comptent pour vous.<\/p>\n<p>\t<a href=\"https:\/\/actu.fr\/newsletter\" class=\"ac-btn ac-btn--corner ac-btn--medium ac-btn--blue800\" target=\"_blank\" rel=\"noopener\">S&rsquo;incrire<\/a><br \/>\nUne premi\u00e8re cagnotte<\/p>\n<p class=\" wall-content\">Dix ans plus tard, Nathalie Fontaine a eu l\u2019envie de \u00ab\u2009faire vivre la librairie autrement\u2009\u00bb, en organisant notamment des <b>ateliers<\/b> et des <b>rencontres avec les scolaires<\/b>. \u00ab\u2009J\u2019ai visit\u00e9 cette maison en vente [b\u00e2timent dans lequel elle exerce aujourd\u2019hui, au <b>28 rue de la R\u00e9publique<\/b>] et il y avait le m\u00eame papier peint que chez ma grand-m\u00e8re. Je me suis dit que c\u2019\u00e9tait un signe. Puis c\u2019\u00e9tait dans la rue principale, avec un beau jardin\u2026 Alors m\u00eame si elle \u00e9tait en <b>mauvais \u00e9tat<\/b>, il fallait y aller\u2009\u00bb, raconte-t-elle.<\/p>\n<p class=\" wall-content\">Malheureusement, m\u00eame si le projet \u00e9tait d\u00e9j\u00e0 tout trac\u00e9 dans la t\u00eate de la libraire, les banquiers, eux, <b>n\u2019ont pas voulu la suivre<\/b>. De l\u00e0 s\u2019est lanc\u00e9e une premi\u00e8re cagnotte, qui lui avait permis de r\u00e9colter <b>15\u2009000\u00a0\u20ac<\/b>.<\/p>\n<p>Un chantier participatif<\/p>\n<p class=\" wall-content\">Pour les Naillousains, il \u00e9tait<b> impossible d\u2019abandonner<\/b> cet \u00e9tablissement. Durant quatre mois, nombreux se sont d\u00e9plac\u00e9s pour lui pr\u00eater main-forte.<\/p>\n<p class=\" wall-content\">\u00ab\u2009C\u2019\u00e9tait un grand <b>chantier solidaire<\/b>. Les travaux les plus importants ont \u00e9t\u00e9 faits par des entreprises, mais tout le reste c\u2019\u00e9taient eux. Je ne leur avais rien demand\u00e9 mais tous sont venus m\u2019aider.\u2009\u00bb<\/p>\n<blockquote class=\"ac-article-quote wall-content\">\n<p>Je ne leur avais rien demand\u00e9 mais tous sont venus m\u2019aider<\/p>\n<p>Nathalie Fontaine<\/p><\/blockquote>\n<p class=\" wall-content\">Sans parler du jour du d\u00e9m\u00e9nagement, le 17\u00a0f\u00e9vrier 2019, o\u00f9 <b>150 clients fid\u00e8les<\/b> se sont retrouv\u00e9s dans la matin\u00e9e, pour tout d\u00e9placer. \u00ab\u2009Ils s\u2019\u00e9taient fait un circuit et ils ont tout transport\u00e9 \u00e0 la cha\u00eene. \u00c7a n\u2019a dur\u00e9 que deux heures, sans v\u00e9hicule\u2009\u00bb, se souvient-elle, encore \u00e9mue.<\/p>\n<p>    <img   decoding=\"async\" loading=\"lazy\" class=\"size-large\" src=\"https:\/\/www.europesays.com\/fr\/wp-content\/uploads\/2025\/10\/9ab8869e60d868eb8869e60d882c88v-960x640.jpg\" alt=\"librairie d\u00e9tours nailloux livre livres\" width=\"960\" height=\"640\"\/><br \/>\n    La librairie est aujourd\u2019hui situ\u00e9e au 28 rue de la R\u00e9publique, \u00e0 Nailloux. \u00a9Valentine Gaxieu \u2013 Actu.frUne grande visibilit\u00e9 apr\u00e8s le Covid<\/p>\n<p class=\" wall-content\">Mais en 2020, un terrible \u00e9pisode a touch\u00e9 les petits commer\u00e7ants\u2009: la pand\u00e9mie li\u00e9e au <a href=\"https:\/\/actu.fr\/societe\/coronavirus\" target=\"_blank\" rel=\"noopener\">Covid-19<\/a>. Des mois difficiles, certes, mais qui lui ont permis <b>d\u2019agrandir son r\u00e9seau<\/b>\u2009: \u00ab\u2009Les gens avaient besoin de lire et je les livrais \u00e0 20 kilom\u00e8tres \u00e0 la ronde. Je d\u00e9posais aussi mes bouquins au Biocoop d\u2019<a href=\"https:\/\/actu.fr\/occitanie\/auterive_31033\" target=\"_blank\" rel=\"noopener\">Auterive<\/a>, et je collabore encore avec eux aujourd\u2019hui.\u2009\u00bb<\/p>\n<p class=\" wall-content\">Cette belle initiative a m\u00eame \u00e9t\u00e9 mentionn\u00e9e par <b>France Inter<\/b>, boostant davantage sa client\u00e8le. \u00ab\u2009Apr\u00e8s le Covid, j\u2019ai eu <b>deux employ\u00e9es<\/b> temps plein. Puis quand on est pass\u00e9 aussi dans la <b>Grande Librairie<\/b> [\u00e9mission sur France TV], j\u2019ai d\u00fb en prendre une troisi\u00e8me\u2009\u00bb, raconte-t-elle presque en rigolant, ne r\u00e9alisant toujours pas.<\/p>\n<p class=\" wall-content\">Cet essor \u00e9tait aussi d\u00fb \u00e0 ses nombreuses initiatives. Nathalie Fontaine propose aussi, depuis, de <a href=\"https:\/\/www.librairie-detours.fr\/agenda.php\" target=\"_blank\" rel=\"noopener\">multiples ateliers<\/a> avec des intervenants ext\u00e9rieurs, des \u00e9v\u00e9nements, <b>un rayon \u00ab\u2009jeux\u2009\u00bb<\/b>, ou encore l\u2019accueil des scolaires, comme souhait\u00e9.<\/p>\n<p>    <img   decoding=\"async\" loading=\"lazy\" class=\"size-large\" src=\"https:\/\/www.europesays.com\/fr\/wp-content\/uploads\/2025\/10\/c8c7669e60d86ccc7669e60d8a0d76v-960x640.jpg\" alt=\"librairie d\u00e9tours nailloux\" width=\"960\" height=\"640\"\/><br \/>\n    L\u2019une des pi\u00e8ces dans lesquelles sont organis\u00e9s les ateliers. \u00a9Valentine Gaxieu \u2013 Actu.frIncendie, travaux\u2026<\/p>\n<p class=\" wall-content\">Mais les premi\u00e8res <b>grosses difficult\u00e9s<\/b> arrivent en 2023, d\u2019abord en raison du <a href=\"https:\/\/actu.fr\/occitanie\/nailloux_31396\/lauragais-un-incendie-ravage-une-maison-recemment-achetee-par-la-mairie-de-nailloux_56709678.html\" target=\"_blank\" rel=\"noopener\">violent incendie qui avait ravag\u00e9 la maison du n\u00b0\u00a024 de la rue de la R\u00e9publique<\/a>.<\/p>\n<p class=\" wall-content\">\u00ab\u2009La circulation\u00a0a \u00e9t\u00e9 coup\u00e9e <b>pendant deux semaines<\/b> mais \u00e7a a mis quelques mois avant que la client\u00e8le ne revienne\u2009\u00bb, rapporte-t-elle.<\/p>\n<p class=\" wall-content\">Puis, quelque temps apr\u00e8s, <a href=\"https:\/\/actu.fr\/occitanie\/nailloux_31396\/nailloux-quel-sera-le-futur-visage-de-la-rue-de-la-republique_54555635.html\" target=\"_blank\" rel=\"noopener\">les travaux de requalification de la rue de la R\u00e9publique<\/a>\u2009: \u00ab\u2009Nous avions demand\u00e9 qu\u2019ils ne se fassent pas en d\u00e9cembre mais manque de bol, les travaux du mois de d\u00e9cembre tombaient <b>pile devant chez moi<\/b>. Apr\u00e8s, je sais que la mairie a fait le maximum.\u2009\u00bb<\/p>\n<p>Elle ne se paye plus depuis trois mois<\/p>\n<p class=\" wall-content\">L\u2019impact de ces deux \u00e9preuves a \u00e9t\u00e9 rude\u2009: <b>25\u2009000\u00a0\u20ac de perte<\/b> estim\u00e9s. \u00ab\u2009Je peux payer que mes salari\u00e9s et mes charges, mais <b>je ne me paye plus depuis trois mois<\/b> et je n\u2019ai pas les moyens de refaire ma toiture\u2009\u00bb, avoue-t-elle.<\/p>\n<blockquote class=\"ac-article-quote wall-content\">\n<p>Je ne me paye plus depuis trois mois<\/p>\n<p>Nathalie Fontaine<\/p><\/blockquote>\n<p class=\" wall-content\">Cette situation a profond\u00e9ment touch\u00e9 \u00c9lodie, qui n\u2019a pas h\u00e9sit\u00e9 \u00e0 lui <b>cr\u00e9er une cagnotte en ligne<\/b>. \u00ab\u2009Je voyais que quelque chose n\u2019allait pas, elle a fini par tout me raconter. Je ne pouvais pas la laisser comme \u00e7a, il fallait agir car cet endroit est bien plus qu\u2019une librairie, c\u2019est <b>le poumon de la ville<\/b> o\u00f9 les gens se retrouvent\u2009\u00bb, t\u00e9moigne-t-elle.<\/p>\n<p>\u00ab\u2009Ne plus survivre\u2009\u00bb<\/p>\n<p class=\" wall-content\">Nathalie Fontaine n\u2019\u00e9tait, au d\u00e9but, <b>pas favorable<\/b> au lancement de cette cagnotte\u2009: \u00ab\u2009J\u2019en avais d\u00e9j\u00e0 fait une en 2017 donc je ne me voyais pas redemander de l\u2019aide\u2009\u00bb.\u00a0 Mais aujourd\u2019hui, elle prend conscience de l\u2019utilit\u00e9 de celle-ci\u2009: \u00ab\u2009\u00c7a me permettrait de <b>continuer \u00e0 exercer mon m\u00e9tier<\/b>, d\u2019avoir un fonds de roulement.\u2009\u00bb<\/p>\n<p class=\" wall-content\">\u00ab\u2009\u00c7a lui permettrait aussi de <b>mieux dormir la nuit<\/b>, de repartir sur des projets et de <b>ne plus survivre<\/b>\u2009\u00bb, glisse discr\u00e8tement son compagnon, soutien de la premi\u00e8re heure.<\/p>\n<blockquote class=\"ac-article-quote wall-content\">\n<p>\u00c7a lui permettrait de [\u2026] ne plus survivre<\/p>\n<p>Jean-Marc Comes, le compagnon de Nathalie Fontaine<\/p><\/blockquote>\n<p class=\" wall-content\">Cette cagnotte restera ouverte pendant<b> trois moi<\/b>s. \u00ab\u200920\u2009000 \u20ac r\u00e9colt\u00e9s, \u00e7a serait id\u00e9al. Mais le plus important, c\u2019est tout le soutien qu\u2019elle re\u00e7oit\u2009\u00bb, d\u00e9clare sa cliente. Et Nathalie Fontaine d\u2019acquiescer\u2009: \u00ab\u2009Depuis le lancement, les gens viennent, appellent, nous envoient des mails. Et \u00e7a, \u00e7a vaut tout. Ici, la devise c\u2019est \u201cNous existons parce que vous r\u00e9sistez.\u201d\u00bb<\/p>\n<p>Des projets malgr\u00e9 la difficult\u00e9<\/p>\n<p class=\" wall-content\">Malgr\u00e9 ce contexte difficile, la libraire ne perd pas espoir et <b>se projette toujours<\/b>. Son prochain objectif, si les finances le permettent, serait \u2013 apr\u00e8s avoir fait la toiture, bien s\u00fbr \u2013 de r\u00e9am\u00e9nager le cabanon du jardin en <b>petit coin caf\u00e9<\/b>, ainsi que l\u2019ext\u00e9rieur afin de pouvoir faire une <b>deuxi\u00e8me entr\u00e9e<\/b>, reli\u00e9e \u00e0 l\u2019esplanade de la Fraternit\u00e9.<\/p>\n<p><a class=\"jo-module-caroussel__img-container\" href=\"https:\/\/static.actu.fr\/uploads\/2025\/09\/a1f5869e60d8653f5869e60d847f58v-1.jpg\" title=\"Agrandir la photo Nathalie Fontaine souhaiterait r\u00e9am\u00e9nager ce cabanon du jardin en coin caf\u00e9. (\u00a9 Valentine Gaxieu - Actu.fr)\" data-idx=\"1\" target=\"_blank\" rel=\"noopener\"><br \/>\n    <img decoding=\"async\" class=\"jo-module-caroussel__img\" loading=\"lazy\" src=\"https:\/\/www.europesays.com\/fr\/wp-content\/uploads\/2025\/10\/a1f5869e60d8653f5869e60d847f58v-1-640x427.jpg\" alt=\"Nathalie Fontaine souhaiterait r\u00e9am\u00e9nager ce cabanon du jardin en coin caf\u00e9. (\u00a9 Valentine Gaxieu - Actu.fr)\" width=\"640\" height=\"427\"\/><\/a><a class=\"jo-module-caroussel__img-container\" href=\"https:\/\/static.actu.fr\/uploads\/2025\/09\/87fa969e60d860efa969e60d8620b9v-1.jpg\" title=\"Agrandir la photo La propri\u00e9taire souhaiterait r\u00e9am\u00e9nager l\u2019ext\u00e9rieur afin de pouvoir avoir une deuxi\u00e8me entr\u00e9e \u00e0 l\u2019ext\u00e9rieur, reli\u00e9e \u00e0 l\u2019esplanade de la Fraternit\u00e9. (\u00a9 Valentine Gaxieu - Actu.fr)\" data-idx=\"2\" target=\"_blank\" rel=\"noopener\"><br \/>\n    <img decoding=\"async\" class=\"jo-module-caroussel__img\" loading=\"lazy\" src=\"https:\/\/www.europesays.com\/fr\/wp-content\/uploads\/2025\/10\/87fa969e60d860efa969e60d8620b9v-1-640x427.jpg\" alt=\"La propri\u00e9taire souhaiterait r\u00e9am\u00e9nager l\u2019ext\u00e9rieur afin de pouvoir avoir une deuxi\u00e8me entr\u00e9e \u00e0 l\u2019ext\u00e9rieur, reli\u00e9e \u00e0 l\u2019esplanade de la Fraternit\u00e9. (\u00a9 Valentine Gaxieu - Actu.fr)\" width=\"640\" height=\"427\"\/><\/a><\/p>\n<p class=\" wall-content\">\u00ab\u2009Moi je suis partante pour un autre chantier participatif\u2009\u00bb, annonce \u00c9lodie en rigolant. Et au vu des <b>nombreux commentaires<\/b> sur la cagnotte, nul doute que Nathalie Fontaine pourra de nouveau compter sur l\u2019aide de ses fid\u00e8les clients.<\/p>\n<p class=\" wall-content\">Personnalisez votre actualit\u00e9 en ajoutant vos villes et m\u00e9dias en favori avec <a href=\"https:\/\/moncompte.actu.fr\" title=\"D\u00e9couvez Mon Actu\" rel=\"nofollow noopener\" data-trk=\"{&quot;cta&quot;:{&quot;action&quot;:&quot;https:\\\/\\\/moncompte.actu.fr&quot;,&quot;category&quot;:&quot;mon compte&quot;,&quot;from&quot;:&quot;article footer&quot;,&quot;name&quot;:&quot;Mon actu&quot;,&quot;type&quot;:&quot;cta&quot;}}\" target=\"_blank\">Mon Actu<\/a>.<\/p>\n<p>                    <script async src=\"\/\/www.instagram.com\/embed.js\"><\/script><\/p>\n","protected":false},"excerpt":{"rendered":"Par Valentine Gaxieu Publi\u00e9 le 2 oct. 2025 \u00e0 20h38 Depuis mercredi 10\u00a0septembre, de nombreuses publications circulent sur&hellip;\n","protected":false},"author":2,"featured_media":434944,"comment_status":"","ping_status":"","sticky":false,"template":"","format":"standard","meta":{"footnotes":""},"categories":[1357],"tags":[1379,58,59,1011,27,9345,1380,4518,104],"class_list":{"0":"post-434943","1":"post","2":"type-post","3":"status-publish","4":"format-standard","5":"has-post-thumbnail","7":"category-livres","8":"tag-books","9":"tag-divertissement","10":"tag-entertainment","11":"tag-fr","12":"tag-france","13":"tag-inflation","14":"tag-livres","15":"tag-pauvrete","16":"tag-societe"},"share_on_mastodon":{"url":"https:\/\/pubeurope.com\/@fr\/115307486043742413","error":""},"_links":{"self":[{"href":"https:\/\/www.europesays.com\/fr\/wp-json\/wp\/v2\/posts\/434943","targetHints":{"allow":["GET"]}}],"collection":[{"href":"https:\/\/www.europesays.com\/fr\/wp-json\/wp\/v2\/posts"}],"about":[{"href":"https:\/\/www.europesays.com\/fr\/wp-json\/wp\/v2\/types\/post"}],"author":[{"embeddable":true,"href":"https:\/\/www.europesays.com\/fr\/wp-json\/wp\/v2\/users\/2"}],"replies":[{"embeddable":true,"href":"https:\/\/www.europesays.com\/fr\/wp-json\/wp\/v2\/comments?post=434943"}],"version-history":[{"count":0,"href":"https:\/\/www.europesays.com\/fr\/wp-json\/wp\/v2\/posts\/434943\/revisions"}],"wp:featuredmedia":[{"embeddable":true,"href":"https:\/\/www.europesays.com\/fr\/wp-json\/wp\/v2\/media\/434944"}],"wp:attachment":[{"href":"https:\/\/www.europesays.com\/fr\/wp-json\/wp\/v2\/media?parent=434943"}],"wp:term":[{"taxonomy":"category","embeddable":true,"href":"https:\/\/www.europesays.com\/fr\/wp-json\/wp\/v2\/categories?post=434943"},{"taxonomy":"post_tag","embeddable":true,"href":"https:\/\/www.europesays.com\/fr\/wp-json\/wp\/v2\/tags?post=434943"}],"curies":[{"name":"wp","href":"https:\/\/api.w.org\/{rel}","templated":true}]}}