{"id":434957,"date":"2025-10-03T00:57:12","date_gmt":"2025-10-03T00:57:12","guid":{"rendered":"https:\/\/www.europesays.com\/fr\/434957\/"},"modified":"2025-10-03T00:57:12","modified_gmt":"2025-10-03T00:57:12","slug":"au-maroc-le-premier-ministre-annonce-trois-morts-dans-les-violences-de-mercredi","status":"publish","type":"post","link":"https:\/\/www.europesays.com\/fr\/434957\/","title":{"rendered":"Au Maroc, le premier ministre annonce trois morts dans les violences de mercredi"},"content":{"rendered":"<p>Il s\u2019agit de l\u2019incident le plus grave depuis le d\u00e9but samedi dernier de ces protestations au caract\u00e8re in\u00e9dit, impuls\u00e9es par ce mouvement fort de plus de 150.000 membres sur sa page Discord<\/p>\n<p class=\"fig-paragraph\">Le premier ministre marocain Aziz Akhannouch a d\u00e9plor\u00e9 jeudi le d\u00e9c\u00e8s de trois personnes durant les violences in\u00e9dites qui ont secou\u00e9 mercredi soir plusieurs petites villes marocaines au cinqui\u00e8me jour de protestations pour de meilleurs syst\u00e8mes \u00e9ducatif et de sant\u00e9. \u00abNous avons enregistr\u00e9 malheureusement le d\u00e9c\u00e8s de trois personnes\u00bb apr\u00e8s \u00ables \u00e9v\u00e9nements regrettables de ces deux derniers jours\u00bb, a d\u00e9clar\u00e9 M. Akhannouch, dans sa premi\u00e8re prise de parole depuis le d\u00e9but de manifestations \u00e0 l\u2019appel du collectif GenZ 212 samedi dernier.<\/p>\n<p class=\"fig-paragraph\">Les trois personnes, dont l\u2019identit\u00e9 n\u2019a pas \u00e9t\u00e9 communiqu\u00e9e, ont \u00e9t\u00e9 tu\u00e9es par des gendarmes \u00abdans le cadre de la l\u00e9gitime d\u00e9fense\u00bb alors qu\u2019elles tentaient \u00abde prendre d\u2019assaut\u00bb une brigade de la gendarmerie dans le sud du pays, a pr\u00e9cis\u00e9 Rachid El Khalfi, porte-parole du minist\u00e8re de l\u2019Int\u00e9rieur. Un premier bilan faisait \u00e9tat de deux morts dans cet assaut.<\/p>\n<p>                                    <a class=\"fig-a11y-skip a11y-hidden\" href=\"#fig-a11y-skip-main-inarticle\"><br \/>\n        Passer la publicit\u00e9<br \/>\n    <\/a><\/p>\n<p>\u00abNous ne voulons pas la Coupe du monde, la sant\u00e9 est prioritaire\u00bb<\/p>\n<p class=\"fig-paragraph\">Dans ses rassemblements, GenZ 212 (comme l&rsquo;indicatif t\u00e9l\u00e9phonique du Maroc) scande des slogans tels que \u00abNous ne voulons pas la Coupe du monde, la sant\u00e9 est prioritaire\u00bb ou \u00able peuple veut la sant\u00e9 et l&rsquo;\u00e9ducation\u00bb, dans un pays marqu\u00e9 par de fortes in\u00e9galit\u00e9s territoriales et entre les syst\u00e8mes public et priv\u00e9.<\/p>\n<p class=\"fig-paragraph\">Le royaume, qui coorganisera la Coupe du monde 2030 avec l&rsquo;Espagne et le Portugal et accueillera la Coupe d&rsquo;Afrique des nations (CAN) fin 2025, a engag\u00e9 de vastes chantiers d&rsquo;infrastructures: construction de nouveaux stades, extension du r\u00e9seau \u00e0 grande vitesse et modernisation de plusieurs a\u00e9roports.<\/p>\n<p>Premi\u00e8re mobilisation \u00e0 Agadir<\/p>\n<p class=\"fig-paragraph\">Une premi\u00e8re mobilisation avait eu lieu \u00e0 la mi-septembre \u00e0 Agadir, apr\u00e8s la mort de huit femmes enceintes \u00e0 l&rsquo;h\u00f4pital public local o\u00f9 elles avaient \u00e9t\u00e9 admises pour des c\u00e9sariennes. Cet \u00e9v\u00e9nement avait d\u00e9clench\u00e9 une s\u00e9rie de manifestations sporadiques dans d&rsquo;autres villes, avant les premiers grands rassemblements organis\u00e9s par GenZ 212 le week-end dernier. Pour sa sixi\u00e8me journ\u00e9e cons\u00e9cutive de mobilisation, \u00abGenZ 212 annonce que des manifestations pacifiques seront organis\u00e9es aujourd&rsquo;hui, dans le cadre d&rsquo;une expression civilis\u00e9e et responsable de nos revendications\u00bb.<\/p>\n<p class=\"fig-paragraph\">Les rassemblements auront lieu de 17H00 (16H00 GMT) \u00e0 20H00 dans 13 villes marocaines, a pr\u00e9cis\u00e9 sur Discord le collectif apparu r\u00e9cemment sur les r\u00e9seaux sociaux. Mercredi soir, deux personnes ont \u00e9t\u00e9 tu\u00e9es par des gendarmes alors qu&rsquo;elles tentaient de prendre d&rsquo;assaut une brigade locale \u00e0 Lqlia\u00e2, pr\u00e8s d&rsquo;Agadir (sud), apr\u00e8s avoir incendi\u00e9 un v\u00e9hicule et le b\u00e2timent de la brigade, ont indiqu\u00e9 les autorit\u00e9s locales.<\/p>\n<p class=\"fig-paragraph\">Les assaillants cherchaient \u00e0 y p\u00e9n\u00e9trer pour s&#8217;emparer de \u00abmunitions et d&rsquo;armes de service\u00bb, selon les autorit\u00e9s. Des actes de vandalisme ont \u00e9galement secou\u00e9 d&rsquo;autres villes, \u00e0 l&rsquo;image de Sidi Bibi, toujours pr\u00e8s d&rsquo;Agadir, o\u00f9 des personnes ont incendi\u00e9 des bureaux de la municipalit\u00e9, selon des m\u00e9dias locaux. \u00c0 Sal\u00e9, ville jumelle de Rabat, des individus cagoul\u00e9s ont mis le feu \u00e0 deux voitures de police et \u00e0 une agence bancaire, sans scander de slogans, a constat\u00e9 un journaliste de l&rsquo;AFP.<\/p>\n","protected":false},"excerpt":{"rendered":"Il s\u2019agit de l\u2019incident le plus grave depuis le d\u00e9but samedi dernier de ces protestations au caract\u00e8re in\u00e9dit,&hellip;\n","protected":false},"author":2,"featured_media":434958,"comment_status":"","ping_status":"","sticky":false,"template":"","format":"standard","meta":{"footnotes":""},"categories":[5],"tags":[11,11054,1011,27,14,2088,2223,12,28],"class_list":{"0":"post-434957","1":"post","2":"type-post","3":"status-publish","4":"format-standard","5":"has-post-thumbnail","7":"category-international","8":"tag-actualites","9":"tag-discord","10":"tag-fr","11":"tag-france","12":"tag-international","13":"tag-manifestation","14":"tag-maroc","15":"tag-news","16":"tag-world"},"share_on_mastodon":{"url":"https:\/\/pubeurope.com\/@fr\/115307521346813011","error":""},"_links":{"self":[{"href":"https:\/\/www.europesays.com\/fr\/wp-json\/wp\/v2\/posts\/434957","targetHints":{"allow":["GET"]}}],"collection":[{"href":"https:\/\/www.europesays.com\/fr\/wp-json\/wp\/v2\/posts"}],"about":[{"href":"https:\/\/www.europesays.com\/fr\/wp-json\/wp\/v2\/types\/post"}],"author":[{"embeddable":true,"href":"https:\/\/www.europesays.com\/fr\/wp-json\/wp\/v2\/users\/2"}],"replies":[{"embeddable":true,"href":"https:\/\/www.europesays.com\/fr\/wp-json\/wp\/v2\/comments?post=434957"}],"version-history":[{"count":0,"href":"https:\/\/www.europesays.com\/fr\/wp-json\/wp\/v2\/posts\/434957\/revisions"}],"wp:featuredmedia":[{"embeddable":true,"href":"https:\/\/www.europesays.com\/fr\/wp-json\/wp\/v2\/media\/434958"}],"wp:attachment":[{"href":"https:\/\/www.europesays.com\/fr\/wp-json\/wp\/v2\/media?parent=434957"}],"wp:term":[{"taxonomy":"category","embeddable":true,"href":"https:\/\/www.europesays.com\/fr\/wp-json\/wp\/v2\/categories?post=434957"},{"taxonomy":"post_tag","embeddable":true,"href":"https:\/\/www.europesays.com\/fr\/wp-json\/wp\/v2\/tags?post=434957"}],"curies":[{"name":"wp","href":"https:\/\/api.w.org\/{rel}","templated":true}]}}