{"id":434959,"date":"2025-10-03T00:58:11","date_gmt":"2025-10-03T00:58:11","guid":{"rendered":"https:\/\/www.europesays.com\/fr\/434959\/"},"modified":"2025-10-03T00:58:11","modified_gmt":"2025-10-03T00:58:11","slug":"publiees-par-anne-hidalgo-que-revelent-les-notes-de-frais-des-maires-darrondissement-de-paris-2","status":"publish","type":"post","link":"https:\/\/www.europesays.com\/fr\/434959\/","title":{"rendered":"Publi\u00e9es par Anne Hidalgo, que r\u00e9v\u00e8lent les notes de frais des maires d\u2019arrondissement de Paris"},"content":{"rendered":"<p>        <img decoding=\"async\" loading=\"lazy\" src=\"https:\/\/www.europesays.com\/fr\/wp-content\/uploads\/2025\/10\/af64c37_1731836060690-000-36jd2jq.jpg\"  width=\"728\" height=\"409\" alt=\"La maire de Paris, r\u00e9cemment \u00e9pingl\u00e9e pour ses frais de repr\u00e9sentations parfois consid\u00e9rables a rendu la pareille \u00e0 l\u2019opposition en d\u00e9voilant les frais des maires d\u2019arrondissement de la capitale.\"\/>  <\/p>\n<p>THIBAUD MORITZ \/ AFP<\/p>\n<p>La maire de Paris, r\u00e9cemment \u00e9pingl\u00e9e pour ses frais de repr\u00e9sentations parfois consid\u00e9rables a rendu la pareille \u00e0 l\u2019opposition en d\u00e9voilant les frais des maires d\u2019arrondissement de la capitale.<\/p>\n<p class=\"asset asset-text\">PARIS &#8211; \u00c7a balance pas mal \u00e0 Paris. Elle-m\u00eame cibl\u00e9e pour d\u2019importantes d\u00e9penses en note de frais, la <a href=\"https:\/\/www.huffingtonpost.fr\/politique\/article\/anne-hidalgo-critiquee-par-la-droite-parisienne-pour-la-publication-ardue-de-ses-notes-de-frais-salees_254982.html\" target=\"_blank\" rel=\"noopener\">maire de Paris Anne Hidalgo<\/a> a ripost\u00e9 \u00e0 sa mani\u00e8re ce jeudi 2\u00a0octobre. Sa m\u00e9thode\u00a0? Rendre accessible, \u00ab\u00a0dans un souci constant de transparence et de responsabilit\u00e9\u00a0\u00bb, les \u00ab\u00a0frais engag\u00e9s par les maires d\u2019arrondissement\u00a0\u00bb de la capitale. De quoi tendre les \u00e9lus de la Ville de <a href=\"https:\/\/www.huffingtonpost.fr\/economie\/article\/l-enseigne-chinoise-shein-va-ouvrir-un-magasin-dans-six-villes-de-france-une-premiere-mondiale_255482.html\" target=\"_blank\" rel=\"noopener\">Paris<\/a> \u00e0 l\u2019approche du <a href=\"https:\/\/www.huffingtonpost.fr\/politique\/article\/municipales-2026-qui-sont-les-candidats-prets-a-succeder-a-anne-hidalgo-a-paris_254151.html\" target=\"_blank\" rel=\"noopener\">scrutin municipal de 2026<\/a>.<\/p>\n<p class=\"asset asset-text\">Ces r\u00e9v\u00e9lations permises par la maire parisienne interviennent dans un contexte de d\u00e9fiance autour de ses propres frais de repr\u00e9sentation, <a href=\"https:\/\/www.mediapart.fr\/journal\/france\/160925\/notes-de-frais-anne-hidalgo-toujours-fachee-avec-la-transparence\" target=\"_blank\" rel=\"noopener\" title=\"Nouvelle fen\u00eatre\">r\u00e9cemment \u00e9pluch\u00e9s par Mediapart<\/a>. \u00ab\u00a0Cher et ch\u00e8re coll\u00e8gue, afin de r\u00e9pondre aux sollicitations des m\u00e9dias, la maire de Paris a souhait\u00e9, dans un souci de transparence, permettre l\u2019acc\u00e8s des journalistes aux frais engag\u00e9s par les maires d\u2019arrondissement (\u2026). Je souhaitais vous en informer\u00a0\u00bb, pouvait-on ainsi lire dans un mail envoy\u00e9 par la Ville de Paris que rapporte <a href=\"https:\/\/www.leparisien.fr\/paris-75\/des-represailles-mesquines-anne-hidalgo-irrite-les-maires-darrondissement-en-devoilant-leurs-frais-02-10-2025-E2YCXE5J4RCKXCQ5DG52YUPTFQ.php\" target=\"_blank\" rel=\"noopener\" title=\"Nouvelle fen\u00eatre\">Le Parisien<\/a> ce jeudi.<\/p>\n<p class=\"asset asset-text\">Apr\u00e8s Anne Hidalgo, c\u2019est \u00c9ric Lejoindre, fid\u00e8le de l\u2019\u00e9dile et lui-m\u00eame maire PS du XVIIIe arrondissement de la capitale qui avait vu ses justificatifs de frais scrut\u00e9s \u00e0 la loupe apr\u00e8s leur publication. Pour contre-attaquer, Anne Hidalgo a donc tout d\u00e9ball\u00e9. Et le journal <a href=\"https:\/\/www.liberation.fr\/politique\/vetements-de-marque-grandes-tables-bols-a-prenom-revelations-sur-les-notes-de-frais-des-maires-parisiens-20251002_2UH66AFIX5C4XDHQTNZFG3C7IQ\/?redirected=1\" target=\"_blank\" rel=\"noopener\" title=\"Nouvelle fen\u00eatre\">Lib\u00e9ration<\/a> s\u2019est donc empress\u00e9 d\u2019\u00e9plucher toutes ces d\u00e9penses de repr\u00e9sentation des maires d\u2019arrondissement.<\/p>\n<p>    Dati, la plus \u00e9conome des maires    <\/p>\n<p class=\"asset asset-text\">Dans le d\u00e9tail, ces justifications et factures correspondent aux documents remis chaque ann\u00e9e par les maires \u00e0 l\u2019administration municipale. Et concernent la p\u00e9riode s\u2019\u00e9talant du 11\u00a0juillet\u00a02020\u00a0jusqu\u2019\u00e0 la fin de l\u2019ann\u00e9e 2024. Et si la maire de Paris \u00e9tait attaqu\u00e9e, notamment pour l\u2019achat de robe, elle ne devrait plus \u00eatre la seule. Ainsi, Lib\u00e9ration cite parmi les justificatifs apport\u00e9s par les \u00e9lus\u00a0: \u00ab\u00a0Repas dans les grandes tables parisiennes, ap\u00e9ritifs au champagne, d\u00e9penses en chocolats, mais aussi caisses de champagne, menus enfant, bougies antiodeurs de tabac et livres\u00a0\u00bb. Sans oublier des \u00ab\u00a0sommes folles\u00a0\u00bb dans l\u2019achat de v\u00eatements durant ces quatre ann\u00e9es.<\/p>\n<p class=\"asset asset-text\">Des frais autoris\u00e9s, notamment ceux li\u00e9s \u00e0 l\u2019apparence (habits, coiffure, pressing, soins de beaut\u00e9) ou \u00e0 la repr\u00e9sentation (repas, d\u00eeners, r\u00e9ceptions et restaurants), sans oublier les \u00ab\u00a0cadeaux protocolaires\u00a0\u00bb comme l\u2019explique Lib\u00e9. Pour autant, ces frais sont limit\u00e9s \u00e0 une enveloppe annuelle de 19\u00a0720\u00a0euros pour la maire de Paris et \u00e0 11\u00a0092\u00a0euros pour les maires d\u2019arrondissement. Et avec comme conditions que les frais engag\u00e9s soient \u00ab\u00a0en relation directe avec l\u2019exercice du mandat\u00a0\u00bb et\u00a0que\u00a0les d\u00e9penses pay\u00e9es aient \u00ab\u00a0un caract\u00e8re raisonnable\u00a0\u00bb. Ce qui n\u2019est visiblement pas toujours le cas.<\/p>\n<p class=\"asset asset-text\">\u00c0 ce titre, le journal cite les 35\u00a0779,65\u00a0euros de frais de v\u00eatements en quatre ans et demi de la maire LR du VIIIe arrondissement, Jeanne d\u2019Hauteserre. Ou les vingt\u00a0rendez-vous chez le coiffeur de Florence Berthout, maire Horizons du Ve arrondissement. La maire du VIIIe r\u00e9pond que \u00ab\u00a0ces frais font partie de la repr\u00e9sentation qui est la n\u00f4tre\u00a0\u00bb, mais juge d\u00e9sormais n\u00e9cessaire de les supprimer. \u00ab\u00a0Dans le priv\u00e9, on s\u2019habille avec son propre argent.\u00a0\u00bb<\/p>\n<p class=\"asset asset-text\">Autre exemple plus surprenant, les notes de <a href=\"https:\/\/www.huffingtonpost.fr\/people\/article\/a-paris-comment-harry-styles-s-est-retrouve-sur-une-photo-de-l-equipe-de-campagne-de-rachida-dati_255394.html\" target=\"_blank\" rel=\"noopener\">Rachida Dati<\/a> (maire LR du VIIe), qualifi\u00e9e d\u2019\u00e9dile la plus \u00e9conome. Lib\u00e9ration rel\u00e8ve \u00e0 ce titre seulement deux repas au deuxi\u00e8me semestre 2020\u00a0et un dernier en octobre\u00a02021. Ses seules d\u00e9penses au frais du contribuable de la capitale.<\/p>\n<p>                     Instauration d\u2019un \u00ab\u00a0climat malsain\u00a0\u00bb    <\/p>\n<p class=\"asset asset-text\">La liste est encore tr\u00e8s longue\u00a0: on y apprend par exemple que le maire du XV, Philippe Goujon d\u00e9pense en moyenne \u00ab\u00a0150\u00a0euros par bouche\u00a0\u00bb au restaurant. Qu\u2019Emmanuelle Pierre-Marie, maire \u00e9colo du XIIe arrondissement a demand\u00e9 des remboursements pour une bouteille isotherme et \u00ab\u00a0quatre bols \u00e0 pr\u00e9nom\u00a0\u00bb \u00e0 Cherbourg. Ce qui est certes bien moins on\u00e9reux que les 745\u00a0euros en chaussures f\u00e9minines que le maire LR du VIe, Jean-Pierre Lecoq, demande \u00e0 se faire rembourser durant ses vacances en juin\u00a02023. Ou les 65\u00a0euros de lampes antiodeurs de tabac achet\u00e9es par la femme de Francis Szpiner, \u00e9dile LR du XVIe, assez difficiles \u00e0 justifier en frais de repr\u00e9sentation.<\/p>\n<p class=\"asset asset-text\">Les r\u00e9v\u00e9lations sont particuli\u00e8rement nombreuses et agitent d\u00e9j\u00e0 la municipalit\u00e9 parisienne. Aupr\u00e8s du Parisien, certains s\u2019inqui\u00e8tent d\u00e9j\u00e0 des retomb\u00e9s apr\u00e8s cette petite bombe l\u00e2ch\u00e9e par Anne Hidalgo, qui avait \u00e9t\u00e9 particuli\u00e8rement critiqu\u00e9e par l\u2019opposition pour ses propres frais.<\/p>\n<p class=\"asset asset-text\">\u00ab\u00a0Quand on va regarder les frais des autres, ceux de droite qui nous critiquent, on aura les m\u00eames remarques que pour \u00c9ric Lejoindre\u00a0\u00bb, estime un maire proche d\u2019Anne Hidalgo. Mais globalement, tous regrettent l\u2019instauration d\u2019\u00ab\u00a0un climat malsain \u00e0 quelques mois\u00a0des municipales, que cela g\u00e9n\u00e8re une ambiance \u00e9pouvantable\u00a0\u00bb. \u00ab\u00a0Un d\u00e9ballage qui nuira \u00e0 tous\u00a0\u00bb, l\u00e2che \u00e9galement une maire d\u2019opposition cit\u00e9e par nos confr\u00e8res. Difficile de lui donner tort.<\/p>\n","protected":false},"excerpt":{"rendered":"THIBAUD MORITZ \/ AFP La maire de Paris, r\u00e9cemment \u00e9pingl\u00e9e pour ses frais de repr\u00e9sentations parfois consid\u00e9rables a&hellip;\n","protected":false},"author":2,"featured_media":434960,"comment_status":"","ping_status":"","sticky":false,"template":"","format":"standard","meta":{"footnotes":""},"categories":[4],"tags":[11,2618,56253,10692,1011,27,2381,12,626,316,417,25],"class_list":{"0":"post-434959","1":"post","2":"type-post","3":"status-publish","4":"format-standard","5":"has-post-thumbnail","7":"category-france","8":"tag-actualites","9":"tag-anne-hidalgo","10":"tag-arrondissements","11":"tag-depenses","12":"tag-fr","13":"tag-france","14":"tag-mairie-de-paris","15":"tag-news","16":"tag-paris","17":"tag-politique","18":"tag-rachida-dati","19":"tag-republique-francaise"},"share_on_mastodon":{"url":"https:\/\/pubeurope.com\/@fr\/115307525937687511","error":""},"_links":{"self":[{"href":"https:\/\/www.europesays.com\/fr\/wp-json\/wp\/v2\/posts\/434959","targetHints":{"allow":["GET"]}}],"collection":[{"href":"https:\/\/www.europesays.com\/fr\/wp-json\/wp\/v2\/posts"}],"about":[{"href":"https:\/\/www.europesays.com\/fr\/wp-json\/wp\/v2\/types\/post"}],"author":[{"embeddable":true,"href":"https:\/\/www.europesays.com\/fr\/wp-json\/wp\/v2\/users\/2"}],"replies":[{"embeddable":true,"href":"https:\/\/www.europesays.com\/fr\/wp-json\/wp\/v2\/comments?post=434959"}],"version-history":[{"count":0,"href":"https:\/\/www.europesays.com\/fr\/wp-json\/wp\/v2\/posts\/434959\/revisions"}],"wp:featuredmedia":[{"embeddable":true,"href":"https:\/\/www.europesays.com\/fr\/wp-json\/wp\/v2\/media\/434960"}],"wp:attachment":[{"href":"https:\/\/www.europesays.com\/fr\/wp-json\/wp\/v2\/media?parent=434959"}],"wp:term":[{"taxonomy":"category","embeddable":true,"href":"https:\/\/www.europesays.com\/fr\/wp-json\/wp\/v2\/categories?post=434959"},{"taxonomy":"post_tag","embeddable":true,"href":"https:\/\/www.europesays.com\/fr\/wp-json\/wp\/v2\/tags?post=434959"}],"curies":[{"name":"wp","href":"https:\/\/api.w.org\/{rel}","templated":true}]}}