{"id":434963,"date":"2025-10-03T01:01:28","date_gmt":"2025-10-03T01:01:28","guid":{"rendered":"https:\/\/www.europesays.com\/fr\/434963\/"},"modified":"2025-10-03T01:01:28","modified_gmt":"2025-10-03T01:01:28","slug":"travaux-et-fauchage-dautomne-vont-perturber-la-circulation-cette-semaine","status":"publish","type":"post","link":"https:\/\/www.europesays.com\/fr\/434963\/","title":{"rendered":"travaux et fauchage d&rsquo;automne vont perturber la circulation cette semaine"},"content":{"rendered":"<p>  Sur la RN88 \u00e0 La Ricamarie<\/p>\n<p>En raison d&rsquo;un am\u00e9nagement acoustique, dans le sens Saint-\u00c9tienne\/Le Puy, la circulation s\u2019effectue sur des voies de largeur r\u00e9duite de mani\u00e8re permanente jusqu\u2019au 26 novembre. La vitesse est limit\u00e9e \u00e0 70 km\/h avec interdiction de d\u00e9passement pour les v\u00e9hicules de plus de 3,5 tonnes.<\/p>\n<p>Pour des inspections d&rsquo;ouvrages, dans le sens Saint-\u00c9tienne\/Le Puy, la voie de droite sera neutralis\u00e9e la journ\u00e9e du jeudi 2 octobre de 9 \u00e0 16 heures.<\/p>\n<p>Sur l&rsquo;A47 \u00e0 Lorette<\/p>\n<p>Pour la r\u00e9paration d&rsquo;un mur de sout\u00e8nement, la circulation dans le sens Saint-\u00c9tienne\/Lyon s\u2019effectue sur des voies de largeur r\u00e9duite de mani\u00e8re permanente jusqu\u2019au 8 octobre. La vitesse est limit\u00e9e \u00e0 70 km\/h avec interdiction de d\u00e9passement pour les v\u00e9hicules de plus de 3,5 tonnes.<\/p>\n<p>Sur la RN488 \u00e0 Saint-\u00c9tienne<\/p>\n<p>En raison d&rsquo;un affaissement de chauss\u00e9e, dans le sens Saint-Chamond\/Saint-\u00c9tienne, la voie de droite est neutralis\u00e9e de mani\u00e8re permanente. Par ailleurs, la vitesse est r\u00e9duite \u00e0 50 km\/h.<\/p>\n<p>Sur l&rsquo;A47 \u00e0 Givors<\/p>\n<p>Pour des travaux d&rsquo;assainissement, dans le sens Lyon\/Saint-\u00c9tienne, la voie de droite sera neutralis\u00e9e les journ\u00e9es du lundi 29, du mardi 30 septembre, du mercredi 1 et du jeudi 2 octobre, de 9 \u00e0 16 heures.<\/p>\n<p>Sur l&rsquo;A72 \u00e0 Andr\u00e9zieux-Bouth\u00e9on et Saint-\u00c9tienne<\/p>\n<p>En raison du fauchage d&rsquo;automne, la voie de droite sera neutralis\u00e9e, dans le sens Andr\u00e9zieux\/Saint-\u00c9tienne, les nuits du lundi 29 et du mardi 30 septembre, de 20 h 30 \u00e0 6 heures.\u00a0<\/p>\n<p>Sur la RN88 de Saint-\u00c9tienne \u00e0 Firminy<\/p>\n<p>En raison du fauchage d&rsquo;automne, la voie de droite sera neutralis\u00e9e, dans le sens Saint-\u00c9tienne\/Firminy, les nuits du mercredi 1 et du jeudi 2 octobre, de 20 h 30 \u00e0 6 heures.<\/p>\n<p>Sur l&rsquo;A47 \u00e0 Saint-Chamond<\/p>\n<p>Pour des travaux de chauss\u00e9e, dans le sens Lyon\/Saint-\u00c9tienne, l\u2019A47 sera ferm\u00e9e \u00e0 la circulation les nuits du lundi 29, du mardi 30 septembre, du mercredi 1 et du jeudi 2 octobre, de 20 h 30 \u00e0 6 heures, entre l\u2019\u00e9changeur n\u00b014 (Saint-Chamond centre\/L\u2019Horme) et l\u2019\u00e9changeur n\u00b016 (Saint-Chamond centre).<\/p>\n<p>La bretelle d\u2019insertion n\u00b015 (Saint-Chamond\/Stelytec) en direction de Saint-\u00c9tienne sera \u00e9galement ferm\u00e9e.<\/p>\n","protected":false},"excerpt":{"rendered":"Sur la RN88 \u00e0 La Ricamarie En raison d&rsquo;un am\u00e9nagement acoustique, dans le sens Saint-\u00c9tienne\/Le Puy, la circulation&hellip;\n","protected":false},"author":2,"featured_media":434964,"comment_status":"","ping_status":"","sticky":false,"template":"","format":"standard","meta":{"footnotes":""},"categories":[9653],"tags":[1111,11,2430,3542,7539,1777,674,1011,27,3367,12,25,4001,2803],"class_list":{"0":"post-434963","1":"post","2":"type-post","3":"status-publish","4":"format-standard","5":"has-post-thumbnail","7":"category-saint-etienne","8":"tag-actu","9":"tag-actualites","10":"tag-auvergne-rhone-alpes","11":"tag-circulation","12":"tag-edition-loire-sud","13":"tag-eu","14":"tag-europe","15":"tag-fr","16":"tag-france","17":"tag-loire","18":"tag-news","19":"tag-republique-francaise","20":"tag-saint-etienne","21":"tag-transport"},"share_on_mastodon":{"url":"https:\/\/pubeurope.com\/@fr\/115307536956146478","error":""},"_links":{"self":[{"href":"https:\/\/www.europesays.com\/fr\/wp-json\/wp\/v2\/posts\/434963","targetHints":{"allow":["GET"]}}],"collection":[{"href":"https:\/\/www.europesays.com\/fr\/wp-json\/wp\/v2\/posts"}],"about":[{"href":"https:\/\/www.europesays.com\/fr\/wp-json\/wp\/v2\/types\/post"}],"author":[{"embeddable":true,"href":"https:\/\/www.europesays.com\/fr\/wp-json\/wp\/v2\/users\/2"}],"replies":[{"embeddable":true,"href":"https:\/\/www.europesays.com\/fr\/wp-json\/wp\/v2\/comments?post=434963"}],"version-history":[{"count":0,"href":"https:\/\/www.europesays.com\/fr\/wp-json\/wp\/v2\/posts\/434963\/revisions"}],"wp:featuredmedia":[{"embeddable":true,"href":"https:\/\/www.europesays.com\/fr\/wp-json\/wp\/v2\/media\/434964"}],"wp:attachment":[{"href":"https:\/\/www.europesays.com\/fr\/wp-json\/wp\/v2\/media?parent=434963"}],"wp:term":[{"taxonomy":"category","embeddable":true,"href":"https:\/\/www.europesays.com\/fr\/wp-json\/wp\/v2\/categories?post=434963"},{"taxonomy":"post_tag","embeddable":true,"href":"https:\/\/www.europesays.com\/fr\/wp-json\/wp\/v2\/tags?post=434963"}],"curies":[{"name":"wp","href":"https:\/\/api.w.org\/{rel}","templated":true}]}}