{"id":434965,"date":"2025-10-03T01:02:25","date_gmt":"2025-10-03T01:02:25","guid":{"rendered":"https:\/\/www.europesays.com\/fr\/434965\/"},"modified":"2025-10-03T01:02:25","modified_gmt":"2025-10-03T01:02:25","slug":"asse-allez-les-vertes-les-supporters-sont-la-2","status":"publish","type":"post","link":"https:\/\/www.europesays.com\/fr\/434965\/","title":{"rendered":"ASSE\u00a0: allez les Vertes, les supporters sont l\u00e0"},"content":{"rendered":"<p class=\"is-style-chapo\">Depuis le mois d\u2019ao\u00fbt 2025, un nouveau groupe de supporters a vu le jour dans les gradins de l\u2019AS Saint-Etienne. Apr\u00e8s les Magic Fans 91 et les Green Angels 92, ce sont d\u00e9sormais les Mystic Panthers 25 qui investissent les gradins des f\u00e9minines.<\/p>\n<p><img loading=\"lazy\" decoding=\"async\" width=\"1024\" height=\"576\" src=\"https:\/\/www.europesays.com\/fr\/wp-content\/uploads\/2025\/10\/une-nouvelle-competition-pour-les-vertes-1218910415-1024x576.jpg\" alt=\"\" class=\"wp-image-80666\"  \/>\u00a9ASSE<\/p>\n<p>\u00ab Il y a d\u00e9j\u00e0 eu un groupe de supporters chez les filles, mais il n\u2019a pas dur\u00e9 et cela fait des ann\u00e9es qu\u2019il n\u2019y en a plus \u00bb, raconte Morgane, l\u2019une des quatre membres-fondateurs des Mystic Panthers 25. <\/p>\n<p>N\u00e9 officiellement au mois d\u2019ao\u00fbt dernier, ce groupe de supporters des Vertes, a pris naissance en d\u00e9cembre 2024, alors que les f\u00e9minines de <a href=\"https:\/\/www.if-saint-etienne.fr\/breves\/reseaux-sociaux-lasse-entend-appliquer-une-tolerance-zero\" target=\"_blank\" rel=\"noreferrer noopener\">l\u2019ASSE<\/a> s\u2019appr\u00eatent \u00e0 affronter le Paris Saint-Germain. \u00ab Nous sommes plusieurs \u00e0 s\u2019\u00eatre donn\u00e9 rendez-vous ce jour-l\u00e0 pour venir les supporter, et c\u2019est comme \u00e7a que nous avons commenc\u00e9 \u00e0 r\u00e9fl\u00e9chir au projet ensemble \u00bb.<\/p>\n<p>Mettre en avant le football f\u00e9minin<\/p>\n<p>Fond\u00e9e par un groupe de passionn\u00e9s, l\u2019association Mystic Panthers 25 a pour ambition de soutenir les Amazones, mais aussi de promouvoir le football f\u00e9minin et de f\u00e9d\u00e9rer autour des valeurs qui sont celles du club. \u00ab\u00a0Pour le moment, nous voulons supporter les f\u00e9minines en cr\u00e9ant de l\u2019animation, mettre de l\u2019ambiance, d\u00e9taille Morgane. Et peut-\u00eatre, d\u2019ici quelques ann\u00e9es, pouvoir \u00eatre en mesure de faire les d\u00e9placements. L\u2019id\u00e9e est vraiment de montrer qu\u2019il y a du monde qui se mobilise pour supporter le football f\u00e9minin, que l\u2019on peut encore d\u00e9velopper \u00e7a en attirant davantage de monde autour de l\u2019\u00e9quipe\u00a0\u00bb. Cr\u00e9\u00e9e sous l\u2019impulsion de J\u00e9r\u00e9my Thizy, son pr\u00e9sident, l\u2019association souhaite incarner une nouvelle g\u00e9n\u00e9ration de supporters et se sent encourag\u00e9e par les r\u00e9cents investissements du club \u00e0 destination des Vertes. Le r\u00eave de Morgane\u00a0? \u00ab\u00a0Les voir un jour jouer tous leurs matchs \u00e0 Geoffroy Guichard\u00a0\u00bb.<\/p>\n<p>Rendez-vous samedi \u00e0 Geoffroy Guichard<\/p>\n<p>Toutefois, elle conc\u00e8de que cela serait compliqu\u00e9 \u00e9tant donn\u00e9 le staff que les rencontres \u00e0 Geoffroy Guichard mobilisent, ne serait-ce que pour des raisons de s\u00e9curit\u00e9. Pour le moment, elles jouent leurs matchs au stade Salif Keita, surnomm\u00e9 la panth\u00e8re noire, dont l\u2019association a souhait\u00e9 tirer son nom, en hommage.<\/p>\n<p>L\u2019accueil r\u00e9serv\u00e9 au groupe a \u00e9t\u00e9 tr\u00e8s positif. \u00ab\u00a0Les supporters sont contents, les joueuses aussi, \u00e7a leur fait plaisir d\u2019avoir du monde, explique Morgane. On essaie de faire au mieux pour que cela se passe bien et s\u2019inscrive dans la dur\u00e9e\u00a0\u00bb.<\/p>\n<p>Les Mystic Panthers 25 seront \u00e0 l\u2019\u0153uvre dans l\u2019enceinte mythique de Geoffroy Guichard ce samedi, pour la rencontre entre <a href=\"https:\/\/www.asse.fr\/\" target=\"_blank\" rel=\"noreferrer noopener\">les Amazones<\/a> et l\u2019Olympique de Marseille, \u00e0 partir de 17 heures.<\/p>\n","protected":false},"excerpt":{"rendered":"Depuis le mois d\u2019ao\u00fbt 2025, un nouveau groupe de supporters a vu le jour dans les gradins de&hellip;\n","protected":false},"author":2,"featured_media":433359,"comment_status":"","ping_status":"","sticky":false,"template":"","format":"standard","meta":{"footnotes":""},"categories":[9653],"tags":[1111,11,43592,56124,2430,1777,674,1011,27,56125,12,25,4001,7499],"class_list":{"0":"post-434965","1":"post","2":"type-post","3":"status-publish","4":"format-standard","5":"has-post-thumbnail","7":"category-saint-etienne","8":"tag-actu","9":"tag-actualites","10":"tag-asse-2025-2026","11":"tag-asse-feminine","12":"tag-auvergne-rhone-alpes","13":"tag-eu","14":"tag-europe","15":"tag-fr","16":"tag-france","17":"tag-mystic-panthers-25","18":"tag-news","19":"tag-republique-francaise","20":"tag-saint-etienne","21":"tag-sportif"},"share_on_mastodon":{"url":"https:\/\/pubeurope.com\/@fr\/115307541404215173","error":""},"_links":{"self":[{"href":"https:\/\/www.europesays.com\/fr\/wp-json\/wp\/v2\/posts\/434965","targetHints":{"allow":["GET"]}}],"collection":[{"href":"https:\/\/www.europesays.com\/fr\/wp-json\/wp\/v2\/posts"}],"about":[{"href":"https:\/\/www.europesays.com\/fr\/wp-json\/wp\/v2\/types\/post"}],"author":[{"embeddable":true,"href":"https:\/\/www.europesays.com\/fr\/wp-json\/wp\/v2\/users\/2"}],"replies":[{"embeddable":true,"href":"https:\/\/www.europesays.com\/fr\/wp-json\/wp\/v2\/comments?post=434965"}],"version-history":[{"count":0,"href":"https:\/\/www.europesays.com\/fr\/wp-json\/wp\/v2\/posts\/434965\/revisions"}],"wp:featuredmedia":[{"embeddable":true,"href":"https:\/\/www.europesays.com\/fr\/wp-json\/wp\/v2\/media\/433359"}],"wp:attachment":[{"href":"https:\/\/www.europesays.com\/fr\/wp-json\/wp\/v2\/media?parent=434965"}],"wp:term":[{"taxonomy":"category","embeddable":true,"href":"https:\/\/www.europesays.com\/fr\/wp-json\/wp\/v2\/categories?post=434965"},{"taxonomy":"post_tag","embeddable":true,"href":"https:\/\/www.europesays.com\/fr\/wp-json\/wp\/v2\/tags?post=434965"}],"curies":[{"name":"wp","href":"https:\/\/api.w.org\/{rel}","templated":true}]}}