{"id":434976,"date":"2025-10-03T01:10:23","date_gmt":"2025-10-03T01:10:23","guid":{"rendered":"https:\/\/www.europesays.com\/fr\/434976\/"},"modified":"2025-10-03T01:10:23","modified_gmt":"2025-10-03T01:10:23","slug":"la-diffusion-de-la-traviata-en-plein-air-deplacee-a-labbatiale-saint-ouen","status":"publish","type":"post","link":"https:\/\/www.europesays.com\/fr\/434976\/","title":{"rendered":"La diffusion de La Traviata en plein air d\u00e9plac\u00e9e \u00e0 l&rsquo;abbatiale Saint-Ouen"},"content":{"rendered":"\n<p>         Publi\u00e9 le\u00a0:\u00a0       <\/p>\n<p>Jeudi 2 octobre 2025 &#8211; 09h59<\/p>\n<p>         Th\u00e8me d\u2019actualit\u00e9\u00a0:\u00a0       <\/p>\n<p>                            <img loading=\"lazy\" decoding=\"async\" typeof=\"foaf:Image\" src=\"https:\/\/www.europesays.com\/fr\/wp-content\/uploads\/2025\/10\/abbatiale_paysage.jpeg\" width=\"640\" height=\"480\" alt=\"abbatiale Saint-Ouen - cr\u00e9dit photo : H Debruyne\"\/>                          <\/p>\n<p>Initialement pr\u00e9vue sur le parvis de la Cath\u00e9drale, la diffusion sur \u00e9cran de la\u00a0Traviata aura lieu dans l&rsquo;abbatiale Saint-Ouen (photo) samedi 4 octobre. La faute aux conditions m\u00e9t\u00e9orologiques annonc\u00e9es pour ce week-end.<\/p>\n<p>C\u2019est l\u2019un des op\u00e9ras les plus populaires au monde qui touche au c\u0153ur par le destin tragique de la Traviata, courtisane sinc\u00e8rement amoureuse mais pas assez \u00ab\u00a0convenable\u00a0\u00bb pour sa belle famille.\u00a0Des airs qu\u2019on n\u2019oublie pas, \u00e0 l\u2019image du ch\u0153ur des Boh\u00e9miennes. L\u2019Op\u00e9ra de Rouen est sur la sc\u00e8ne du th\u00e9\u00e2tre des Arts pour six repr\u00e9sentations.<\/p>\n<p>Informations pratiques<\/p>\n<p>La Traviata, les 26, 28 et 30 septembre et les 2, 4 et 7 octobre. <\/p>\n","protected":false},"excerpt":{"rendered":"Publi\u00e9 le\u00a0:\u00a0 Jeudi 2 octobre 2025 &#8211; 09h59 Th\u00e8me d\u2019actualit\u00e9\u00a0:\u00a0 Initialement pr\u00e9vue sur le parvis de la Cath\u00e9drale,&hellip;\n","protected":false},"author":2,"featured_media":434977,"comment_status":"","ping_status":"","sticky":false,"template":"","format":"standard","meta":{"footnotes":""},"categories":[9587],"tags":[1111,11,1777,674,1011,27,12,5161,25,9590],"class_list":{"0":"post-434976","1":"post","2":"type-post","3":"status-publish","4":"format-standard","5":"has-post-thumbnail","7":"category-rouen","8":"tag-actu","9":"tag-actualites","10":"tag-eu","11":"tag-europe","12":"tag-fr","13":"tag-france","14":"tag-news","15":"tag-normandie","16":"tag-republique-francaise","17":"tag-rouen"},"share_on_mastodon":{"url":"https:\/\/pubeurope.com\/@fr\/115307572357333525","error":""},"_links":{"self":[{"href":"https:\/\/www.europesays.com\/fr\/wp-json\/wp\/v2\/posts\/434976","targetHints":{"allow":["GET"]}}],"collection":[{"href":"https:\/\/www.europesays.com\/fr\/wp-json\/wp\/v2\/posts"}],"about":[{"href":"https:\/\/www.europesays.com\/fr\/wp-json\/wp\/v2\/types\/post"}],"author":[{"embeddable":true,"href":"https:\/\/www.europesays.com\/fr\/wp-json\/wp\/v2\/users\/2"}],"replies":[{"embeddable":true,"href":"https:\/\/www.europesays.com\/fr\/wp-json\/wp\/v2\/comments?post=434976"}],"version-history":[{"count":0,"href":"https:\/\/www.europesays.com\/fr\/wp-json\/wp\/v2\/posts\/434976\/revisions"}],"wp:featuredmedia":[{"embeddable":true,"href":"https:\/\/www.europesays.com\/fr\/wp-json\/wp\/v2\/media\/434977"}],"wp:attachment":[{"href":"https:\/\/www.europesays.com\/fr\/wp-json\/wp\/v2\/media?parent=434976"}],"wp:term":[{"taxonomy":"category","embeddable":true,"href":"https:\/\/www.europesays.com\/fr\/wp-json\/wp\/v2\/categories?post=434976"},{"taxonomy":"post_tag","embeddable":true,"href":"https:\/\/www.europesays.com\/fr\/wp-json\/wp\/v2\/tags?post=434976"}],"curies":[{"name":"wp","href":"https:\/\/api.w.org\/{rel}","templated":true}]}}