{"id":434978,"date":"2025-10-03T01:12:11","date_gmt":"2025-10-03T01:12:11","guid":{"rendered":"https:\/\/www.europesays.com\/fr\/434978\/"},"modified":"2025-10-03T01:12:11","modified_gmt":"2025-10-03T01:12:11","slug":"shein-debarque-en-auvergne-rhone-alpes-la-marque-chinoise-va-ouvrir-un-magasin","status":"publish","type":"post","link":"https:\/\/www.europesays.com\/fr\/434978\/","title":{"rendered":"Shein d\u00e9barque en Auvergne-Rh\u00f4ne-Alpes : la marque chinoise va ouvrir un magasin"},"content":{"rendered":"<p>Shein d\u00e9barque en Auvergne-Rh\u00f4ne-Alpes : le g\u00e9ant asiatique du pr\u00eat-\u00e0-porter \u00e0 petits prix va ouvrir l&rsquo;une de ses toutes premi\u00e8res boutiques permanentes \u00e0 Grenoble (Is\u00e8re). Une installation qui devrait avoir lieu dans les prochains mois.<\/p>\n<p>C&rsquo;est une premi\u00e8re mondiale : la plateforme chinoise de mode en ligne <b>Shein<\/b> a choisi la France pour installer<b> ses toutes premi\u00e8res boutiques permanentes<\/b>.<\/p>\n<p>L&rsquo;enseigne asiatique, r\u00e9guli\u00e8rement critiqu\u00e9e pour sa fast fashion \u00e0 bas prix, annonce l&rsquo;ouverture de <b>six magasins<\/b> \u00e0 partir de novembre 2025.<\/p>\n<p>Une boutique Shein \u00e0 Grenoble<\/p>\n<p>Le coup d&rsquo;envoi sera donn\u00e9 au BHV Marais \u00e0 Paris, avant l&rsquo;ouverture progressive de cinq autres points de vente dans des Galeries Lafayette \u00e0 Dijon, Reims, <b>Grenoble<\/b>, Angers et Limoges.<\/p>\n<p>Pour concr\u00e9tiser ce projet, Shein s&rsquo;est associ\u00e9e \u00e0 la Soci\u00e9t\u00e9 des Grands Magasins (SGM), propri\u00e9taire notamment du BHV et de plusieurs enseignes Galeries Lafayette.<\/p>\n<p>L&rsquo;entreprise promet un impact \u00e9conomique positif avec 200 emplois directs et indirects cr\u00e9\u00e9s en France. Elle pr\u00e9sente ce d\u00e9ploiement comme \u00ab\u00a0un engagement pour revitaliser les centres-villes\u00a0\u00bb et \u00ab\u00a0restaurer les grands magasins\u00a0\u00bb.<\/p>\n<p>Des magasins Shein en France : une implantation d\u00e9cri\u00e9e<\/p>\n<p>Fond\u00e9e en Chine en 2012 et aujourd&rsquo;hui bas\u00e9e \u00e0 Singapour, Shein s&rsquo;est impos\u00e9e comme un g\u00e9ant mondial gr\u00e2ce \u00e0 ses prix tr\u00e8s bas, sa multitude de r\u00e9f\u00e9rences et son marketing agressif.<\/p>\n<p>En 2022, son chiffre d&rsquo;affaires a atteint 23 milliards de dollars (20 milliards d&rsquo;euros).<\/p>\n<p><img loading=\"lazy\" decoding=\"async\" src=\"https:\/\/www.europesays.com\/fr\/wp-content\/uploads\/2025\/10\/1759453931_149_img\" width=\"350\" height=\"200\" border=\"0\" title=\"Starbucks va ouvrir un drive pr\u00c3\u00a8s de Lyon au d\u00c3\u00a9but du mois d'octobre\"\/><\/p>\n<p>\u25baConso<\/p>\n<p style=\"font-size: 22px;\"><b>Starbucks ouvre un nouveau caf\u00e9 pr\u00e8s de Lyon, avec un concept in\u00e9dit<\/b><\/p>\n<p>L&rsquo;enseigne de caf\u00e9 mondialement connue Starbucks&#8230;<\/p>\n<p><\/p>\n","protected":false},"excerpt":{"rendered":"Shein d\u00e9barque en Auvergne-Rh\u00f4ne-Alpes : le g\u00e9ant asiatique du pr\u00eat-\u00e0-porter \u00e0 petits prix va ouvrir l&rsquo;une de ses&hellip;\n","protected":false},"author":2,"featured_media":434979,"comment_status":"","ping_status":"","sticky":false,"template":"","format":"standard","meta":{"footnotes":""},"categories":[9566],"tags":[1111,11,2430,1777,674,764,1011,27,2731,12,48071,25,1104],"class_list":{"0":"post-434978","1":"post","2":"type-post","3":"status-publish","4":"format-standard","5":"has-post-thumbnail","7":"category-grenoble","8":"tag-actu","9":"tag-actualites","10":"tag-auvergne-rhone-alpes","11":"tag-eu","12":"tag-europe","13":"tag-fast-fashion","14":"tag-fr","15":"tag-france","16":"tag-grenoble","17":"tag-news","18":"tag-rgion","19":"tag-republique-francaise","20":"tag-shein"},"share_on_mastodon":{"url":"https:\/\/pubeurope.com\/@fr\/115307580759114777","error":""},"_links":{"self":[{"href":"https:\/\/www.europesays.com\/fr\/wp-json\/wp\/v2\/posts\/434978","targetHints":{"allow":["GET"]}}],"collection":[{"href":"https:\/\/www.europesays.com\/fr\/wp-json\/wp\/v2\/posts"}],"about":[{"href":"https:\/\/www.europesays.com\/fr\/wp-json\/wp\/v2\/types\/post"}],"author":[{"embeddable":true,"href":"https:\/\/www.europesays.com\/fr\/wp-json\/wp\/v2\/users\/2"}],"replies":[{"embeddable":true,"href":"https:\/\/www.europesays.com\/fr\/wp-json\/wp\/v2\/comments?post=434978"}],"version-history":[{"count":0,"href":"https:\/\/www.europesays.com\/fr\/wp-json\/wp\/v2\/posts\/434978\/revisions"}],"wp:featuredmedia":[{"embeddable":true,"href":"https:\/\/www.europesays.com\/fr\/wp-json\/wp\/v2\/media\/434979"}],"wp:attachment":[{"href":"https:\/\/www.europesays.com\/fr\/wp-json\/wp\/v2\/media?parent=434978"}],"wp:term":[{"taxonomy":"category","embeddable":true,"href":"https:\/\/www.europesays.com\/fr\/wp-json\/wp\/v2\/categories?post=434978"},{"taxonomy":"post_tag","embeddable":true,"href":"https:\/\/www.europesays.com\/fr\/wp-json\/wp\/v2\/tags?post=434978"}],"curies":[{"name":"wp","href":"https:\/\/api.w.org\/{rel}","templated":true}]}}