{"id":434982,"date":"2025-10-03T01:14:33","date_gmt":"2025-10-03T01:14:33","guid":{"rendered":"https:\/\/www.europesays.com\/fr\/434982\/"},"modified":"2025-10-03T01:14:33","modified_gmt":"2025-10-03T01:14:33","slug":"pres-de-rennes-dyslexique-il-a-ecrit-un-livre-pour-raconter-son-histoire","status":"publish","type":"post","link":"https:\/\/www.europesays.com\/fr\/434982\/","title":{"rendered":"Pr\u00e8s de Rennes, dyslexique, il a \u00e9crit un livre pour raconter son histoire"},"content":{"rendered":"<p>Florian Lemercier, 28\u00a0ans, habite <a href=\"https:\/\/rennes.maville.com\/bretagne\/ille-et-vilaine\/noyal-chatillon-sur-seiche\/\" target=\"_blank\" rel=\"noopener\">Noyal-Ch\u00e2tillon-sur-Seiche<\/a> (<a href=\"https:\/\/www.ouest-france.fr\/bretagne\/ille-et-vilaine\/\" target=\"_blank\" rel=\"noopener\">Ille-et-Vilaine<\/a>). Il est l\u2019auteur du livre Sur les ondes d\u2019une vie de dyslexie, paru le 30\u00a0novembre 2024. La dyslexie est un trouble de la lecture et de l\u2019\u00e9criture sp\u00e9cifique et durable qui appara\u00eet chez les jeunes et est reconnue comme un handicap par l\u2019Organisation mondiale de la sant\u00e9 (OMS) depuis 1993.<\/p>\n<p>Fils unique, il se qualifie comme un <strong>\u00ab\u00a0enfant joyeux, r\u00eaveur inv\u00e9t\u00e9r\u00e9\u00a0\u00bb<\/strong>. <strong>\u00ab\u00a0\u00c0 l\u2019\u00e9cole, mon univers int\u00e9rieur n\u2019\u00e9tait pas toujours bien compris, les mots sur les pages semblaient danser et les chiffres se m\u00e9langer\u00a0\u00bb,<\/strong> ajoute-t-il.<\/p>\n<p>La perte d\u2019un grand-p\u00e8re va mettre Florent Lemercier sur le fil de l\u2019\u00e9criture. <strong>\u00ab\u00a0\u00c0 la base, ces \u00e9crits n\u2019\u00e9taient destin\u00e9s que pour moi, <\/strong>pr\u00e9cise le jeune auteur.<strong>\u00a0La vie est courte et nous ne laissons pas assez de trace. Malgr\u00e9 toutes les difficult\u00e9s que j\u2019ai pu vivre dans mon enfance, il y a toujours moyen de pouvoir s\u2019en sortir.\u00a0\u00bb<\/strong><\/p>\n<p>\u00ab\u00a0On m\u2019a toujours frein\u00e9 pendant l\u2019enfance\u00a0\u00bb<\/p>\n<p>Le sujet de son livre portera sur l\u2019histoire de son enfance, de son immersion difficile dans le syst\u00e8me scolaire. Il choisit de titrer son livre comme tel car la dyslexie parle <strong>\u00ab\u00a0\u00e0 peu pr\u00e8s \u00e0 tout le monde\u00a0\u00bb<\/strong>, mais les autres troubles sont moins connus et font pourtant partie du quotidien.<\/p>\n<p><strong>\u00ab\u00a0\u00c7a pouvait \u00eatre int\u00e9ressant d\u2019avoir le point de vue d\u2019un dyslexique. J\u2019ai donc orient\u00e9 mes \u00e9crits pour pouvoir parler un maximum de cela\u00a0\u00bb, <\/strong>insiste Florian Lemercier. Qui regrette qu\u2019<strong>\u00ab\u00a0on m\u2019a toujours un peu frein\u00e9 pendant l\u2019enfance en me disant\u00a0: tu ne vas pas y arriver \u00a0\u00bb<\/strong>.<\/p>\n<p><strong>\u00ab\u00a0Cette opposition, je m\u2019en sers comme d\u2019un moteur,<\/strong> reprend-t-il, <strong>c\u2019est un peu ce qui me porte et j\u2019essaye de prouver aux gens que je suis capable de faire ce dont j\u2019ai envie et quand je le veux.\u00a0\u00bb<\/strong><\/p>\n<p>\u00ab\u00a0Ma web radio \u00e9tait ma bulle d\u2019oxyg\u00e8ne\u00a0\u00bb<\/p>\n<p>Dans son enfance, il s\u2019est essay\u00e9 au m\u00e9tier de boulanger qu\u2019il a d\u00fb arr\u00eater pour raison de sant\u00e9. C\u2019est \u00e0 la radio, qu\u2019il s\u2019est \u00e9panoui. \u00ab\u00a0<strong>\u00c0 14\u00a0ans, j\u2019ai cr\u00e9\u00e9 en cachette absolue une web radio, FLradiobreiz, avec \u00e9mission principale, Mon journal pas si intime. C\u2019\u00e9tait alors ma bulle d\u2019oxyg\u00e8ne, mon exutoire\u00a0\u00bb, <\/strong>explique-t-il.<\/p>\n<p>Aujourd\u2019hui, son livre lui conf\u00e8re un statut d\u2019ambassadeur de ce handicap. En f\u00e9vrier, il a \u00e9crit \u00e0 Brigitte Macron, qui a t\u00e9moign\u00e9 de son int\u00e9r\u00eat en\u00a0le mettant en contact avec la ministre d\u00e9l\u00e9gu\u00e9e du travail et du handicap.<\/p>\n<p>Florian Lemercier souhaite dor\u00e9navant sensibiliser le grand public \u00e0 la <a href=\"https:\/\/vitre.maville.com\/actu\/actudet_-a-vitre-une-conference-sur-les-troubles-dys-_52704-6671940_actu.Htm\" target=\"_blank\" rel=\"noopener\">diversit\u00e9 des troubles dys<\/a> (dysorthographie, dyspraxie, dyscalculie, dysphasie\u2026) et promouvoir une meilleure inclusion des personnes concern\u00e9es.<\/p>\n<p><strong>Contact\u00a0:<\/strong> surlesondesduneviededyslexie.fr<\/p>\n<p>\u00a0<\/p>\n<p>\u00a0<\/p>\n","protected":false},"excerpt":{"rendered":"Florian Lemercier, 28\u00a0ans, habite Noyal-Ch\u00e2tillon-sur-Seiche (Ille-et-Vilaine). Il est l\u2019auteur du livre Sur les ondes d\u2019une vie de dyslexie,&hellip;\n","protected":false},"author":2,"featured_media":434983,"comment_status":"","ping_status":"","sticky":false,"template":"","format":"standard","meta":{"footnotes":""},"categories":[2821],"tags":[1111,11,829,56254,47811,1777,674,1011,27,937,2003,12,3762,41929,3086,584,25],"class_list":{"0":"post-434982","1":"post","2":"type-post","3":"status-publish","4":"format-standard","5":"has-post-thumbnail","7":"category-rennes","8":"tag-actu","9":"tag-actualites","10":"tag-bretagne","11":"tag-dyslexique","12":"tag-ecrit","13":"tag-eu","14":"tag-europe","15":"tag-fr","16":"tag-france","17":"tag-histoire","18":"tag-livre","19":"tag-news","20":"tag-pres","21":"tag-raconter","22":"tag-redon","23":"tag-rennes","24":"tag-republique-francaise"},"share_on_mastodon":{"url":"https:\/\/pubeurope.com\/@fr\/115307588094774186","error":""},"_links":{"self":[{"href":"https:\/\/www.europesays.com\/fr\/wp-json\/wp\/v2\/posts\/434982","targetHints":{"allow":["GET"]}}],"collection":[{"href":"https:\/\/www.europesays.com\/fr\/wp-json\/wp\/v2\/posts"}],"about":[{"href":"https:\/\/www.europesays.com\/fr\/wp-json\/wp\/v2\/types\/post"}],"author":[{"embeddable":true,"href":"https:\/\/www.europesays.com\/fr\/wp-json\/wp\/v2\/users\/2"}],"replies":[{"embeddable":true,"href":"https:\/\/www.europesays.com\/fr\/wp-json\/wp\/v2\/comments?post=434982"}],"version-history":[{"count":0,"href":"https:\/\/www.europesays.com\/fr\/wp-json\/wp\/v2\/posts\/434982\/revisions"}],"wp:featuredmedia":[{"embeddable":true,"href":"https:\/\/www.europesays.com\/fr\/wp-json\/wp\/v2\/media\/434983"}],"wp:attachment":[{"href":"https:\/\/www.europesays.com\/fr\/wp-json\/wp\/v2\/media?parent=434982"}],"wp:term":[{"taxonomy":"category","embeddable":true,"href":"https:\/\/www.europesays.com\/fr\/wp-json\/wp\/v2\/categories?post=434982"},{"taxonomy":"post_tag","embeddable":true,"href":"https:\/\/www.europesays.com\/fr\/wp-json\/wp\/v2\/tags?post=434982"}],"curies":[{"name":"wp","href":"https:\/\/api.w.org\/{rel}","templated":true}]}}