{"id":434984,"date":"2025-10-03T01:15:18","date_gmt":"2025-10-03T01:15:18","guid":{"rendered":"https:\/\/www.europesays.com\/fr\/434984\/"},"modified":"2025-10-03T01:15:18","modified_gmt":"2025-10-03T01:15:18","slug":"liberez-la-palestine-liberez-la-flottille-des-centaines-de-rennais-au-soutien-de-la-flotille-vers-gaza","status":"publish","type":"post","link":"https:\/\/www.europesays.com\/fr\/434984\/","title":{"rendered":"\u00ab\u00a0Lib\u00e9rez la Palestine, lib\u00e9rez la flottille\u00a0\u00bb\u00a0: des centaines de Rennais au soutien de la flotille vers Gaza"},"content":{"rendered":"<p><a href=\"https:\/\/www.letelegramme.fr\/ille-et-vilaine\/rennes-35000\/direct-greve-du-2-octobre-a-rennes-des-blocages-en-cours-ce-matin-6901191.php\" target=\"_blank\" rel=\"nofollow noopener\">L\u2019acte 1, \u00e0 partir de 13 h, de la journ\u00e9e de mobilisation<\/a> de ce jeudi 2 octobre \u00e0 Rennes, contre le gouvernement Lecornu, s\u2019\u00e9tait d\u00e9roul\u00e9 dans le calme. L\u2019acte 2, en d\u00e9but de soir\u00e9e, a \u00e9t\u00e9 plus tendu. En soutien au mouvement humanitaire \u00ab Global Sumud Flotilla \u00bb, qui se dirigeait vers Gaza pour \u00ab briser le blocus isra\u00e9lien ill\u00e9gal \u00bb, une deuxi\u00e8me manifestation, non d\u00e9clar\u00e9e celle-l\u00e0, a eu lieu \u00e0 Rennes. Plusieurs centaines de personnes se sont donn\u00e9 rendez-vous \u00e0 R\u00e9publique, \u00e0 quelques m\u00e8tres du m\u00e9tro.<\/p>\n<p>Objectif : affirmer leur soutien aux bateaux de la flottille humanitaire arraisonn\u00e9s apr\u00e8s une intervention des forces arm\u00e9es isra\u00e9liennes. Parmi eux, le navire Sirius sur lequel se trouvait la d\u00e9put\u00e9e de la France Insoumise d\u2019Ille-et-Vilaine, Marie Mesmeur.<\/p>\n<p>Un drapeau palestinien sur le Palais du commerce<\/p>\n<p>D\u2019apr\u00e8s la France Insoumise, le consulat de France en Isra\u00ebl a pris contact ce jeudi avec la famille de Marie Mesmeur. Selon eux, la d\u00e9put\u00e9e LFI de Rennes devrait \u00eatre transf\u00e9r\u00e9e dans la soir\u00e9e \u00e0 la prison de N\u00e9guev, dans le sud du pays. Le consulat a pr\u00e9vu de rendre visite aux prisonniers fran\u00e7ais ce vendredi matin.<\/p>\n<p>\u00ab Lib\u00e9rez la Palestine, lib\u00e9rez la flottille \u00bb, ont ainsi scand\u00e9 les manifestants. Un immense drapeau palestinien a \u00e9galement \u00e9t\u00e9 accroch\u00e9 sur le fronton du Palais du commerce. En d\u00e9but de soir\u00e9e, Nathalie App\u00e9r\u00e9, maire de Rennes, a apport\u00e9 son soutien \u00e0 la d\u00e9put\u00e9e bretonne dans un communiqu\u00e9 : \u00ab J\u2019exprime ma solidarit\u00e9 \u00e0 la d\u00e9put\u00e9e d\u2019Ille-et-Vilaine Marie Mesmeur, ainsi qu\u2019\u00e0 l\u2019ensemble des personnes d\u00e9tenues arbitrairement, parmi lesquelles figurent trois autres d\u00e9put\u00e9s. \u00bb<\/p>\n<p><img decoding=\"async\" src=\"https:\/\/www.europesays.com\/fr\/wp-content\/uploads\/2025\/10\/68decf5854796ecac60001f3.1.jpeg\" width=\"480\" height=\"300\" class=\"web_golden_m\" loading=\"lazy\" alt=\"Plusieurs centaines de personnes ont d\u00e9fil\u00e9 en fin de journ\u00e9e.\"\/>Plusieurs centaines de personnes ont d\u00e9fil\u00e9 en fin de journ\u00e9e. (Le T\u00e9l\u00e9gramme\/Romain Leroux)La suite de la manifestation<\/p>\n<p>Apr\u00e8s les prises de parole, le cort\u00e8ge s\u2019est quant \u00e0 lui dirig\u00e9 vers la place de Bretagne, puis en direction de l\u2019esplanade Charles-de-Gaulle. La tension est alors mont\u00e9e d\u2019un cran. Des \u00e9chauffour\u00e9es avec les forces de l\u2019ordre ont eu lieu et du gaz lacrymog\u00e8ne a \u00e9t\u00e9 lanc\u00e9. Le cort\u00e8ge est ensuite retourn\u00e9 en direction de la place de la R\u00e9publique, rapidement \u00e9vacu\u00e9e. Le d\u00e9but de soir\u00e9e s\u2019est alors mu\u00e9 en jeu du chat et de la souris entre quelques individus et les forces de l\u2019ordre. Plusieurs interpellations ont \u00e9t\u00e9 effectu\u00e9es.<\/p>\n","protected":false},"excerpt":{"rendered":"L\u2019acte 1, \u00e0 partir de 13 h, de la journ\u00e9e de mobilisation de ce jeudi 2 octobre \u00e0&hellip;\n","protected":false},"author":2,"featured_media":434985,"comment_status":"","ping_status":"","sticky":false,"template":"","format":"standard","meta":{"footnotes":""},"categories":[2821],"tags":[1111,11,829,1777,674,1011,27,848,12,584,25],"class_list":{"0":"post-434984","1":"post","2":"type-post","3":"status-publish","4":"format-standard","5":"has-post-thumbnail","7":"category-rennes","8":"tag-actu","9":"tag-actualites","10":"tag-bretagne","11":"tag-eu","12":"tag-europe","13":"tag-fr","14":"tag-france","15":"tag-ille-et-vilaine","16":"tag-news","17":"tag-rennes","18":"tag-republique-francaise"},"share_on_mastodon":{"url":"https:\/\/pubeurope.com\/@fr\/115307592782469908","error":""},"_links":{"self":[{"href":"https:\/\/www.europesays.com\/fr\/wp-json\/wp\/v2\/posts\/434984","targetHints":{"allow":["GET"]}}],"collection":[{"href":"https:\/\/www.europesays.com\/fr\/wp-json\/wp\/v2\/posts"}],"about":[{"href":"https:\/\/www.europesays.com\/fr\/wp-json\/wp\/v2\/types\/post"}],"author":[{"embeddable":true,"href":"https:\/\/www.europesays.com\/fr\/wp-json\/wp\/v2\/users\/2"}],"replies":[{"embeddable":true,"href":"https:\/\/www.europesays.com\/fr\/wp-json\/wp\/v2\/comments?post=434984"}],"version-history":[{"count":0,"href":"https:\/\/www.europesays.com\/fr\/wp-json\/wp\/v2\/posts\/434984\/revisions"}],"wp:featuredmedia":[{"embeddable":true,"href":"https:\/\/www.europesays.com\/fr\/wp-json\/wp\/v2\/media\/434985"}],"wp:attachment":[{"href":"https:\/\/www.europesays.com\/fr\/wp-json\/wp\/v2\/media?parent=434984"}],"wp:term":[{"taxonomy":"category","embeddable":true,"href":"https:\/\/www.europesays.com\/fr\/wp-json\/wp\/v2\/categories?post=434984"},{"taxonomy":"post_tag","embeddable":true,"href":"https:\/\/www.europesays.com\/fr\/wp-json\/wp\/v2\/tags?post=434984"}],"curies":[{"name":"wp","href":"https:\/\/api.w.org\/{rel}","templated":true}]}}