{"id":434986,"date":"2025-10-03T01:16:23","date_gmt":"2025-10-03T01:16:23","guid":{"rendered":"https:\/\/www.europesays.com\/fr\/434986\/"},"modified":"2025-10-03T01:16:23","modified_gmt":"2025-10-03T01:16:23","slug":"3-spectacles-a-ne-pas-manquer-a-lopera-de-strasbourg","status":"publish","type":"post","link":"https:\/\/www.europesays.com\/fr\/434986\/","title":{"rendered":"3 spectacles \u00e0 ne pas manquer \u00e0 l\u2019Op\u00e9ra de Strasbourg !"},"content":{"rendered":"<p><b>R\u00e9citals, op\u00e9ras, ballets et jeune public\u2026 Apr\u00e8s nous avoir \u00e9pat\u00e9(e)s le mois dernier avec En Regard, c\u2019est une bien belle saison que l\u2019Op\u00e9ra national du Rhin (OnR) nous pr\u00e9pare. Parmi les nombreux rendez-vous strasbourgeois, on a s\u00e9lectionn\u00e9 trois coups de c\u0153ur \u00e0 r\u00e9server d\u00e8s maintenant : deux chefs-d\u2019\u0153uvre de l\u2019op\u00e9ra et une com\u00e9die musicale magistrale de Broadway.<\/b><\/p>\n<p>\u00ab Le Miracle d\u2019H\u00e9liane \u00bb\u00a0: chef-d\u2019\u0153uvre oubli\u00e9<\/p>\n<p>Cette s\u00e9lection d\u00e9marre avec <b>une premi\u00e8re fran\u00e7aise<\/b>\u00a0: <b>Le Miracle d\u2019H\u00e9liane<\/b><b>, un op\u00e9ra <\/b><b>du compositeur autrichien Erich Wolfgang Korngold <\/b>(cr\u00e9\u00e9 le 7 octobre 1927). \u00ab\u00a0Un tr\u00e9sor <b>injustement oubli\u00e9<\/b>, dont l\u2019histoire s\u2019inspire des myst\u00e8res m\u00e9di\u00e9vaux et de la litt\u00e9rature \u2018fin de si\u00e8cle\u2019 \u00bb, nous dit-on.<\/p>\n<p>    <img width=\"800\" height=\"375\" src=\"https:\/\/www.europesays.com\/fr\/wp-content\/uploads\/2025\/10\/heliane-nro-0661-800x375.jpg\" class=\"attachment-image-size-L size-image-size-L\" alt=\"ONR + miracle h\u00e9liane\" decoding=\"async\" loading=\"lazy\"  \/>         \u00ab\u00a0Le Miracle d&rsquo;H\u00e9liane \u00bb \u00a9 Document remis <\/p>\n<p>L\u2019\u0153uvre d\u2019un \u00ab\u00a0<b>artiste surdou\u00e9, qualifi\u00e9 d\u2019enfant prodige <\/b>par Gustav Mahler et volontiers compar\u00e9 \u00e0 Mozart durant son adolescence\u00a0\u00bb, et \u00ab\u00a0incarn[ant] le dernier souffle du <b>romantisme viennois<\/b>\u00a0\u00bb.<\/p>\n<p>Un compositeur majeur qui <b>fuit le nazisme en 1936 pour Hollywood<\/b> o\u00f9 il va insuffler \u00ab son style grandiose \u00bb dans l\u2019industrie cin\u00e9matographique, au point d\u2019<b>inspirer des compositeurs, dont John Williams<\/b>.<\/p>\n<p>    <img width=\"800\" height=\"348\" src=\"https:\/\/www.europesays.com\/fr\/wp-content\/uploads\/2025\/10\/heliane-nro-0741-800x348.jpg\" class=\"attachment-image-size-L size-image-size-L\" alt=\"ONR + miracle h\u00e9liane\" decoding=\"async\" loading=\"lazy\"  \/>         \u00ab Le Miracle d&rsquo;H\u00e9liane \u00bb. \u00a9 Document remis <\/p>\n<p>Le Miracle d\u2019H\u00e9liane, c\u2019est un op\u00e9ra en trois actes, sur un livret de Hans M\u00fcller-Einigen et d\u2019apr\u00e8s un myst\u00e8re de Hans Kaltneker, accessible <b>d\u00e8s 14 ans<\/b>. <b>Une <\/b><b>\u00ab\u00a0partition envo\u00fbtante et capiteuse\u00a0\u00bb<\/b> qui nous transportera <b>\u00ab\u00a0dans une soci\u00e9t\u00e9 dystopique en mal d\u2019humanit\u00e9\u00a0\u00bb<\/b>. On y rencontrera, dans une \u00ab\u00a0ge\u00f4le glaciale\u00a0\u00bb, un prisonnier condamn\u00e9 \u00e0 mort par un tyran, pour avoir \u00ab allum[\u00e9] le feu du rire et de la joie dans le c\u0153ur d\u2019<b>un peuple maintenu dans l\u2019ignorance du bonheur<\/b>\u00a0\u00bb.<\/p>\n<p>Pour ce spectacle qui r\u00e9sonnera plus que jamais, l\u2019Op\u00e9ra national du Rhin (OnR) confie les r\u00eanes de ce spectacle \u00e0 Robert Houssart (pour la direction musicale) et Jakob Peters-Messer (\u00e0 la mise en sc\u00e8ne). Sur sc\u00e8ne : le <b>Ch\u0153ur de l\u2019Op\u00e9ra national du Rhin<\/b> et l\u2019<b>Orchestre philharmonique de Strasbourg<\/b>.<\/p>\n<p style=\"text-align: center;\"><strong>Du 21 janvier au 1er f\u00e9vrier<\/strong><br \/>\u00c0 l\u2019Op\u00e9ra de Strasbourg<br \/><a href=\"https:\/\/www.operanationaldurhin.eu\/fr\/spectacles\/saison-2526\/opera\/le-miracle-dheliane\" target=\"_blank\" rel=\"noopener\">+ d\u2019infos<\/a><\/p>\n<p>    <img width=\"800\" height=\"358\" src=\"https:\/\/www.europesays.com\/fr\/wp-content\/uploads\/2025\/10\/heliane-nro-1011-800x358.jpg\" class=\"attachment-image-size-L size-image-size-L\" alt=\"ONR + miracle h\u00e9liane\" decoding=\"async\" loading=\"lazy\"  \/>         \u00ab Le Miracle d&rsquo;H\u00e9liane\u00a0\u00bb. \u00a9 Document remis <\/p>\n<p>\u00ab Le Roi d\u2019Ys \u00bb\u00a0: l\u00e9gende bretonne<\/p>\n<p>Rendez-vous de nos printemps, le <a href=\"https:\/\/www.operanationaldurhin.eu\/fr\/spectacles\/saison-2526\/festival-arsmondo-iles\" target=\"_blank\" rel=\"noopener\"><b>festival pluridisciplinaire Arsmondo<\/b> (port\u00e9 par l\u2019OnR) reviendra <b>du 12 au 22 mars \u00e0 Strasbourg<\/b><\/a>, avec cette ann\u00e9e <b>les \u00ab \u00celes \u00bb pour th\u00e9matique<\/b>.<\/p>\n<p>Des espaces aussi fragiles (\u00ab\u00a0en premi\u00e8re ligne des bouleversements environnementaux, migratoires et g\u00e9opolitiques\u00a0\u00bb) que \u00ab\u00a0fascinants\u00a0\u00bb et dont le festival partira en explorer les cultures.<\/p>\n<p>    <img width=\"800\" height=\"600\" src=\"https:\/\/www.europesays.com\/fr\/wp-content\/uploads\/2025\/10\/img-2737-800x600.jpeg\" class=\"attachment-image-size-L size-image-size-L\" alt=\"op\u00e9ra\" decoding=\"async\" loading=\"lazy\"  \/>         \u00a9 Anthony Jilli \/ Pokaa <\/p>\n<p>Sa programmation proposera, entre autres, <b>Le Roi d\u2019Ys<\/b><b>, un op\u00e9ra d\u2019\u00c9douard Lalo<\/b> (cr\u00e9\u00e9 le 7 mai 1888 \u00e0 l\u2019Op\u00e9ra-Comique), et un livret d\u2019\u00c9douard Blau. Une nouvelle production (accessible d\u00e8s 10 ans) avec, <b>\u00e0 la direction musicale, Samy Rachid <\/b>(d\u00e9sormais \u00e0 Boston, depuis son passage par l\u2019Op\u00e9ra Studio) et, <b>\u00e0 la mise en sc\u00e8ne, l\u2019incomparable Olivier Py<\/b>, qui signe ici \u00ab\u00a0son grand retour\u00a0\u00bb \u00e0 l\u2019OnR.<\/p>\n<p>Le Roi d\u2019Ys nous plongera au c\u0153ur de l\u2019oc\u00e9an Atlantique, dans \u00ab\u00a0<b>la magnifique cit\u00e9 d\u2019Ys, perle de la Bretagne<\/b>, [qui] s\u2019\u00e9l\u00e8ve fi\u00e8re et sans pareille dans la baie de Douarnenez\u00a0\u00bb. Une \u00eele qu\u2019on nous explique \u00eatre \u00ab\u00a0construite sous le niveau de la mer, [et] [\u2026] <b>pr\u00e9serv\u00e9e des flots destructeurs par une puissante digue<\/b>, perc\u00e9e d\u2019\u00e9cluses dont le m\u00e9canisme est prot\u00e9g\u00e9 par la famille royale\u00a0\u00bb.<\/p>\n<p><b>Une protection finalement bien fragile, quand surgit la temp\u00eate des sentiments humains<\/b>. Une histoire inspir\u00e9e des l\u00e9gendes armoricaines et de la cit\u00e9 d\u2019Ys, dont l\u2019issue funeste rappelle celle de la mythique Atlantide.<\/p>\n<p>    <img width=\"800\" height=\"600\" src=\"https:\/\/www.europesays.com\/fr\/wp-content\/uploads\/2025\/10\/plage-ocean-ile-crepuscule-yael-becker-scaled.jpg\" class=\"attachment-image-size-L size-image-size-L\" alt=\"Plage oc\u00e9an \u00eele crepuscule Ya\u00ebl Becker\" decoding=\"async\" loading=\"lazy\"  \/>         \u00a9 Ya\u00ebl Becker \/ Pokaa <\/p>\n<p>Une \u0153uvre renversante, et pourtant longtemps refus\u00e9e par les sc\u00e8nes parisiennes, avant d\u2019\u00eatre mont\u00e9e en 1888 et qui a valu \u00e0 son compositeur \u00ab\u00a0un triomphe aussi tardif que retentissant, <b>en s\u2019inscrivant dans la filiation wagn\u00e9rienne de l\u2019op\u00e9ra fran\u00e7ais<\/b>\u00a0\u00bb.<\/p>\n<p style=\"text-align: center;\"><strong>Du 11 au 29 mars<\/strong><br \/>\u00c0 l\u2019Op\u00e9ra de Strasbourg et \u00e0 la Filature de Mulhouse<br \/><a href=\"https:\/\/www.operanationaldurhin.eu\/fr\/spectacles\/saison-2526\/opera\/le-roi-dys\" target=\"_blank\" rel=\"noopener\">+ d\u2019infos<\/a><\/p>\n<p>\u00ab Follies \u00bb\u00a0: Broadway \u00e0 Strasbourg<\/p>\n<p>Et enfin, comme l\u2019an pass\u00e9 avec Sweeney Todd. Le diabolique barbier de Fleet Street, l\u2019OnR termine sa saison 2025\/26 avec <b>une nouvelle com\u00e9die musicale de Stephen Sondheim<\/b>. <b\/><\/p>\n<p>Du 7 au 23 juin, il montera ainsi <b>Follies<\/b>, sur un livret de <b>James Goldman <\/b>(et des orchestrations de Jonathan Tunick), cr\u00e9\u00e9e le 4 avril 1971 au Winter Garden Theatre de <b>Broadway<\/b> \u00e0 New York.<\/p>\n<p>    <img width=\"452\" height=\"600\" src=\"https:\/\/www.europesays.com\/fr\/wp-content\/uploads\/2025\/10\/sweeney-todd-le-diabolique-barbier-de-fleet-street-fanny-soriano1-452x600.jpg\" class=\"attachment-image-size-M size-image-size-M\" alt=\"Sweeney Todd + op\u00e9ra national du rhin + onr\" decoding=\"async\" loading=\"lazy\"  \/>         \u00ab Sweeney Todd. Le Diabolique Barbier de Fleet Street \u00bb \u00e0 l&rsquo;Op\u00e9ra national du Rhin, juin 2025. \u00a9 Fanny Soriano \/ Pokaa <\/p>\n<p>Pour cette nouvelle production (en coproduction avec le Grand Th\u00e9\u00e2tre de Gen\u00e8ve et le Th\u00e9\u00e2tre du Ch\u00e2telet) \u2013 \u00e0 laquelle participera \u00e0 nouveau la c\u00e9l\u00e8bre cantatrice <b>Natalie Dessay<\/b> \u2013, <b>direction Broadway<\/b>, justement, \u00e0 une soir\u00e9e d\u2019adieu organis\u00e9e par un ancien producteur, avec les vedettes de sa troupe.<\/p>\n<p>Mais \u00ab\u00a0les paillettes, le feu des projecteurs, les frissons du lever de rideau et les applaudissements \u00e0 tout rompre appartiennent \u00e0 une \u00e9poque r\u00e9volue\u00a0: <b>leur th\u00e9\u00e2tre, jadis flamboyant, a \u00e9t\u00e9 transform\u00e9 en cin\u00e9ma et sera d\u00e9moli le lendemain<\/b>\u00a0\u00bb.<\/p>\n<p>    <img width=\"413\" height=\"600\" src=\"https:\/\/www.europesays.com\/fr\/wp-content\/uploads\/2025\/10\/fanny-soriano2-413x600.png\" class=\"attachment-image-size-M size-image-size-M\" alt=\"op\u00e9ra national du rhin + onr\" decoding=\"async\" loading=\"lazy\"  \/>         \u00a9 Fanny Soriano \/ Pokaa <\/p>\n<p>Au milieu de leurs souvenirs \u2013 \u00ab\u00a0joyeux et parfois doux-amers\u00a0\u00bb \u2013, point <b>l\u2019hommage<\/b><b> \u00ab\u00a0aux somptueuses revues new-yorkaises\u00a0\u00bb <\/b>(telles que les <b>Ziegfeld Follies<\/b>), \u00ab\u00a0au fil d\u2019<b>une r\u00e9flexion tr\u00e8s proustienne sur le temps <\/b>et les <b>promesses illusoires du r\u00eave am\u00e9ricain<\/b> \u00e0 la fin des Trente Glorieuses\u00a0\u00bb.<\/p>\n<p>Une \u0153uvre qu\u2019on nous dit <b>\u00ab\u00a0culte et jouissive\u00a0\u00bb<\/b> dans laquelle Sondheim pastiche ses pr\u00e9d\u00e9cesseurs de George Gershwin \u00e0 Irving Berlin ou encore Jerome Kern, qui ont fait la gloire de Broadway.<\/p>\n<p>Une com\u00e9die musicale avec des chor\u00e9graphies de Stephen Mear, port\u00e9es par <b>le Ballet de l\u2019OnR<\/b>, et <b>\u00ab\u00a0un feu d\u2019artifice musical et visuel\u00a0\u00bb <\/b><b>accessible d\u00e8s 10 ans<\/b>, et dirig\u00e9 par le chef David Charles Abell, \u00ab\u00a0disciple de Bernstein et proche de Sondheim\u00a0\u00bb. Une sacr\u00e9e \u00ab\u00a0folie\u00a0\u00bb pour une jolie fin de saison.<\/p>\n<p style=\"text-align: center;\"><strong>Du 7 au 23 juin<\/strong><br \/>\u00c0 l\u2019Op\u00e9ra de Strasbourg et \u00e0 la Filature \u00e0 Mulhouse<br \/><a href=\"https:\/\/www.operanationaldurhin.eu\/fr\/spectacles\/saison-2526\/comedie-musicale\/follies\" target=\"_blank\" rel=\"noopener\">+ d\u2019infos<\/a><\/p>\n","protected":false},"excerpt":{"rendered":"R\u00e9citals, op\u00e9ras, ballets et jeune public\u2026 Apr\u00e8s nous avoir \u00e9pat\u00e9(e)s le mois dernier avec En Regard, c\u2019est une&hellip;\n","protected":false},"author":2,"featured_media":434987,"comment_status":"","ping_status":"","sticky":false,"template":"","format":"standard","meta":{"footnotes":""},"categories":[2820],"tags":[1111,11,4763,1344,52781,11722,251,1777,674,1011,27,775,12,56255,7165,7012,21919,3907,25,3140,640,4064],"class_list":{"0":"post-434986","1":"post","2":"type-post","3":"status-publish","4":"format-standard","5":"has-post-thumbnail","7":"category-strasbourg","8":"tag-actu","9":"tag-actualites","10":"tag-agenda","11":"tag-ballet","12":"tag-bonr","13":"tag-comedie-musicale","14":"tag-culture","15":"tag-eu","16":"tag-europe","17":"tag-fr","18":"tag-france","19":"tag-grand-est","20":"tag-news","21":"tag-onr","22":"tag-opera","23":"tag-opera-national-du-rhin","24":"tag-ou-sortir","25":"tag-que-faire","26":"tag-republique-francaise","27":"tag-spectacle","28":"tag-strasbourg","29":"tag-week-end"},"share_on_mastodon":{"url":"https:\/\/pubeurope.com\/@fr\/115307596313568123","error":""},"_links":{"self":[{"href":"https:\/\/www.europesays.com\/fr\/wp-json\/wp\/v2\/posts\/434986","targetHints":{"allow":["GET"]}}],"collection":[{"href":"https:\/\/www.europesays.com\/fr\/wp-json\/wp\/v2\/posts"}],"about":[{"href":"https:\/\/www.europesays.com\/fr\/wp-json\/wp\/v2\/types\/post"}],"author":[{"embeddable":true,"href":"https:\/\/www.europesays.com\/fr\/wp-json\/wp\/v2\/users\/2"}],"replies":[{"embeddable":true,"href":"https:\/\/www.europesays.com\/fr\/wp-json\/wp\/v2\/comments?post=434986"}],"version-history":[{"count":0,"href":"https:\/\/www.europesays.com\/fr\/wp-json\/wp\/v2\/posts\/434986\/revisions"}],"wp:featuredmedia":[{"embeddable":true,"href":"https:\/\/www.europesays.com\/fr\/wp-json\/wp\/v2\/media\/434987"}],"wp:attachment":[{"href":"https:\/\/www.europesays.com\/fr\/wp-json\/wp\/v2\/media?parent=434986"}],"wp:term":[{"taxonomy":"category","embeddable":true,"href":"https:\/\/www.europesays.com\/fr\/wp-json\/wp\/v2\/categories?post=434986"},{"taxonomy":"post_tag","embeddable":true,"href":"https:\/\/www.europesays.com\/fr\/wp-json\/wp\/v2\/tags?post=434986"}],"curies":[{"name":"wp","href":"https:\/\/api.w.org\/{rel}","templated":true}]}}