{"id":434988,"date":"2025-10-03T01:17:13","date_gmt":"2025-10-03T01:17:13","guid":{"rendered":"https:\/\/www.europesays.com\/fr\/434988\/"},"modified":"2025-10-03T01:17:13","modified_gmt":"2025-10-03T01:17:13","slug":"previsions-du-vendredi-3-octobre-2025-8","status":"publish","type":"post","link":"https:\/\/www.europesays.com\/fr\/434988\/","title":{"rendered":"pr\u00e9visions du vendredi 3 octobre 2025"},"content":{"rendered":"<p class=\"mb-4 text-lg md:leading-8 break-words\"><strong>M\u00e9t\u00e9o &#8211; Aujourd&rsquo;hui, le soleil va progressivement supplanter les nuages. Les temp\u00e9ratures seront de 9\u00b0C le matin et de 12\u00b0C l&rsquo;apr\u00e8s-midi&#8230;<\/strong><\/p>\n<p class=\"mb-4 text-lg md:leading-8 break-words\">\u00c0 Strasbourg, les temp\u00e9ratures seront de 5\u00b0C au plus bas et de 13\u00b0C au plus haut la journ\u00e9e. Une brise de sud-est soufflera l\u00e9g\u00e8rement. Le ciel va s&rsquo;\u00e9claircir dans la matin\u00e9e. L&rsquo;apr\u00e8s-midi, l&rsquo;arriv\u00e9e du soleil sera retard\u00e9e par quelques l\u00e9gers nuages. Les valeurs seront comprises entre 11 et 13\u00b0C. Le soir, toujours des nuages dans le ciel qui emp\u00eachent le soleil de faire son apparition. Les temp\u00e9ratures tourneront autour des 11\u00b0C. Un ciel limpide est attendu dans la nuit reliant vendredi et samedi.<\/p>\n<p class=\"mb-4 text-lg md:leading-8 break-words\">Demain, le soleil sera cach\u00e9 derri\u00e8re des nuages \u00e0 Strasbourg, o\u00f9 le temps sera maussade. Une m\u00e9t\u00e9o plus chaude est \u00e0 pr\u00e9voir \u00e9tant donn\u00e9 que les temp\u00e9ratures vont conna\u00eetre une l\u00e9g\u00e8re augmentation. Il fera en moyenne 14\u00b0C. La grisaille ne se dissipe toujours pas, il y aura encore des nuages le matin. Les temp\u00e9ratures avoisineront les 15\u00b0C. Un vent de sud-ouest, enregistrant 26 km\/h, soufflera. On observera la pr\u00e9sence persistante de nuages demain apr\u00e8s-midi. De la pluie va tomber sur la ville. Les valeurs s&rsquo;\u00e9chelonneront entre 12 et 19\u00b0C. La soir\u00e9e va rester grise \u00e0 cause de nuages qui se maintiennent dans le ciel. Des pluies \u00e9parses tomberont. Un vent de sud-ouest soufflera l\u00e9g\u00e8rement, avec 14 km\/h.<\/p>\n<p class=\"mb-4 text-lg md:leading-8 break-words\">Des changements sont annonc\u00e9s pour les jours \u00e0 venir. Apr\u00e8s une journ\u00e9e pluvieuse dimanche, on pr\u00e9voit une am\u00e9lioration lundi.<\/p>\n<p class=\"mb-4 text-lg md:leading-8 break-words\"><a href=\"https:\/\/www.20minutes.fr\/planete\/previsions-meteo\/4176860-20251003-meteo-strasbourg-previsions-vendredi-3-octobre-2025?at_medium=RSS%20feed&amp;at_campaign=ynews&amp;utm_source=yahoo&amp;utm_medium=rss&amp;utm_campaign=news_feed&amp;utm_content=read_more_link&quot;\" rel=\"nofollow noopener\" target=\"_blank\" data-ylk=\"slk:Lire la suite sur 20minutes;elm:context_link;itc:0;sec:content-canvas\" class=\"link \">Lire la suite sur 20minutes<\/a><\/p>\n","protected":false},"excerpt":{"rendered":"M\u00e9t\u00e9o &#8211; Aujourd&rsquo;hui, le soleil va progressivement supplanter les nuages. Les temp\u00e9ratures seront de 9\u00b0C le matin et&hellip;\n","protected":false},"author":2,"featured_media":434989,"comment_status":"","ping_status":"","sticky":false,"template":"","format":"standard","meta":{"footnotes":""},"categories":[2820],"tags":[1111,11,1777,674,1011,27,775,29508,44166,6172,2487,12,25,640],"class_list":{"0":"post-434988","1":"post","2":"type-post","3":"status-publish","4":"format-standard","5":"has-post-thumbnail","7":"category-strasbourg","8":"tag-actu","9":"tag-actualites","10":"tag-eu","11":"tag-europe","12":"tag-fr","13":"tag-france","14":"tag-grand-est","15":"tag-le-ciel","16":"tag-le-matin","17":"tag-le-soleil","18":"tag-meteo","19":"tag-news","20":"tag-republique-francaise","21":"tag-strasbourg"},"share_on_mastodon":{"url":"https:\/\/pubeurope.com\/@fr\/115307599827910946","error":""},"_links":{"self":[{"href":"https:\/\/www.europesays.com\/fr\/wp-json\/wp\/v2\/posts\/434988","targetHints":{"allow":["GET"]}}],"collection":[{"href":"https:\/\/www.europesays.com\/fr\/wp-json\/wp\/v2\/posts"}],"about":[{"href":"https:\/\/www.europesays.com\/fr\/wp-json\/wp\/v2\/types\/post"}],"author":[{"embeddable":true,"href":"https:\/\/www.europesays.com\/fr\/wp-json\/wp\/v2\/users\/2"}],"replies":[{"embeddable":true,"href":"https:\/\/www.europesays.com\/fr\/wp-json\/wp\/v2\/comments?post=434988"}],"version-history":[{"count":0,"href":"https:\/\/www.europesays.com\/fr\/wp-json\/wp\/v2\/posts\/434988\/revisions"}],"wp:featuredmedia":[{"embeddable":true,"href":"https:\/\/www.europesays.com\/fr\/wp-json\/wp\/v2\/media\/434989"}],"wp:attachment":[{"href":"https:\/\/www.europesays.com\/fr\/wp-json\/wp\/v2\/media?parent=434988"}],"wp:term":[{"taxonomy":"category","embeddable":true,"href":"https:\/\/www.europesays.com\/fr\/wp-json\/wp\/v2\/categories?post=434988"},{"taxonomy":"post_tag","embeddable":true,"href":"https:\/\/www.europesays.com\/fr\/wp-json\/wp\/v2\/tags?post=434988"}],"curies":[{"name":"wp","href":"https:\/\/api.w.org\/{rel}","templated":true}]}}