{"id":434994,"date":"2025-10-03T01:20:21","date_gmt":"2025-10-03T01:20:21","guid":{"rendered":"https:\/\/www.europesays.com\/fr\/434994\/"},"modified":"2025-10-03T01:20:21","modified_gmt":"2025-10-03T01:20:21","slug":"le-projet-du-methaniseur-de-saint-herblain-repasse-devant-la-justice","status":"publish","type":"post","link":"https:\/\/www.europesays.com\/fr\/434994\/","title":{"rendered":"Le projet du m\u00e9thaniseur de Saint-Herblain repasse devant la justice"},"content":{"rendered":"<p>C\u2019est le quatri\u00e8me recours judiciaire contre le projet.<\/p>\n<p>Vendredi 3\u00a0octobre 2025, la cour d\u2019appel administrative de Nantes doit de nouveau examiner le projet du m\u00e9thaniseur pr\u00e9vu quai \u00c9mile-Cormerais \u00e0 Saint-Herblain.<\/p>\n<p>Production de 8\u00a0% de la consommation annuelle en gaz de Saint-Herblain<\/p>\n<p>Con\u00e7ue pour traiter les biod\u00e9chets de Nantes m\u00e9tropole, l\u2019unit\u00e9, &#8230;<\/p>\n<p>\u00a0<\/p>\n","protected":false},"excerpt":{"rendered":"C\u2019est le quatri\u00e8me recours judiciaire contre le projet. Vendredi 3\u00a0octobre 2025, la cour d\u2019appel administrative de Nantes doit&hellip;\n","protected":false},"author":2,"featured_media":434995,"comment_status":"","ping_status":"","sticky":false,"template":"","format":"standard","meta":{"footnotes":""},"categories":[2818],"tags":[1111,11,1777,674,1011,27,303,56256,766,12,2636,1095,21052,25,6689,4286,9693],"class_list":{"0":"post-434994","1":"post","2":"type-post","3":"status-publish","4":"format-standard","5":"has-post-thumbnail","7":"category-nantes","8":"tag-actu","9":"tag-actualites","10":"tag-eu","11":"tag-europe","12":"tag-fr","13":"tag-france","14":"tag-justice","15":"tag-methaniseur","16":"tag-nantes","17":"tag-news","18":"tag-pays-de-la-loire","19":"tag-projet","20":"tag-repasse","21":"tag-republique-francaise","22":"tag-roche","23":"tag-saint-herblain","24":"tag-yon"},"share_on_mastodon":{"url":"https:\/\/pubeurope.com\/@fr\/115307611903279925","error":""},"_links":{"self":[{"href":"https:\/\/www.europesays.com\/fr\/wp-json\/wp\/v2\/posts\/434994","targetHints":{"allow":["GET"]}}],"collection":[{"href":"https:\/\/www.europesays.com\/fr\/wp-json\/wp\/v2\/posts"}],"about":[{"href":"https:\/\/www.europesays.com\/fr\/wp-json\/wp\/v2\/types\/post"}],"author":[{"embeddable":true,"href":"https:\/\/www.europesays.com\/fr\/wp-json\/wp\/v2\/users\/2"}],"replies":[{"embeddable":true,"href":"https:\/\/www.europesays.com\/fr\/wp-json\/wp\/v2\/comments?post=434994"}],"version-history":[{"count":0,"href":"https:\/\/www.europesays.com\/fr\/wp-json\/wp\/v2\/posts\/434994\/revisions"}],"wp:featuredmedia":[{"embeddable":true,"href":"https:\/\/www.europesays.com\/fr\/wp-json\/wp\/v2\/media\/434995"}],"wp:attachment":[{"href":"https:\/\/www.europesays.com\/fr\/wp-json\/wp\/v2\/media?parent=434994"}],"wp:term":[{"taxonomy":"category","embeddable":true,"href":"https:\/\/www.europesays.com\/fr\/wp-json\/wp\/v2\/categories?post=434994"},{"taxonomy":"post_tag","embeddable":true,"href":"https:\/\/www.europesays.com\/fr\/wp-json\/wp\/v2\/tags?post=434994"}],"curies":[{"name":"wp","href":"https:\/\/api.w.org\/{rel}","templated":true}]}}