{"id":435016,"date":"2025-10-03T01:35:16","date_gmt":"2025-10-03T01:35:16","guid":{"rendered":"https:\/\/www.europesays.com\/fr\/435016\/"},"modified":"2025-10-03T01:35:16","modified_gmt":"2025-10-03T01:35:16","slug":"lassaillant-a-cible-des-juifs-parce-quils-etaient-juifs-declare-keir-starmer","status":"publish","type":"post","link":"https:\/\/www.europesays.com\/fr\/435016\/","title":{"rendered":"l\u2019assaillant a cibl\u00e9 \u00ab\u00a0des juifs parce qu\u2019ils \u00e9taient juifs\u00a0\u00bb, d\u00e9clare Keir Starmer"},"content":{"rendered":"<p>                          <img loading=\"lazy\" decoding=\"async\" src=\"https:\/\/www.europesays.com\/fr\/wp-content\/uploads\/2025\/10\/3b6d4ce_ftp-import-images-1-jsltq6d5rosx-2025-10-02t140137z-12387246-rc2p3ha1dgzx-rtrmadp-3-britain-.jpeg\" alt=\"Devant la synagogue o\u00f9 s\u2019est d\u00e9roul\u00e9e l\u2019attaque au couteau, \u00e0 Manchester (Royaume-Uni), le 2\u00a0octobre\u00a02025. \"   width=\"664\" height=\"443\"\/>    Devant la synagogue o\u00f9 s\u2019est d\u00e9roul\u00e9e l\u2019attaque au couteau, \u00e0 Manchester (Royaume-Uni), le 2\u00a0octobre\u00a02025.  TEMILADE ADELAJA\/REUTERS                          <\/p>\n<p class=\"article__paragraph  \">Le premier ministre britannique, Keir Starmer, a d\u00e9clar\u00e9, jeudi 2\u00a0octobre, que son pays devait \u00ab\u00a0vaincre\u00a0\u00bb la mont\u00e9e de l\u2019antis\u00e9mitisme, dans une intervention t\u00e9l\u00e9vis\u00e9e diffus\u00e9e apr\u00e8s l\u2019attaque devant une synagogue \u00e0 Manchester, dans le nord-ouest de l\u2019Angleterre. Deux membres de la communaut\u00e9 juive de la ville sont morts et trois personnes \u2013 et non quatre comme annonc\u00e9 initialement par les autorit\u00e9s \u2013 ont \u00e9t\u00e9 gri\u00e8vement bless\u00e9es par un homme, arriv\u00e9 au volant d\u2019une voiture et arm\u00e9 d\u2019un couteau, qui a \u00e9t\u00e9 tu\u00e9 par la police.<\/p>\n<p>                                            Lire aussi |  Article r\u00e9serv\u00e9 \u00e0 nos abonn\u00e9s  <a href=\"https:\/\/www.lemonde.fr\/international\/article\/2025\/10\/02\/la-communaute-juive-britannique-sous-le-choc-apres-l-attaque-de-la-synagogue-de-manchester_6644135_3210.html\" class=\"js-article-read-also catcher--favoris__link\" data-premium=\"1\" id=\"article-title-3440610\" rel=\"nofollow noopener\" target=\"_blank\">Attaque d\u2019une synagogue \u00e0 Manchester\u00a0: la communaut\u00e9 juive britannique sous le choc<\/a>    <\/p>\n<p>   Lire plus tard  <\/p>\n<p class=\"article__paragraph  \">\u00ab\u00a0Ce n\u2019est pas une haine nouvelle, c\u2019est quelque chose que les juifs ont toujours v\u00e9cu, nous devons \u00eatre clairs, c\u2019est une haine qui monte une fois de plus, et la Grande-Bretagne doit la vaincre une fois de plus\u00a0\u00bb, a-t-il affirm\u00e9. L\u2019assaillant \u00e0 \u00ab\u00a0attaqu\u00e9 des juifs parce qu\u2019ils \u00e9taient juifs\u00a0\u00bb, a consid\u00e9r\u00e9 le premier ministre. Citoyen britannique d\u2019origine Syrienne, \u00e2g\u00e9 de 35\u00a0ans, l\u2019homme se nomme Jihad Al-Shamie, a annonc\u00e9 la police du Grand Manchester dans un communiqu\u00e9. Il n\u2019avait jamais fait l\u2019objet d\u2019un signalement aupr\u00e8s du programme national de pr\u00e9vention de l\u2019extr\u00e9misme.<\/p>\n<p class=\"article__paragraph  \">Trois suspects, deux hommes \u00e2g\u00e9s d\u2019une trentaine d\u2019ann\u00e9es et une femme d\u2019une soixantaine d\u2019ann\u00e9es, sont en garde \u00e0 vue jeudi soir, soup\u00e7onn\u00e9s d\u2019avoir \u00ab\u00a0commis, pr\u00e9par\u00e9 et incit\u00e9 \u00e0 commettre des actes terroristes\u00a0\u00bb, a poursuivi la police.<\/p>\n<p class=\"article__paragraph  \">L\u2019attaque a eu lieu le jour de la f\u00eate de Yom Kippour, la plus sainte du juda\u00efsme, \u00e0 Heaton Park, \u00e0 Crumpsall, un quartier du nord de l\u2019agglom\u00e9ration de Manchester. L\u2019assaillant a dirig\u00e9 sa voiture sur des personnes qui se trouvaient \u00e0 l\u2019ext\u00e9rieur de la synagogue, avant de sortir de son v\u00e9hicule et de s\u2019en prendre \u00e0 elles avec un couteau. Selon la police, un grand nombre de personnes se trouvaient dans ce lieu de culte au moment de l\u2019attentat, mais l\u2019agresseur n\u2019a pas pu y p\u00e9n\u00e9trer \u00ab\u00a0gr\u00e2ce au courage du personnel de s\u00e9curit\u00e9 et des fid\u00e8les \u00e0 l\u2019int\u00e9rieur\u00a0\u00bb.<\/p>\n<p>                    Renforcement de la s\u00e9curit\u00e9 des synagogues                    <\/p>\n<p class=\"article__paragraph  \">L\u2019assaillant portait un \u00ab\u00a0gilet qui avait l\u2019apparence d\u2019un engin explosif\u00a0\u00bb, mais celui-ci n\u2019\u00e9tait pas \u00ab\u00a0op\u00e9rationnel\u00a0\u00bb a pr\u00e9cis\u00e9, plus t\u00f4t dans la journ\u00e9e, la police, ajoutant que les forces de l\u2019ordre l\u2019avaient tu\u00e9 par balles sept minutes apr\u00e8s avoir re\u00e7u l\u2019appel t\u00e9l\u00e9phonique signalant l\u2019attaque.<\/p>\n<p class=\"article__paragraph  \">Concernant les trois bless\u00e9s, l\u2019un d\u2019eux a \u00e9t\u00e9 poignard\u00e9 et un autre renvers\u00e9 par la voiture de l\u2019assaillant\u00a0; les circonstances dans lesquelles le troisi\u00e8me a \u00e9t\u00e9 touch\u00e9 n\u2019\u00e9taient pas encore claires jeudi soir.<\/p>\n<p>                                       Lire aussi (2024) |  Article r\u00e9serv\u00e9 \u00e0 nos abonn\u00e9s  <a href=\"https:\/\/www.lemonde.fr\/international\/article\/2024\/10\/09\/royaume-uni-sur-fond-de-forte-mobilisation-propalestinienne-des-actes-antisemites-et-antimusulmans-en-hausse_6347403_3210.html\" class=\"js-article-read-also catcher--favoris__link\" data-premium=\"1\" id=\"article-title-3391458\" rel=\"nofollow noopener\" target=\"_blank\">Royaume-Uni\u00a0: sur fond de forte mobilisation propalestinienne, des actes antis\u00e9mites et antimusulmans en hausse<\/a>    <\/p>\n<p>   Lire plus tard  <\/p>\n<p class=\"article__paragraph  \">Un important dispositif de s\u00e9curit\u00e9 \u00e9tait d\u00e9ploy\u00e9, jeudi, autour de la synagogue, o\u00f9 des dizaines d\u2019habitants sous le choc sont venus se recueillir. Chava Lewin, une voisine de la synagogue t\u00e9moin de l\u2019attaque, a racont\u00e9 \u00e0 l\u2019agence de presse PA avoir vu un homme \u00ab\u00a0commencer \u00e0 frapper \u00e0 coups de couteau les gens pr\u00e8s de lui. Il s\u2019en est pris \u00e0 l\u2019agent de s\u00e9curit\u00e9 et a essay\u00e9 de rentrer dans la synagogue (\u2026), quelqu\u2019un a barricad\u00e9 la porte, tout le monde \u00e9tait tr\u00e8s choqu\u00e9\u00a0\u00bb.<\/p>\n<p class=\"article__paragraph  \">Le grand rabbin du Royaume-Uni, Ephraim Mirvis, a estim\u00e9 qu\u2019il s\u2019agissait d\u2019un \u00ab\u00a0jour que nous esp\u00e9rions ne jamais voir arriver, tout en sachant au fond qu\u2019il allait avoir lieu\u00a0\u00bb.<\/p>\n<p> Le Monde M\u00e9morable  <\/p>\n<p> <a href=\"https:\/\/www.lemonde.fr\/memorable\/?rfextension=inread\" class=\"inread__link js-services-inread-link\" target=\"_blank\" rel=\"nofollow noopener\">  <\/p>\n<p>Testez votre culture g\u00e9n\u00e9rale avec la r\u00e9daction du \u00ab Monde \u00bb<\/p>\n<p>Testez votre culture g\u00e9n\u00e9rale avec la r\u00e9daction du \u00ab Monde \u00bb<\/p>\n<p>D\u00e9couvrir<\/p>\n<p> <\/a>      <\/p>\n<p> Newsletter  <\/p>\n<p> <a href=\"https:\/\/www.lemonde.fr\/newsletters\/a-la-une\/\" class=\"inread__link js-services-inread-link\" target=\"_blank\" rel=\"nofollow noopener\">  <\/p>\n<p>\u00ab A la une \u00bb<\/p>\n<p>Chaque matin, parcourez l&rsquo;essentiel de l&rsquo;actualit\u00e9 du jour avec les derniers titres du \u00ab Monde \u00bb<\/p>\n<p>S&rsquo;inscrire<\/p>\n<p> <\/a>          <\/p>\n<p> Le Monde Application  <\/p>\n<p> <a href=\"https:\/\/lamatinale.onelink.me\/gKMy\/ahw2ubr3\" class=\"inread__link js-services-inread-link\" target=\"_blank\" rel=\"nofollow noopener\">  <\/p>\n<p>La Matinale du Monde<\/p>\n<p>Chaque matin, retrouvez notre s\u00e9lection de 20 articles \u00e0 ne pas manquer <\/p>\n<p>T\u00e9l\u00e9charger l&rsquo;application<\/p>\n<p> <\/a>      <\/p>\n<p> Newsletter abonn\u00e9s  <\/p>\n<p> <a href=\"https:\/\/www.lemonde.fr\/newsletters\/international\/\" class=\"inread__link js-services-inread-link\" target=\"_blank\" rel=\"nofollow noopener\">  <\/p>\n<p>\u00ab International \u00bb<\/p>\n<p>L\u2019essentiel de l\u2019actualit\u00e9 internationale de la semaine<\/p>\n<p>S&rsquo;inscrire<\/p>\n<p> <\/a>             <\/p>\n<p class=\"article__paragraph  \">Des \u00ab\u00a0moyens de police suppl\u00e9mentaires\u00a0\u00bb sont en cours de d\u00e9ploiement afin d\u2019assurer la s\u00e9curit\u00e9 des synagogues \u00e0 travers le Royaume-Uni, a annonc\u00e9, jeudi, le premier ministre britannique.<\/p>\n<p>                                       Lire aussi |  Article r\u00e9serv\u00e9 \u00e0 nos abonn\u00e9s  <a href=\"https:\/\/www.lemonde.fr\/societe\/article\/2025\/07\/04\/au-diner-du-crif-yonathan-arfi-son-president-evoque-l-inquietude-parfois-la-peur-des-juifs-de-france_6617791_3224.html\" class=\"js-article-read-also catcher--favoris__link\" data-premium=\"1\" id=\"article-title-3429976\" rel=\"nofollow noopener\" target=\"_blank\">Au d\u00eener du CRIF, Yonathan Arfi, son pr\u00e9sident, \u00e9voque \u00ab\u00a0l\u2019inqui\u00e9tude\u00a0\u00bb, \u00ab\u00a0parfois\u00a0la peur\u00a0\u00bb des juifs<\/a>    <\/p>\n<p>   Lire plus tard  <\/p>\n<p class=\"article__paragraph  \">En France, Emmanuel Macron a d\u00e9nonc\u00e9, sur X, une \u00ab\u00a0attaque terroriste antis\u00e9mite\u00a0\u00bb, et le minist\u00e8re de l\u2019int\u00e9rieur a demand\u00e9 aux pr\u00e9fets de renforcer les \u00ab\u00a0lieux fr\u00e9quent\u00e9s par la communaut\u00e9 juive\u00a0\u00bb dans l\u2019Hexagone.<\/p>\n<p>                    Un contexte de hausse des actes antis\u00e9mites                    <\/p>\n<p class=\"article__paragraph  \">Le premier ministre isra\u00e9lien, Benyamin N\u00e9tanyahou, a condamn\u00e9 une \u00ab\u00a0attaque barbare\u00a0\u00bb, son ministre des affaires \u00e9trang\u00e8res accusant Londres d\u2019avoir \u00e9chou\u00e9 \u00e0 endiguer la mont\u00e9e de l\u2019antis\u00e9mitisme dans le pays.<\/p>\n<p class=\"article__paragraph  \">Le roi Charles\u00a0III a d\u00e9clar\u00e9 \u00eatre \u00ab\u00a0profond\u00e9ment choqu\u00e9 et attrist\u00e9\u00a0\u00bb, tandis que le haut-commissaire de l\u2019ONU aux droits de l\u2019Homme, Volker T\u00fcrk, s\u2019est dit \u00ab\u00a0horrifi\u00e9\u00a0\u00bb par l\u2019attaque.<\/p>\n<p class=\"article__paragraph  \">La population juive dans le Grand Manchester \u00e9tait \u00e9valu\u00e9e \u00e0 environ 28\u00a0000 personnes en\u00a02021, selon l\u2019organisation britannique Institute for Jewish policy Research.<\/p>\n<p class=\"article__paragraph  \">Ces derni\u00e8res ann\u00e9es, le Royaume-Uni a connu une augmentation du nombre des incidents antis\u00e9mites, avec un pic depuis le 7\u00a0octobre\u00a02023. L\u2019organisation juive Community Security Trust (CST) en a recens\u00e9 1\u00a0521 au cours des six premiers mois de 2025, soit une baisse par rapport au record de 2\u00a0019 au premier semestre 2024. Toutefois, le chiffre de cette ann\u00e9e est le deuxi\u00e8me plus \u00e9lev\u00e9 jamais enregistr\u00e9, a affirm\u00e9 l\u2019organisation caritative, qui surveille l\u2019antis\u00e9mitisme dans le pays depuis 1984.<\/p>\n<p>                                       Lire aussi |  Article r\u00e9serv\u00e9 \u00e0 nos abonn\u00e9s  <a href=\"https:\/\/www.lemonde.fr\/international\/article\/2025\/10\/01\/au-royaume-uni-le-mouvement-des-drapeaux-exacerbe-les-tensions-sur-fond-de-montee-de-l-extreme-droite_6643808_3210.html\" class=\"js-article-read-also catcher--favoris__link\" data-premium=\"1\" id=\"article-title-3438142\" rel=\"nofollow noopener\" target=\"_blank\">Au Royaume-Uni, le \u00ab\u00a0mouvement des drapeaux\u00a0\u00bb exacerbe les tensions sur fond de mont\u00e9e de l\u2019extr\u00eame droite<\/a>    <\/p>\n<p>   Lire plus tard  <\/p>\n<p class=\"author__detail\">  Le Monde avec AFP  <\/p>\n<p>                  <a href=\"https:\/\/www.lemonde.fr\/syndication\/\" class=\"reuse__content\" title=\"R\u00e9utiliser ce contenu\" target=\"_blank\" rel=\"nofollow noopener\">R\u00e9utiliser ce contenu<\/a>      <\/p>\n","protected":false},"excerpt":{"rendered":"Devant la synagogue o\u00f9 s\u2019est d\u00e9roul\u00e9e l\u2019attaque au couteau, \u00e0 Manchester (Royaume-Uni), le 2\u00a0octobre\u00a02025. TEMILADE ADELAJA\/REUTERS Le premier&hellip;\n","protected":false},"author":2,"featured_media":435017,"comment_status":"","ping_status":"","sticky":false,"template":"","format":"standard","meta":{"footnotes":""},"categories":[1888],"tags":[1111,1928,11,1927,1777,674,1011,27,12,1926,626,1925,25],"class_list":{"0":"post-435016","1":"post","2":"type-post","3":"status-publish","4":"format-standard","5":"has-post-thumbnail","7":"category-paris","8":"tag-actu","9":"tag-actu-paris","10":"tag-actualites","11":"tag-actualites-paris","12":"tag-eu","13":"tag-europe","14":"tag-fr","15":"tag-france","16":"tag-news","17":"tag-news-paris","18":"tag-paris","19":"tag-paris-news","20":"tag-republique-francaise"},"share_on_mastodon":{"url":"https:\/\/pubeurope.com\/@fr\/115307671076177111","error":""},"_links":{"self":[{"href":"https:\/\/www.europesays.com\/fr\/wp-json\/wp\/v2\/posts\/435016","targetHints":{"allow":["GET"]}}],"collection":[{"href":"https:\/\/www.europesays.com\/fr\/wp-json\/wp\/v2\/posts"}],"about":[{"href":"https:\/\/www.europesays.com\/fr\/wp-json\/wp\/v2\/types\/post"}],"author":[{"embeddable":true,"href":"https:\/\/www.europesays.com\/fr\/wp-json\/wp\/v2\/users\/2"}],"replies":[{"embeddable":true,"href":"https:\/\/www.europesays.com\/fr\/wp-json\/wp\/v2\/comments?post=435016"}],"version-history":[{"count":0,"href":"https:\/\/www.europesays.com\/fr\/wp-json\/wp\/v2\/posts\/435016\/revisions"}],"wp:featuredmedia":[{"embeddable":true,"href":"https:\/\/www.europesays.com\/fr\/wp-json\/wp\/v2\/media\/435017"}],"wp:attachment":[{"href":"https:\/\/www.europesays.com\/fr\/wp-json\/wp\/v2\/media?parent=435016"}],"wp:term":[{"taxonomy":"category","embeddable":true,"href":"https:\/\/www.europesays.com\/fr\/wp-json\/wp\/v2\/categories?post=435016"},{"taxonomy":"post_tag","embeddable":true,"href":"https:\/\/www.europesays.com\/fr\/wp-json\/wp\/v2\/tags?post=435016"}],"curies":[{"name":"wp","href":"https:\/\/api.w.org\/{rel}","templated":true}]}}