{"id":435022,"date":"2025-10-03T01:39:14","date_gmt":"2025-10-03T01:39:14","guid":{"rendered":"https:\/\/www.europesays.com\/fr\/435022\/"},"modified":"2025-10-03T01:39:14","modified_gmt":"2025-10-03T01:39:14","slug":"attaques-contre-la-france-missiles-tomahawk-charlie-kirk-ce-quil-faut-retenir-des-declarations-de-vladimir-poutine","status":"publish","type":"post","link":"https:\/\/www.europesays.com\/fr\/435022\/","title":{"rendered":"Attaques contre la France, missiles Tomahawk, Charlie Kirk&#8230; Ce qu\u2019il faut retenir des d\u00e9clarations de Vladimir Poutine"},"content":{"rendered":"<p>Le pr\u00e9sident russe s\u2019est longuement exprim\u00e9 au cours d\u2019un forum de discussions \u00e0 Sotchi ce jeudi soir. Il y a vant\u00e9 le r\u00f4le de la Russie qui d\u00e9fendrait un \u00abmonde multipolaire\u00bb face \u00e0 l\u2019Occident et dit observer \u00abla militarisation de l\u2019Europe\u00bb \u00e0 laquelle il promet une \u00abr\u00e9ponse aux menaces\u00bb.<\/p>\n<p class=\"fig-paragraph\">Lors d\u2019un forum de discussions depuis Sotchi, dans le sud-ouest de la Russie, Vladimir Poutine s\u2019est exprim\u00e9 de longues heures, \u00e9voquant un large panel de sujets en profondeurs. Le pr\u00e9sident russe\u00a0<a href=\"http:\/\/www.lefigaro.fr\/international\/guerre-en-ukraine-la-progression-de-l-armee-russe-ralentirait-encore-en-septembre-20251001\" target=\"_blank\" data-fig-type=\"NewsFlash\" rel=\"noopener\" data-gtm-custom-categorie=\"navigation\" data-gtm-custom-action=\"crossclick\" data-gtm-custom-label=\"Contextuel\" data-gtm-event=\"customEventSPE\" data-fig-domain=\"LEFIGARO\">a \u00e9voqu\u00e9 la guerre en Ukraine<\/a>, la\u00a0<a href=\"http:\/\/www.lefigaro.fr\/conjoncture\/le-kremlin-cherche-un-allegement-des-sanctions-l-economie-russe-plus-fragile-que-jamais-20250815\" target=\"_blank\" data-fig-type=\"NewsFlash\" rel=\"noopener\" data-gtm-custom-categorie=\"navigation\" data-gtm-custom-action=\"crossclick\" data-gtm-custom-label=\"Contextuel\" data-gtm-event=\"customEventSPE\" data-fig-domain=\"LEFIGARO\">situation \u00e9conomique russe<\/a>, les prises de position de Donald Trump sur Gaza, la mort de\u00a0<a href=\"http:\/\/www.lefigaro.fr\/international\/trump-et-le-mouvement-maga-rendent-hommage-a-charlie-kirk-20250922\" target=\"_blank\" data-fig-type=\"Article\" rel=\"noopener\" data-gtm-custom-categorie=\"navigation\" data-gtm-custom-action=\"crossclick\" data-gtm-custom-label=\"Contextuel\" data-gtm-event=\"customEventSPE\" data-fig-domain=\"LEFIGARO\">Charlie Kirk<\/a>, mais a aussi donn\u00e9 son avis sur les r\u00e9cents d\u00e9veloppements de l\u2019actualit\u00e9 mondiale.<\/p>\n<p class=\"fig-paragraph\">Le Figaro fait le point sur ces d\u00e9clarations.<\/p>\n<p>                                    <a class=\"fig-a11y-skip a11y-hidden\" href=\"#fig-a11y-skip-main-inarticle\"><br \/>\n        Passer la publicit\u00e9<br \/>\n    <\/a><\/p>\n<p><strong>Poutine qualifie de \u00abpiraterie\u00bb l\u2019interception d\u2019un p\u00e9trolier par la France, qui vit <\/strong>\u00abune situation de politique int\u00e9rieure difficile\u00bb<\/p>\n<p class=\"fig-paragraph\">Vladimir Poutine a qualifi\u00e9 jeudi de \u00abpiraterie\u00bb\u00a0<a href=\"http:\/\/www.lefigaro.fr\/international\/vladimir-poutine-accuse-la-france-de-piraterie-apres-l-interception-du-petrolier-russe-au-large-de-saint-nazaire-20251002\" target=\"_blank\" data-fig-type=\"NewsFlash\" rel=\"noopener\" data-gtm-custom-categorie=\"navigation\" data-gtm-custom-action=\"crossclick\" data-gtm-custom-label=\"Contextuel\" data-gtm-event=\"customEventSPE\" data-fig-domain=\"LEFIGARO\">l\u2019interception au large des c\u00f4tes fran\u00e7aises d\u2019un p\u00e9trolier<\/a>\u00a0suspect\u00e9 de faire partie de la flotte fant\u00f4me russe, disant ne \u00abpas savoir\u00bb si ce navire \u00e9tait li\u00e9 \u00e0 la Russie. \u00abC\u2019est de la piraterie. Car (&#8230;) le p\u00e9trolier a \u00e9t\u00e9 arraisonn\u00e9 dans les eaux neutres, sans aucun fondement. Visiblement, ils cherchaient quelque chose, des marchandises militaires, des drones, ou des choses comme \u00e7a. Mais il n\u2019y a rien de \u00e7a l\u00e0-bas\u00bb, a-t-il d\u00e9clar\u00e9.<\/p>\n<p class=\"fig-paragraph\">\u00abLe p\u00e9trolier \u00e9tait sous le pavillon d\u2019un pays tiers, en effet, avec un \u00e9quipage international. Honn\u00eatement, je ne sais dans quelle mesure il est li\u00e9 \u00e0 la Russie\u00bb, a-t-il ajout\u00e9. Le dirigeant russe a par ailleurs estim\u00e9 que l\u2019interception de ce navire \u00e9tait une tentative des autorit\u00e9s fran\u00e7aises \u00abde d\u00e9tourner l\u2019attention\u00bb de la population alors que le pays est dans \u00abune situation de politique int\u00e9rieure difficile\u00bb.<\/p>\n<p>Poutine dit observer \u00abla militarisation de l\u2019Europe\u00bb et promet une \u00abr\u00e9ponse aux menaces\u00bb<\/p>\n<p class=\"fig-paragraph\">Le Kremlin suit attentivement \u00abla militarisation croissante de l\u2019Europe\u00bb, promettant une \u00abr\u00e9ponse aux menaces\u00bb, au moment o\u00f9 les pays europ\u00e9ens multiplient les investissements militaires. \u00abLa r\u00e9ponse aux menaces sera, pour le moins, tr\u00e8s convaincante. Je dis bien la r\u00e9ponse. Nous n\u2019avons nous-m\u00eame jamais commenc\u00e9 une confrontation militaire\u00bb, a-t-il assur\u00e9. \u00abToutes les menaces d\u2019une Russie agressive sont des paroles en l\u2019air, mais il ne faut pas nous provoquer.\u00bb<\/p>\n<p class=\"fig-paragraph\">\u00abL\u2019Europe est responsable de l\u2019absence de paix sur le sol ukrainien. Elle \u00e9chouera dans sa recherche d\u2019une d\u00e9faite strat\u00e9gique de la Russie\u00bb, a clam\u00e9 le pr\u00e9sident russe. Ce dernier a ensuite accus\u00e9 les pays occidentaux de \u00abfournir \u00e0 l\u2019Ukraine renseignements, armes, formation\u00bb, s\u2019interrogeant sur la n\u00e9cessit\u00e9 de \u00abprendre des contre-mesures face \u00e0 la militarisation de l\u2019Europe\u00bb et assurant que la Russie \u00absurveille de pr\u00e8s les d\u00e9clarations sur l\u2019arm\u00e9e forte de l\u2019Allemagne\u00bb.<\/p>\n<p class=\"fig-paragraph\">\u00abLes \u00e9lites au pouvoir de l\u2019Europe unie continuent d\u2019attiser l\u2019hyst\u00e9rie en disant que \u201cla guerre avec les Russes est pratiquement \u00e0 notre porte\u201d. Ils r\u00e9p\u00e8tent ces absurdit\u00e9s, ce mantra, encore et encore\u2026 Ils sont soit incroyablement incomp\u00e9tents s\u2019ils y croient vraiment, car il est impossible de croire \u00e0 ces absurdit\u00e9s, soit ils sont simplement malhonn\u00eates\u00bb, a tacl\u00e9 Vladimir Poutine.<\/p>\n<p>                                    <a class=\"fig-a11y-skip a11y-hidden\" href=\"#fig-a11y-skip-main-inarticle_mtf\"><br \/>\n        Passer la publicit\u00e9<br \/>\n    <\/a><\/p>\n<p>La Russie se bat contre \u00abtout le bloc de l\u2019Otan\u00bb<\/p>\n<p class=\"fig-paragraph\">Le dirigeant russe a par ailleurs accus\u00e9 l\u2019Europe d\u2019emp\u00eacher un r\u00e8glement de la guerre en Ukraine et de mener \u00abune escalade permanente\u00bb du conflit. Il a estim\u00e9 que la Russie se battait contre \u00abtout le bloc de l\u2019Otan\u00bb en Ukraine et que l\u2019arm\u00e9e russe avan\u00e7ait sur le front. \u00abLe tigre de papier, c\u2019est donc l\u2019Otan?\u00bb, a-t-il ajout\u00e9, en r\u00e9agissant \u00e0 cette formule employ\u00e9e r\u00e9cemment par le pr\u00e9sident am\u00e9ricain Donald Trump pour qualifier la puissance militaire russe. \u00abC\u2019est impossible de croire que la Russie pourrait attaquer l\u2019Otan\u00bb, a-t-il souffl\u00e9 \u00e0 son auditoire.<\/p>\n<p>La Finlande et la Su\u00e8de \u00abont perdu les avantages de leur statut neutre\u00a0\u00bb<\/p>\n<p class=\"fig-paragraph\">Vladimir Poutine, qui\u00a0<a href=\"http:\/\/www.lefigaro.fr\/international\/je-ne-suis-pas-un-tsar-mais-un-president-elu-declare-vladimir-poutine-20251002\" target=\"_blank\" data-fig-type=\"NewsFlash\" rel=\"noopener\" data-gtm-custom-categorie=\"navigation\" data-gtm-custom-action=\"crossclick\" data-gtm-custom-label=\"Contextuel\" data-gtm-event=\"customEventSPE\" data-fig-domain=\"LEFIGARO\">s\u2019est qualifi\u00e9 de \u00abpr\u00e9sident \u00e9lu\u00bb et non de \u00abtsar\u00bb<\/a>, a qualifi\u00e9 de \u00abstupide\u00bb la d\u00e9cision de la Su\u00e8de et de la Finlande de rejoindre l\u2019OTAN. Le pr\u00e9sident russe a pr\u00e9cis\u00e9 que Moscou n\u2019avait jamais eu de probl\u00e8me avec ces deux pays nordiques et que, en int\u00e9grant l\u2019alliance militaire, \u00abla Finlande et la Su\u00e8de ont perdu les avantages de leur statut neutre\u00bb.<\/p>\n<p>Sur les drones au Danemark\u00a0: \u00abJe ne le ferai plus, c\u2019est promis\u00bb, raille Poutine<\/p>\n<p class=\"fig-paragraph\">Vladimir Poutine a tourn\u00e9 en d\u00e9rision les accusations visant la Russie\u00a0<a href=\"http:\/\/www.lefigaro.fr\/international\/un-petrolier-fantome-repere-au-large-du-danemark-lors-des-survols-de-drones-20251001\" target=\"_blank\" data-fig-type=\"NewsFlash\" rel=\"noopener\" data-gtm-custom-categorie=\"navigation\" data-gtm-custom-action=\"crossclick\" data-gtm-custom-label=\"Contextuel\" data-gtm-event=\"customEventSPE\" data-fig-domain=\"LEFIGARO\">apr\u00e8s plusieurs incidents de drones en Europe<\/a>, affirmant que \u00abl\u2019hyst\u00e9rie attis\u00e9e par les Europ\u00e9ens\u00bb autour des drones russes sur le Vieux continent est fabriqu\u00e9e pour \u00abd\u00e9tourner l\u2019attention des probl\u00e8mes en Occident\u00bb. D\u2019un ton ironique, il a ajout\u00e9 que l\u2019arm\u00e9e russe n\u2019a \u00abpas de drones capables de voler jusqu\u2019\u00e0 Lisbonne\u00bb.<\/p>\n<p class=\"fig-paragraph\">Le pr\u00e9sident russe a \u00e9galement plaisant\u00e9 en promettant de ne plus \u00absurvoler le Danemark\u00bb, o\u00f9 des fermetures d\u2019a\u00e9roports ont eu lieu la semaine derni\u00e8re. \u00abJe ne le ferai plus, c\u2019est promis\u00bb, a-t-il raill\u00e9. Moscou nie toute responsabilit\u00e9, alors que la Pologne et ses alli\u00e9s de l\u2019OTAN ont r\u00e9cemment abattu des drones russes dans leur espace a\u00e9rien et que plusieurs pays europ\u00e9ens \u00e9voquent d\u00e9sormais la cr\u00e9ation d\u2019un \u00abmur de drones\u00bb.<\/p>\n<p>Menaces de riposte sur les infrastructures \u00e9nerg\u00e9tiques ukrainiennes<\/p>\n<p class=\"fig-paragraph\">Vladimir Poutine a accus\u00e9 l\u2019arm\u00e9e de Kiev de mener des frappes\u00a0<a href=\"http:\/\/www.lefigaro.fr\/international\/ukraine-la-centrale-nucleaire-de-zaporijjia-ne-presente-pas-de-danger-immediat-selon-l-aiea-20251001\" target=\"_blank\" data-fig-type=\"NewsFlash\" rel=\"noopener\" data-gtm-custom-categorie=\"navigation\" data-gtm-custom-action=\"crossclick\" data-gtm-custom-label=\"Contextuel\" data-gtm-event=\"customEventSPE\" data-fig-domain=\"LEFIGARO\">autour de la centrale nucl\u00e9aire de Zaporijjia en Ukraine<\/a>, sous contr\u00f4le russe et priv\u00e9e d\u2019alimentation \u00e9lectrique externe depuis plus d\u2019une semaine, mena\u00e7ant de s\u2019en prendre en riposte aux infrastructures \u00e9nerg\u00e9tiques ukrainiennes. \u00abIls (les autorit\u00e9s ukrainiennes) ont encore des centrales \u00e9lectriques qui fonctionnent, des centrales nucl\u00e9aires de leur c\u00f4t\u00e9. Qu\u2019est-ce qui nous emp\u00eacherait de riposter? Qu\u2019ils y r\u00e9fl\u00e9chissent\u00bb, a-t-il lanc\u00e9.<\/p>\n<p>                                    <a class=\"fig-a11y-skip a11y-hidden\" href=\"#fig-a11y-skip-main-inarticle_btf\"><br \/>\n        Passer la publicit\u00e9<br \/>\n    <\/a><\/p>\n<p>La Russie \u00abn\u2019impose pas de mobilisation forc\u00e9e\u00bb, contrairement \u00e0 Kiev<\/p>\n<p class=\"fig-paragraph\">Le pr\u00e9sident russe affirme que l\u2019Ukraine \u00abferait mieux de chercher un accord\u00bb. Il assure que la Russie \u00abn\u2019impose pas de mobilisation forc\u00e9e\u00bb, contrairement \u00e0 Kiev, et appelle les Ukrainiens \u00ab\u00e0 fuir\u00bb leur arm\u00e9e. Il reconna\u00eet avoir \u00abaussi des d\u00e9serteurs\u00bb, mais \u00abmoins qu\u2019en Ukraine\u00bb, et dit esp\u00e9rer \u00abque les dirigeants ukrainiens accepteront de n\u00e9gocier\u00bb.<\/p>\n<p>L\u2019arm\u00e9e russe est entr\u00e9e \u00e0 Kostyantynivka<\/p>\n<p class=\"fig-paragraph\">Au cours d\u2019un point sur les avanc\u00e9es russes, Vladimir Poutine affirme que Kiev contr\u00f4le 0,13 % de la r\u00e9gion de Louhansk et 19 % de celle de\u00a0<a href=\"http:\/\/www.lefigaro.fr\/international\/a-donetsk-la-penurie-d-eau-n-en-finit-plus-de-s-aggraver-le-recit-de-l-envoye-special-du-figaro-20250904\" target=\"_blank\" data-fig-type=\"Article\" rel=\"noopener\" data-gtm-custom-categorie=\"navigation\" data-gtm-custom-action=\"crossclick\" data-gtm-custom-label=\"Contextuel\" data-gtm-event=\"customEventSPE\" data-fig-domain=\"LEFIGARO\">Donetsk<\/a>, ainsi que la ville de Pokrovsk. Il ajoute que l\u2019arm\u00e9e russe est entr\u00e9e \u00e0 Kostyantynivka et contr\u00f4le les deux tiers de Koupiansk. \u00abLes forces militaires russes progressent sur l\u2019ensemble du front ukrainien\u00bb, a-t-il r\u00e9sum\u00e9.<\/p>\n<p>L\u2019envoi de missiles Tomahawk \u00e0 Kiev serait une \u00abnouvelle escalade\u00bb entre Moscou et Washington<\/p>\n<p class=\"fig-paragraph\">Vladimir Poutine a estim\u00e9 que l\u2019envoi \u00e0 Kiev\u00a0<a href=\"http:\/\/www.lefigaro.fr\/international\/l-ukraine-espere-recevoir-des-missiles-tomahawk-pour-accroitre-la-pression-sur-la-russie-20250929\" target=\"_blank\" data-fig-type=\"Article\" rel=\"noopener\" data-gtm-custom-categorie=\"navigation\" data-gtm-custom-action=\"crossclick\" data-gtm-custom-label=\"Contextuel\" data-gtm-event=\"customEventSPE\" data-fig-domain=\"LEFIGARO\">de missiles longue port\u00e9e am\u00e9ricains Tomahawk<\/a>\u00a0serait \u00abune nouvelle escalade\u00bb entre Moscou et Washington, des responsables am\u00e9ricains ayant envisag\u00e9 la vente de ces armements aux Europ\u00e9ens pour les livrer \u00e0 l\u2019Ukraine.<\/p>\n<p class=\"fig-paragraph\">\u00abEmployer des Tomahawk est impossible sans la participation directe de militaires am\u00e9ricains. Cela signifierait une nouvelle escalade (&#8230;), notamment dans les relations entre la Russie et les \u00c9tats-Unis. Ils ne changeraient pas la situation sur le terrain et les envoyer serait dangereux\u00bb, a averti le pr\u00e9sident russe.<\/p>\n<p class=\"fig-body-link\">\n            \u00c0 lire aussi<br \/>\n        <a class=\"fig-body-link__link\" href=\"http:\/\/www.lefigaro.fr\/international\/guerre-en-ukraine-zelensky-aurait-demande-a-trump-des-missiles-de-croisiere-americains-tomahawk-pour-contraindre-poutine-a-faire-la-paix-20250926\" target=\"_blank\" data-fig-type=\"NewsFlash\" rel=\"noopener\" data-gtm-custom-categorie=\"navigation\" data-gtm-custom-action=\"crossclick\" data-gtm-custom-label=\"Contextuel\" data-gtm-event=\"customEventSPE\" data-fig-domain=\"LEFIGARO\">Guerre en Ukraine\u00a0: Zelensky aurait demand\u00e9 \u00e0 Trump des missiles de croisi\u00e8re am\u00e9ricains Tomahawk pour contraindre Poutine \u00e0 faire la paix<br \/>\n    <\/a>\n<\/p>\n<p>Poutine veut d\u00e9fendre un \u00abmonde multipolaire\u00bb face \u00e0 l\u2019Occident<\/p>\n<p class=\"fig-paragraph\">Lors d\u2019un discours d\u2019introduction, il est aussi revenu sur les origines du conflit, accusant \u00abceux qui se sont consid\u00e9r\u00e9s comme vainqueurs\u00bb \u00e0 la fin de la Guerre froide d\u2019avoir voulu imposer \u00ab\u00e0 tous des conceptions unilat\u00e9rales et subjectives de la s\u00e9curit\u00e9\u00bb. \u00abC\u2019est devenu la v\u00e9ritable cause originelle non seulement du conflit ukrainien, mais aussi de nombreux autres conflits graves\u00bb du d\u00e9but du XXIe si\u00e8cle, a-t-il soutenu, disant d\u00e9fendre un \u00abmonde multipolaire\u00bb face \u00e0 l\u2019Occident.<\/p>\n<p>Poutine m\u00e9nage Trump et les \u00c9tats-Unis<\/p>\n<p class=\"fig-paragraph\">Alors que le pr\u00e9sident am\u00e9ricain Donald Trump a tent\u00e9, \u00e0 son retour au pouvoir, de se rapprocher de Moscou pour trouver une issue \u00e0 la guerre en Ukraine, le ma\u00eetre du Kremlin a eu un ton plus doux \u00e0 l\u2019\u00e9gard de Washington. \u00abNos pays, c\u2019est connu, ont pas mal de divergences. Nos points de vue sur de nombreux probl\u00e8mes mondiaux ne convergent pas. Pour de grandes puissances, c\u2019est normal\u00bb, a-t-il affirm\u00e9, estimant par ailleurs que l\u2019administration Trump \u00e9tait guid\u00e9e par \u00ables int\u00e9r\u00eats de son pays\u00bb et avait une \u00abapproche rationnelle\u00bb.<\/p>\n<p class=\"fig-paragraph\">\u00abDonald Trump est une personne qui peut \u00e9couter\u00bb, a-t-il ajout\u00e9, en pr\u00e9cisant que les deux hommes avaient discut\u00e9 d\u2019un r\u00e8glement de la guerre en Ukraine et du r\u00e9tablissement des relations entre leurs pays\u00a0<a href=\"http:\/\/www.lefigaro.fr\/international\/sommet-trump-poutine-des-documents-confidentiels-oublies-par-les-americains-dans-une-imprimante-en-alaska-20250817\" target=\"_blank\" data-fig-type=\"NewsFlash\" rel=\"noopener\" data-gtm-custom-categorie=\"navigation\" data-gtm-custom-action=\"crossclick\" data-gtm-custom-label=\"Contextuel\" data-gtm-event=\"customEventSPE\" data-fig-domain=\"LEFIGARO\">au cours de leur r\u00e9union en Alaska le 15 ao\u00fbt<\/a>.<\/p>\n<p>La Russie est pr\u00eate \u00e0 soutenir le plan de Trump pour Gaza s\u2019il conduit \u00e0 une solution \u00e0 deux \u00c9tats<\/p>\n<p class=\"fig-paragraph\">Vladimir Poutine a \u00e9galement \u00e9voqu\u00e9\u00a0<a href=\"http:\/\/www.lefigaro.fr\/international\/guerre-a-gaza-pas-de-difference-avec-les-nazis-juge-aymeric-caron-apres-les-derniers-propos-du-ministre-israelien-de-la-defense-20251002\" target=\"_blank\" data-fig-type=\"NewsFlash\" rel=\"noopener\" data-gtm-custom-categorie=\"navigation\" data-gtm-custom-action=\"crossclick\" data-gtm-custom-label=\"Contextuel\" data-gtm-event=\"customEventSPE\" data-fig-domain=\"LEFIGARO\">la situation \u00e0 Gaza<\/a>\u00a0en la qualifiant \u00abhorrible\u00bb et affirme que \u00abla solution finale au conflit\u00bb passe par \u00abdeux \u00c9tats\u00bb. Il se dit pr\u00eat \u00e0 soutenir \u00abdans l\u2019ensemble\u00bb l\u2019initiative de Trump sur Gaza, mais seulement si elle aboutit \u00e0 cet objectif. Concernant la proposition d\u2019un organe international dirig\u00e9 par Tony Blair, il estime que \u00abc\u2019est un politicien exp\u00e9riment\u00e9 qui pourrait jouer un r\u00f4le positif\u00bb, tout en jugeant qu\u2019\u00abil vaudrait mieux que Gaza soit g\u00e9r\u00e9e par l\u2019administration Abbas\u00bb.<\/p>\n<p class=\"fig-paragraph\">Il souligne que \u00abla question cl\u00e9 est ce que pensent les Palestiniens, y compris le Hamas\u00bb, ajoutant que la Russie \u00abest en contact avec le Hamas\u00bb et qu\u2019il est essentiel que ce dernier \u00absoutienne aussi\u00bb la d\u00e9marche. Selon lui, \u00able probl\u00e8me de Gaza ne peut \u00eatre r\u00e9solu que par la cr\u00e9ation d\u2019un \u00c9tat palestinien\u00bb.<\/p>\n<p class=\"fig-body-link\">\n            \u00c0 lire aussi<br \/>\n        <a class=\"fig-body-link__link fig-premium-mark\" href=\"http:\/\/www.lefigaro.fr\/international\/le-hamas-sous-d-intenses-pressions-pour-accepter-le-plan-de-trump-pour-gaza-20250930\" target=\"_blank\" data-fig-type=\"Article\" rel=\"noopener\" data-gtm-custom-categorie=\"navigation\" data-gtm-custom-action=\"crossclick\" data-gtm-custom-label=\"Contextuel\" data-gtm-event=\"customEventSPE\" data-fig-domain=\"LEFIGARO\">Le Hamas sous d\u2019intenses pressions pour accepter le plan de Donald Trump pour Gaza<br \/>\n    <\/a>\n<\/p>\n<p>Le meurtre de Charlie Kirk illustre \u00abla profonde fracture\u00bb aux \u00c9tats-Unis<\/p>\n<p class=\"fig-paragraph\">Vladimir Poutine a qualifi\u00e9 de \u00abr\u00e9pugnant\u00bb le meurtre de\u00a0<a href=\"http:\/\/www.lefigaro.fr\/international\/a-phoenix-les-adieux-de-l-amerique-trumpiste-a-l-influenceur-charlie-kirk-20250921\" target=\"_blank\" data-fig-type=\"Article\" rel=\"noopener\" data-gtm-custom-categorie=\"navigation\" data-gtm-custom-action=\"crossclick\" data-gtm-custom-label=\"Contextuel\" data-gtm-event=\"customEventSPE\" data-fig-domain=\"LEFIGARO\">l\u2019activiste am\u00e9ricain conservateur Charlie Kirk<\/a>. Selon lui, ce drame illustre \u00abla profonde fracture\u00bb qui divise la soci\u00e9t\u00e9 aux \u00c9tats-Unis. Le porte-voix de la jeunesse trumpiste a \u00e9t\u00e9 assassin\u00e9 le 10 septembre, lors d\u2019un d\u00e9bat en plein air sur un campus universitaire de l\u2019Utah (ouest).<\/p>\n<p class=\"fig-paragraph\">\u00abC\u2019est une atrocit\u00e9 r\u00e9pugnante, surtout parce qu\u2019elle a \u00e9t\u00e9 diffus\u00e9e en direct. Nous l\u2019avons tous vue. C\u2019\u00e9tait vraiment r\u00e9pugnant, horrifiant. J\u2019adresse mes condol\u00e9ances \u00e0 la famille de M. Kirk et \u00e0 tous ses proches. Nous compatissons et ressentons de l\u2019empathie. Ce qui s\u2019est pass\u00e9 est un signe d\u2019une profonde fracture dans la soci\u00e9t\u00e9 (am\u00e9ricaine). Aux \u00c9tats-Unis, je ne pense pas qu\u2019il y ait besoin d\u2019aggraver la situation \u00e0 l\u2019ext\u00e9rieur parce que la direction politique du pays essaie de r\u00e9tablir l\u2019ordre \u00e0 l\u2019int\u00e9rieur\u00bb, a-t-il gliss\u00e9 devant son auditoire.<\/p>\n<p><strong>La Russie proc\u00e9derait \u00e0 un essai nucl\u00e9aire si une autre puissance nucl\u00e9aire en faisait de m\u00eame<\/strong><\/p>\n<p class=\"fig-paragraph\">Le pr\u00e9sident russe a \u00e9voqu\u00e9 la prolongation d\u2019un an\u00a0<a href=\"http:\/\/www.lefigaro.fr\/international\/vladimir-poutine-propose-a-washington-de-respecter-un-an-de-plus-le-traite-de-desarmement-nucleaire-20250922\" target=\"_blank\" data-fig-type=\"NewsFlash\" rel=\"noopener\" data-gtm-custom-categorie=\"navigation\" data-gtm-custom-action=\"crossclick\" data-gtm-custom-label=\"Contextuel\" data-gtm-event=\"customEventSPE\" data-fig-domain=\"LEFIGARO\">du trait\u00e9 de d\u00e9sarmement nucl\u00e9aire New START<\/a>, pr\u00e9cisant que \u00able dialogue avec les \u00c9tats-Unis n\u2019est pas simple, nous avons maintenant les missiles Oreshnik\u00bb. Il a propos\u00e9 de prolonger volontairement les plafonds de t\u00eates nucl\u00e9aires si Washington faisait de m\u00eame, tout en soulignant sa confiance dans le bouclier nucl\u00e9aire russe en cas de refus am\u00e9ricain.<\/p>\n<p class=\"fig-paragraph\">Vladimir Poutine a \u00e9galement insist\u00e9 sur l\u2019importance de prendre en compte d\u2019autres puissances dans les n\u00e9gociations futures. \u00abS\u2019il faut inclure la Chine, pourquoi ne pas inclure aussi la France et la Grande-Bretagne\u00a0?\u00bb, a-t-il estim\u00e9, et a soulign\u00e9 que \u00abde nombreuses questions restent, telles que la participation de la Chine\u00bb. \u00abNous en ferons s\u2019ils en font\u00bb, a-t-il lanc\u00e9 concernant les essais nucl\u00e9aires.<\/p>\n<p>Les droits de douane am\u00e9ricains impos\u00e9s aux partenaires commerciaux de la Russie pourraient avoir des r\u00e9percussions \u00e9conomiques n\u00e9gatives<\/p>\n<p class=\"fig-paragraph\">Vladimir Poutine a critiqu\u00e9 les pressions am\u00e9ricaines sur l\u2019Inde et la Chine pour r\u00e9duire leurs liens \u00e9nerg\u00e9tiques avec Moscou. Selon lui, \u00abl\u2019imposition de tarifs plus \u00e9lev\u00e9s aux partenaires commerciaux de la Russie ferait grimper les prix mondiaux\u00bb, obligerait la FED \u00e0 maintenir des taux \u00e9lev\u00e9s et ralentirait l\u2019\u00e9conomie des \u00c9tats-Unis. \u00ab\u00c7a n\u2019a pas de sens \u00e9conomiquement\u00bb, ajoute le chef de l\u2019\u00c9tat.<\/p>\n<p><strong>L\u2019\u00e9conomie mondiale \u00abne peut pas fonctionner sans le p\u00e9trole russe\u00bb<\/strong><\/p>\n<p class=\"fig-paragraph\">L\u2019\u00e9conomie mondiale \u00abne peut pas fonctionner sans le p\u00e9trole russe\u00bb, selon Vladimir Poutine, qui pr\u00e9vient qu\u2019en cas de coupure des approvisionnements, les prix d\u00e9passeraient la barre des 100 dollars le baril. Une r\u00e9ponse aux propos de Donald Trump, qui avait appel\u00e9 l\u2019Europe, l\u2019Inde et la Chine \u00e0 cesser d\u2019acheter du p\u00e9trole russe afin de r\u00e9duire la capacit\u00e9 de Moscou \u00e0 financer sa guerre en Ukraine.<\/p>\n","protected":false},"excerpt":{"rendered":"Le pr\u00e9sident russe s\u2019est longuement exprim\u00e9 au cours d\u2019un forum de discussions \u00e0 Sotchi ce jeudi soir. Il&hellip;\n","protected":false},"author":2,"featured_media":435023,"comment_status":"","ping_status":"","sticky":false,"template":"","format":"standard","meta":{"footnotes":""},"categories":[1591],"tags":[11,1887,12,1885,1886,132,135],"class_list":{"0":"post-435022","1":"post","2":"type-post","3":"status-publish","4":"format-standard","5":"has-post-thumbnail","7":"category-russie","8":"tag-actualites","9":"tag-federation-de-russie","10":"tag-news","11":"tag-russia","12":"tag-russian-federation","13":"tag-russie","14":"tag-vladimir-poutine"},"share_on_mastodon":{"url":"https:\/\/pubeurope.com\/@fr\/115307686670277371","error":""},"_links":{"self":[{"href":"https:\/\/www.europesays.com\/fr\/wp-json\/wp\/v2\/posts\/435022","targetHints":{"allow":["GET"]}}],"collection":[{"href":"https:\/\/www.europesays.com\/fr\/wp-json\/wp\/v2\/posts"}],"about":[{"href":"https:\/\/www.europesays.com\/fr\/wp-json\/wp\/v2\/types\/post"}],"author":[{"embeddable":true,"href":"https:\/\/www.europesays.com\/fr\/wp-json\/wp\/v2\/users\/2"}],"replies":[{"embeddable":true,"href":"https:\/\/www.europesays.com\/fr\/wp-json\/wp\/v2\/comments?post=435022"}],"version-history":[{"count":0,"href":"https:\/\/www.europesays.com\/fr\/wp-json\/wp\/v2\/posts\/435022\/revisions"}],"wp:featuredmedia":[{"embeddable":true,"href":"https:\/\/www.europesays.com\/fr\/wp-json\/wp\/v2\/media\/435023"}],"wp:attachment":[{"href":"https:\/\/www.europesays.com\/fr\/wp-json\/wp\/v2\/media?parent=435022"}],"wp:term":[{"taxonomy":"category","embeddable":true,"href":"https:\/\/www.europesays.com\/fr\/wp-json\/wp\/v2\/categories?post=435022"},{"taxonomy":"post_tag","embeddable":true,"href":"https:\/\/www.europesays.com\/fr\/wp-json\/wp\/v2\/tags?post=435022"}],"curies":[{"name":"wp","href":"https:\/\/api.w.org\/{rel}","templated":true}]}}