{"id":435026,"date":"2025-10-03T01:41:26","date_gmt":"2025-10-03T01:41:26","guid":{"rendered":"https:\/\/www.europesays.com\/fr\/435026\/"},"modified":"2025-10-03T01:41:26","modified_gmt":"2025-10-03T01:41:26","slug":"usa-nouveau-retard-du-777x-de-boeing-avec-des-livraisons-a-partir-de-2027","status":"publish","type":"post","link":"https:\/\/www.europesays.com\/fr\/435026\/","title":{"rendered":"USA: nouveau retard du 777X de Boeing avec des livraisons \u00e0 partir de 2027"},"content":{"rendered":"<p class=\"ap-StoryElement ap-StoryElement--mb ap-StoryText\">Contact\u00e9 par l&rsquo;AFP, Boeing a r\u00e9pondu \u00eatre dans l&rsquo;incapacit\u00e9 de commenter car il se trouve dans la p\u00e9riode dite de silence avant la publication de ses r\u00e9sultats du troisi\u00e8me trimestre, pr\u00e9vue le 29 octobre.<\/p>\n<p class=\"ap-StoryElement ap-StoryElement--mb ap-StoryText\">Le 777-9, premi\u00e8re version du programme 777X qui en pr\u00e9voit trois, a \u00e9t\u00e9 pr\u00e9sent\u00e9 en 2013 et devait entrer en exploitation en 2020 mais le programme a accumul\u00e9 les retards.<\/p>\n<p class=\"ap-StoryElement ap-StoryElement--mb ap-StoryText\">Les tests en vue de sa certification ont notamment \u00e9t\u00e9 suspendus pendant quelques semaines en ao\u00fbt 2024 apr\u00e8s la d\u00e9couverte d&rsquo;une pi\u00e8ce d\u00e9fectueuse.<\/p>\n<p class=\"ap-StoryElement ap-StoryElement--mb ap-StoryText\">Pendant plusieurs mois, les dirigeants de l&rsquo;avionneur s&rsquo;\u00e9taient montr\u00e9s confiants concernant l&rsquo;obtention de la certification et le lancement des livraisons en 2026.<\/p>\n<p class=\"ap-StoryElement ap-StoryElement--mb ap-StoryText\">Ce calendrier avait encore \u00e9t\u00e9 mentionn\u00e9 par Kelly Ortberg, patron du constructeur depuis ao\u00fbt 2024, lors de la pr\u00e9sentation des r\u00e9sultats du deuxi\u00e8me trimestre le 29 juillet.<\/p>\n<p class=\"ap-StoryElement ap-StoryElement--mb ap-StoryText\">Mais, le 11 septembre, lors d&rsquo;une conf\u00e9rence financi\u00e8re, il avait reconnu que Boeing prenait du \u00ab\u00a0retard\u00a0\u00bb dans la certification du programme, sans donner de pr\u00e9cision calendaire, tout en affirmant qu&rsquo;aucun nouveau probl\u00e8me technique n&rsquo;avait surgi.<\/p>\n","protected":false},"excerpt":{"rendered":"Contact\u00e9 par l&rsquo;AFP, Boeing a r\u00e9pondu \u00eatre dans l&rsquo;incapacit\u00e9 de commenter car il se trouve dans la p\u00e9riode&hellip;\n","protected":false},"author":2,"featured_media":25030,"comment_status":"","ping_status":"","sticky":false,"template":"","format":"standard","meta":{"footnotes":""},"categories":[1589],"tags":[11,296,313,73,1866,12,2803,1864,1865,1863,308],"class_list":{"0":"post-435026","1":"post","2":"type-post","3":"status-publish","4":"format-standard","5":"has-post-thumbnail","7":"category-etats-unis","8":"tag-actualites","9":"tag-aeronautique","10":"tag-entreprises","11":"tag-etats-unis","12":"tag-etats-unis-damerique","13":"tag-news","14":"tag-transport","15":"tag-united-states","16":"tag-united-states-of-america","17":"tag-us","18":"tag-usa"},"share_on_mastodon":{"url":"https:\/\/pubeurope.com\/@fr\/115307694282582695","error":""},"_links":{"self":[{"href":"https:\/\/www.europesays.com\/fr\/wp-json\/wp\/v2\/posts\/435026","targetHints":{"allow":["GET"]}}],"collection":[{"href":"https:\/\/www.europesays.com\/fr\/wp-json\/wp\/v2\/posts"}],"about":[{"href":"https:\/\/www.europesays.com\/fr\/wp-json\/wp\/v2\/types\/post"}],"author":[{"embeddable":true,"href":"https:\/\/www.europesays.com\/fr\/wp-json\/wp\/v2\/users\/2"}],"replies":[{"embeddable":true,"href":"https:\/\/www.europesays.com\/fr\/wp-json\/wp\/v2\/comments?post=435026"}],"version-history":[{"count":0,"href":"https:\/\/www.europesays.com\/fr\/wp-json\/wp\/v2\/posts\/435026\/revisions"}],"wp:featuredmedia":[{"embeddable":true,"href":"https:\/\/www.europesays.com\/fr\/wp-json\/wp\/v2\/media\/25030"}],"wp:attachment":[{"href":"https:\/\/www.europesays.com\/fr\/wp-json\/wp\/v2\/media?parent=435026"}],"wp:term":[{"taxonomy":"category","embeddable":true,"href":"https:\/\/www.europesays.com\/fr\/wp-json\/wp\/v2\/categories?post=435026"},{"taxonomy":"post_tag","embeddable":true,"href":"https:\/\/www.europesays.com\/fr\/wp-json\/wp\/v2\/tags?post=435026"}],"curies":[{"name":"wp","href":"https:\/\/api.w.org\/{rel}","templated":true}]}}