{"id":435031,"date":"2025-10-03T01:44:15","date_gmt":"2025-10-03T01:44:15","guid":{"rendered":"https:\/\/www.europesays.com\/fr\/435031\/"},"modified":"2025-10-03T01:44:15","modified_gmt":"2025-10-03T01:44:15","slug":"leurope-dans-une-logique-de-guerre","status":"publish","type":"post","link":"https:\/\/www.europesays.com\/fr\/435031\/","title":{"rendered":"L&rsquo;Europe dans une logique de guerre"},"content":{"rendered":"<p><strong>Dans un contexte g\u00e9opolitique tendu, l\u2019Europe se place dans une logique de guerre, non seulement militaire, mais aussi juridique et symbolique. Les r\u00e9actions russes, et singuli\u00e8rement les propos de Vladimir Poutine, participent \u00e0 cette escalade.<\/strong><\/p>\n<p><img loading=\"lazy\" decoding=\"async\" class=\"size-full wp-image-82218\" src=\"https:\/\/www.europesays.com\/fr\/wp-content\/uploads\/2025\/10\/Le-bateau-arraisonne-par-la-marine-francaise-euronews.jpg\" alt=\"Le Pushpa arraisonn\u00e9 par la Marine Fran\u00e7aise (capture Euronews)\" width=\"1200\" height=\"800\"  \/>Le Pushpa arraisonn\u00e9 par la Marine Fran\u00e7aise (capture Euronews)<br \/>\nL\u2019Europe adopte une posture de confrontation quasi militaire<\/p>\n<p>La r\u00e9union de Copenhague du 1er octobre a mis en lumi\u00e8re un consensus grandissant parmi les \u00c9tats membres pour voter des dispositifs de surveillance renforc\u00e9e (espace a\u00e9rien, drones), pour coordonner des capacit\u00e9s d\u00e9fensives, et pour affirmer une souverainet\u00e9 strat\u00e9gique. Ces actes montrent que l\u2019Europe ne se contente plus de dissuasion, mais agit de fa\u00e7on proactive dans la protection du territoire.<\/p>\n<ol>\n<li><strong>Usage de la coercition juridique comme instrument de guerre<\/strong><br \/>L\u2019arraisonnement du p\u00e9trolier de la \u00ab flotte fant\u00f4me \u00bb russe au large de Saint-Nazaire illustre ceci : l\u2019Europe impose des sanctions, des contr\u00f4les judiciaires, des actions maritimes pour faire appliquer le droit international. Le droit maritime et le droit des sanctions deviennent des armes de la guerre \u00e9conomique \u2014 l\u2019Europe ne se contente pas de condamner, elle agit concr\u00e8tement.<\/li>\n<li><strong> Normalisation de l\u2019affrontement discursive<\/strong><br \/>Parall\u00e8lement aux actes, la rh\u00e9torique compte : les \u00c9tats europ\u00e9ens d\u00e9noncent ouvertement des violations, des actes hybrides, de l\u2019espionnage, des menaces. Cela r\u00e9v\u00e8le une logique d\u2019ennemi d\u00e9clar\u00e9 ou identifi\u00e9, m\u00eame en dehors du champ purement militaire. La guerre se fait aussi dans le langage, dans la construction des r\u00e9cits.<br \/>\nRisque de surench\u00e8re et d\u2019escalade<\/p>\n<p>Chaque action coercitive, chaque arraisonnement, chaque sanction peut \u00eatre per\u00e7ue par la Russie comme une provocation. La qualification de \u00ab piraterie \u00bb par Poutine impose une lourde charge symbolique et juridique, et ce type de langage peut exacerber les tensions diplomatiques, voire provoquer des repr\u00e9sailles.<\/p>\n<p>Dualit\u00e9 entre l\u00e9galit\u00e9 et l\u00e9gitimit\u00e9<\/p>\n<p>Bien que l\u2019Europe invoque le droit international (Convention du droit de la mer, sanctions adopt\u00e9es par des instances internationales), certains actes peuvent \u00eatre contest\u00e9s sur leur l\u00e9galit\u00e9 ou sur leur application (territorialit\u00e9, comp\u00e9tence, preuves). La ligne entre action l\u00e9gale et acte per\u00e7u comme ill\u00e9gal ou abusif peut devenir floue. De fait, la seule infraction reproch\u00e9e au capitaine du bateau Pushpa, est de n\u2019avoir pas obtemp\u00e9r\u00e9. Le navire \u00e9tait alors dans les eaux internationales et n\u2019avait rien \u00e0 se reprocher, sauf de transporter du p\u00e9trole russe sous embargo.<\/p>\n<p>Fragilit\u00e9 de l\u2019unit\u00e9 europ\u00e9enne<\/p>\n<p>Tous les \u00c9tats membres ne sont pas \u00e9galement expos\u00e9s, ni \u00e9quip\u00e9s, ni enclins \u00e0 adopter les m\u00eames mesures. Risque de divergence strat\u00e9gique ou politique si les co\u00fbts (\u00e9conomiques, diplomatiques, s\u00e9curitaires) deviennent trop \u00e9lev\u00e9s pour certains pays. L\u2019Europe reste d\u00e9pendante de l\u2019OTAN dans certaines dimensions, et des \u00c9tats-Unis pour la dissuasion nucl\u00e9aire.<\/p>\n<p>Pour Vladimir Poutine : \u00ab actes de piraterie \u00bb<\/p>\n<p>Le chef du Kremlin a qualifi\u00e9 l\u2019interception du p\u00e9trolier russe au large de Saint-Nazaire (appartenant \u00e0 la flotte fant\u00f4me) de \u00ab piraterie \u00bb.<br \/>Poutine utilise ce terme pour d\u00e9noncer ce qu\u2019il pr\u00e9sente comme un acte ill\u00e9gal, un abus de la part de la France (et de l\u2019Europe) ; cela permet \u00e0 la Russie de revendiquer la l\u00e9gitimit\u00e9 d\u2019une action d\u00e9fensive contre ce qu\u2019elle consid\u00e8re comme une attaque contre ses int\u00e9r\u00eats.<br \/>Le terme \u00ab piraterie \u00bb est lourd de sens : il \u00e9voque l\u2019ill\u00e9galit\u00e9 extr\u00eame, l\u2019acte criminel contre la libert\u00e9 de navigation, la violation du droit maritime. Poutine cherche \u00e0 mobiliser la communaut\u00e9 internationale autour de cette id\u00e9e que l\u2019Europe outrepasse ses droits.<br \/>En outre, la Belgique s\u2019interroge sur l\u2019utilisation des avoirs russes transf\u00e9r\u00e9s \u00e0 l\u2019Ukraine (<strong>ci-dessous<\/strong>).<br \/><strong>L\u2019Europe, quoi qu\u2019en disent ses leaders, est bel et bien dans une logique de guerre juridique, symbolique et militaire. Et tout cela pourrait mal finir.<\/strong><\/p>\n<p><iframe loading=\"lazy\" title=\"Le Premier ministre belge exige des r\u00e9ponses sur l&#039;utilisation des avoirs russes gel\u00e9s\" width=\"1200\" height=\"675\" src=\"https:\/\/www.youtube.com\/embed\/Qc6msbxZR-Q?feature=oembed\" frameborder=\"0\" allow=\"accelerometer; autoplay; clipboard-write; encrypted-media; gyroscope; picture-in-picture; web-share\" referrerpolicy=\"strict-origin-when-cross-origin\" allowfullscreen><\/iframe><\/p>\n<\/li>\n<\/ol>\n","protected":false},"excerpt":{"rendered":"Dans un contexte g\u00e9opolitique tendu, l\u2019Europe se place dans une logique de guerre, non seulement militaire, mais aussi&hellip;\n","protected":false},"author":2,"featured_media":435032,"comment_status":"","ping_status":"","sticky":false,"template":"","format":"standard","meta":{"footnotes":""},"categories":[1586],"tags":[328,11,1777,674,1011,27,3535,1146,12,25,132],"class_list":{"0":"post-435031","1":"post","2":"type-post","3":"status-publish","4":"format-standard","5":"has-post-thumbnail","7":"category-europe","8":"tag-a-la-une","9":"tag-actualites","10":"tag-eu","11":"tag-europe","12":"tag-fr","13":"tag-france","14":"tag-geopolitique","15":"tag-guerre","16":"tag-news","17":"tag-republique-francaise","18":"tag-russie"},"share_on_mastodon":{"url":"https:\/\/pubeurope.com\/@fr\/115307706296960970","error":""},"_links":{"self":[{"href":"https:\/\/www.europesays.com\/fr\/wp-json\/wp\/v2\/posts\/435031","targetHints":{"allow":["GET"]}}],"collection":[{"href":"https:\/\/www.europesays.com\/fr\/wp-json\/wp\/v2\/posts"}],"about":[{"href":"https:\/\/www.europesays.com\/fr\/wp-json\/wp\/v2\/types\/post"}],"author":[{"embeddable":true,"href":"https:\/\/www.europesays.com\/fr\/wp-json\/wp\/v2\/users\/2"}],"replies":[{"embeddable":true,"href":"https:\/\/www.europesays.com\/fr\/wp-json\/wp\/v2\/comments?post=435031"}],"version-history":[{"count":0,"href":"https:\/\/www.europesays.com\/fr\/wp-json\/wp\/v2\/posts\/435031\/revisions"}],"wp:featuredmedia":[{"embeddable":true,"href":"https:\/\/www.europesays.com\/fr\/wp-json\/wp\/v2\/media\/435032"}],"wp:attachment":[{"href":"https:\/\/www.europesays.com\/fr\/wp-json\/wp\/v2\/media?parent=435031"}],"wp:term":[{"taxonomy":"category","embeddable":true,"href":"https:\/\/www.europesays.com\/fr\/wp-json\/wp\/v2\/categories?post=435031"},{"taxonomy":"post_tag","embeddable":true,"href":"https:\/\/www.europesays.com\/fr\/wp-json\/wp\/v2\/tags?post=435031"}],"curies":[{"name":"wp","href":"https:\/\/api.w.org\/{rel}","templated":true}]}}