{"id":435046,"date":"2025-10-03T01:52:11","date_gmt":"2025-10-03T01:52:11","guid":{"rendered":"https:\/\/www.europesays.com\/fr\/435046\/"},"modified":"2025-10-03T01:52:11","modified_gmt":"2025-10-03T01:52:11","slug":"lois-boisson-annonce-son-forfait-pour-wuhan-et-revele-les-details-de-sa-blessure","status":"publish","type":"post","link":"https:\/\/www.europesays.com\/fr\/435046\/","title":{"rendered":"Lo\u00efs Boisson annonce son forfait pour Wuhan et r\u00e9v\u00e8le les d\u00e9tails de sa blessure"},"content":{"rendered":"<p>                <img decoding=\"async\" src=\"https:\/\/www.europesays.com\/fr\/wp-content\/uploads\/2025\/10\/1fAD.jpg\" fetchpriority=\"high\" alt=\"Lo\u00efs Boisson annonce son forfait pour Wuhan et r\u00e9v\u00e8le les d\u00e9tails de sa blessure\"\/><\/p>\n<p>C\u2019est d\u00e9sormais officiel : Lo\u00efs Boisson ne disputera pas le WTA 1000 de Wuhan (du 6 au 12 octobre). La joueuse fran\u00e7aise, contrainte \u00e0 l\u2019abandon en plein match \u00e0 P\u00e9kin, souffre d\u2019une d\u00e9chirure au quadriceps gauche, selon un message post\u00e9 sur son compte Instagram.<\/p>\n<p>\u00ab Les examens que j&rsquo;ai pass\u00e9s apr\u00e8s mon troisi\u00e8me tour \u00e0 P\u00e9kin ont montr\u00e9 une d\u00e9chirure au quadriceps gauche, par cons\u00e9quent, je ne pourrai pas participer au tournoi de Wuhan la semaine prochaine. Je vais tout faire pour pouvoir jouer encore des tournois en 2025. Merci pour tous les messages de soutien. \u00bb<\/p>\n<p>Pour rappel, apr\u00e8s deux victoires, dont une face \u00e0 la 21e mondiale, Samsonova, Boisson avait d\u00fb abandonner \u00e0 6-2, 1-0 lors de son troisi\u00e8me tour contre Emma Navarro \u00e0 P\u00e9kin.<\/p>\n","protected":false},"excerpt":{"rendered":"C\u2019est d\u00e9sormais officiel : Lo\u00efs Boisson ne disputera pas le WTA 1000 de Wuhan (du 6 au 12&hellip;\n","protected":false},"author":2,"featured_media":435047,"comment_status":"","ping_status":"","sticky":false,"template":"","format":"standard","meta":{"footnotes":""},"categories":[1415],"tags":[1011,27,60,1467],"class_list":{"0":"post-435046","1":"post","2":"type-post","3":"status-publish","4":"format-standard","5":"has-post-thumbnail","7":"category-tennis","8":"tag-fr","9":"tag-france","10":"tag-sports","11":"tag-tennis"},"share_on_mastodon":{"url":"https:\/\/pubeurope.com\/@fr\/115307737864553471","error":""},"_links":{"self":[{"href":"https:\/\/www.europesays.com\/fr\/wp-json\/wp\/v2\/posts\/435046","targetHints":{"allow":["GET"]}}],"collection":[{"href":"https:\/\/www.europesays.com\/fr\/wp-json\/wp\/v2\/posts"}],"about":[{"href":"https:\/\/www.europesays.com\/fr\/wp-json\/wp\/v2\/types\/post"}],"author":[{"embeddable":true,"href":"https:\/\/www.europesays.com\/fr\/wp-json\/wp\/v2\/users\/2"}],"replies":[{"embeddable":true,"href":"https:\/\/www.europesays.com\/fr\/wp-json\/wp\/v2\/comments?post=435046"}],"version-history":[{"count":0,"href":"https:\/\/www.europesays.com\/fr\/wp-json\/wp\/v2\/posts\/435046\/revisions"}],"wp:featuredmedia":[{"embeddable":true,"href":"https:\/\/www.europesays.com\/fr\/wp-json\/wp\/v2\/media\/435047"}],"wp:attachment":[{"href":"https:\/\/www.europesays.com\/fr\/wp-json\/wp\/v2\/media?parent=435046"}],"wp:term":[{"taxonomy":"category","embeddable":true,"href":"https:\/\/www.europesays.com\/fr\/wp-json\/wp\/v2\/categories?post=435046"},{"taxonomy":"post_tag","embeddable":true,"href":"https:\/\/www.europesays.com\/fr\/wp-json\/wp\/v2\/tags?post=435046"}],"curies":[{"name":"wp","href":"https:\/\/api.w.org\/{rel}","templated":true}]}}