{"id":435048,"date":"2025-10-03T01:54:18","date_gmt":"2025-10-03T01:54:18","guid":{"rendered":"https:\/\/www.europesays.com\/fr\/435048\/"},"modified":"2025-10-03T01:54:18","modified_gmt":"2025-10-03T01:54:18","slug":"quartararo-balance-sur-des-tensions-le-concernant-chez-yamaha","status":"publish","type":"post","link":"https:\/\/www.europesays.com\/fr\/435048\/","title":{"rendered":"Quartararo balance sur des tensions le concernant chez Yamaha"},"content":{"rendered":"<p>Fabio Quartararo est un pilote plus que cash et il est r\u00e9put\u00e9 pour sa franchise qui peut \u00eatre tr\u00e8s piquante. Le champion du monde 2021 n&rsquo;h\u00e9site jamais \u00e0 dire ce qu&rsquo;il pense et il en a encore fait la d\u00e9monstration ces derni\u00e8res heures. Devant la presse, et dans des propos relay\u00e9s par Motorsport.com, le Ni\u00e7ois a avou\u00e9 que des tensions le concernant \u00e9taient pr\u00e9sentes chez Yamaha avec certains ing\u00e9nieurs. D\u00e9sireux d&rsquo;obtenir la meilleure machine possible, et voyant que sa M1 n&rsquo;\u00e9volue pas depuis plusieurs saisons, Quartararo met la pression dans son \u00e9curie. Et il a donc avou\u00e9 que des tensions existent entre lui et des ing\u00e9nieurs, tout en assurant que l&rsquo;ambiance au sein du garage reste top et que tout se passe bien avec son \u00e9quipe.<\/p>\n<p>Quartararo tr\u00e8s cash au sujet des tensions avec les ing\u00e9nieurs<\/p>\n<p>\u00ab\u00a0Actuellement, le mat\u00e9riel que l&rsquo;on a, c&rsquo;est s\u00fbr que \u00e7a ne nous donne pas du tout la chance de se battre pour un top 5 au championnat. Il faut travailler sur \u00e7a, et c&rsquo;est pour \u00e7a que je pousse les ing\u00e9nieurs pour avoir une meilleure moto pour l&rsquo;ann\u00e9e prochaine. Mon \u00e9quipe \u00e0 moi, ils font de leur mieux. Le m\u00e9cano, il travaille super bien, mon ing\u00e9nieur en chef, il fait le maximum pour me donner le meilleur feeling possible, mais ce n&rsquo;est pas eux qui doivent d\u00e9velopper la moto, ce n&rsquo;est pas eux qui doivent sortir un nouveau moteur, ce n&rsquo;est pas eux qui doivent sortir les performances. Donc l&rsquo;ambiance est bonne. Ensuite, avec certaines personnes, c&rsquo;est s\u00fbr que l&rsquo;ambiance est un peu plus tendue, mais je sais avec qui je dois passer le plus de temps dans le box, et l&rsquo;ambiance est top\u00a0\u00bb, a confi\u00e9 El Diablo, ne souhaitant pas dessiner un tableau tout rose chez Yamaha.<\/p>\n<p>En qu\u00eate de renouveau et surtout d&rsquo;am\u00e9lioration afin de se battre pour le titre en 2026, Quartararo n&rsquo;h\u00e9site pas \u00e0 monter au cr\u00e9neau face aux ing\u00e9nieurs et \u00e0 conna\u00eetre des frictions avec eux. Car il sait qu&rsquo;au fond, tout le monde travaille dans le m\u00eame objectif de succ\u00e8s et si cela doit passer par des tensions, alors il est pr\u00eat \u00e0 hausser le ton.<\/p>\n<p>   Partagez cette info avec vos amis et vos proches en cliquant ici<br \/> Pour r\u00e9sumer<\/p>\n<p>Fabio Quartararo est un pilote plus que cash et il est r\u00e9put\u00e9 pour sa franchise qui peut \u00eatre tr\u00e8s piquante. Le champion du monde 2021 n&rsquo;h\u00e9site jamais \u00e0 dire ce qu&rsquo;il pense et il en a encore fait la d\u00e9monstration ces derni\u00e8res heures.<\/p>\n<p>R\u00e9dacteur<\/p>\n<p><img decoding=\"async\" width=\"76\" height=\"76\" loading=\"lazy\" src=\"https:\/\/www.europesays.com\/fr\/wp-content\/uploads\/2025\/06\/logo-victor-willems.jpg\" alt=\"Victor Willems\"\/><\/p>\n","protected":false},"excerpt":{"rendered":"Fabio Quartararo est un pilote plus que cash et il est r\u00e9put\u00e9 pour sa franchise qui peut \u00eatre&hellip;\n","protected":false},"author":2,"featured_media":435049,"comment_status":"","ping_status":"","sticky":false,"template":"","format":"standard","meta":{"footnotes":""},"categories":[1413],"tags":[1011,27,1457,1456,60],"class_list":{"0":"post-435048","1":"post","2":"type-post","3":"status-publish","4":"format-standard","5":"has-post-thumbnail","7":"category-moto","8":"tag-fr","9":"tag-france","10":"tag-moto","11":"tag-motocycle","12":"tag-sports"},"share_on_mastodon":{"url":"https:\/\/pubeurope.com\/@fr\/115307745742725705","error":""},"_links":{"self":[{"href":"https:\/\/www.europesays.com\/fr\/wp-json\/wp\/v2\/posts\/435048","targetHints":{"allow":["GET"]}}],"collection":[{"href":"https:\/\/www.europesays.com\/fr\/wp-json\/wp\/v2\/posts"}],"about":[{"href":"https:\/\/www.europesays.com\/fr\/wp-json\/wp\/v2\/types\/post"}],"author":[{"embeddable":true,"href":"https:\/\/www.europesays.com\/fr\/wp-json\/wp\/v2\/users\/2"}],"replies":[{"embeddable":true,"href":"https:\/\/www.europesays.com\/fr\/wp-json\/wp\/v2\/comments?post=435048"}],"version-history":[{"count":0,"href":"https:\/\/www.europesays.com\/fr\/wp-json\/wp\/v2\/posts\/435048\/revisions"}],"wp:featuredmedia":[{"embeddable":true,"href":"https:\/\/www.europesays.com\/fr\/wp-json\/wp\/v2\/media\/435049"}],"wp:attachment":[{"href":"https:\/\/www.europesays.com\/fr\/wp-json\/wp\/v2\/media?parent=435048"}],"wp:term":[{"taxonomy":"category","embeddable":true,"href":"https:\/\/www.europesays.com\/fr\/wp-json\/wp\/v2\/categories?post=435048"},{"taxonomy":"post_tag","embeddable":true,"href":"https:\/\/www.europesays.com\/fr\/wp-json\/wp\/v2\/tags?post=435048"}],"curies":[{"name":"wp","href":"https:\/\/api.w.org\/{rel}","templated":true}]}}