{"id":435050,"date":"2025-10-03T01:55:12","date_gmt":"2025-10-03T01:55:12","guid":{"rendered":"https:\/\/www.europesays.com\/fr\/435050\/"},"modified":"2025-10-03T01:55:12","modified_gmt":"2025-10-03T01:55:12","slug":"f1-un-francais-recale-le-psg","status":"publish","type":"post","link":"https:\/\/www.europesays.com\/fr\/435050\/","title":{"rendered":"F1 : Un Fran\u00e7ais recale le PSG !"},"content":{"rendered":"<p>                    Thibault Morlain<br \/>\n                        &#8211;<\/p>\n<p>Journaliste<\/p>\n<p>Apr\u00e8s s\u2019\u00eatre essay\u00e9 \u00e0 diff\u00e9rents sports, Thibault se tourne vers une carri\u00e8re de footballeur amateur. Au moment de faire un choix entre devenir footballeur professionnel et journaliste, les qualit\u00e9s ont fait pencher la balance d\u2019un c\u00f4t\u00e9. Le voil\u00e0 d\u00e9sormais au sein de la r\u00e9daction du 10 Sport, apr\u00e8s un dipl\u00f4me obtenu \u00e0 l\u2019Institut International de Communication de Paris.<\/p>\n<p class=\"heading\">A 21 ans, Isack Hadjar r\u00e9alise une tr\u00e8s grande premi\u00e8re saison en Formule 1. Au volant de sa Racing Bulls, le Fran\u00e7ais a m\u00eame d\u00e9j\u00e0 r\u00e9ussi \u00e0 d\u00e9crocher un podium, terminant 3\u00e8me lors du Grand Prix des Pays-Bas. Le premier d\u2019une longue s\u00e9rie pour Hadjar ? Le grand fan du PSG est d\u2019ailleurs pr\u00eat \u00e0 sacrifier une nouvelle Ligue des Champions pour connaitre une nouvelle fois cette \u00e9motion.\n<\/p>\n<p>En 2011, au moment de racheter le <strong>PSG<\/strong>, le Qatar avait clairement affich\u00e9 son objectif : remporter la Ligue des Champions. Il aura finalement fallu attendre 14 ans pour que le club de la capitale se retrouve sur le toit de l\u2019Europe. En effet, la saison derni\u00e8re, men\u00e9s par <strong>Ousmane Demb\u00e9l\u00e9<\/strong>, les Parisiens ont \u00e9cras\u00e9 leurs adversaires. Un succ\u00e8s tant attendu qui a fait le bonheur des supporters du <strong>PSG<\/strong>, <a href=\"https:\/\/le10sport.com\/formule1\/f1-verstappen-avec-hadjar-red-bull-confirme-759042\" target=\"_blank\" rel=\"noopener\">Isack Hadjar<\/a> y compris. Mais voil\u00e0 que pour une deuxi\u00e8me \u00e9toile, le pilote de Formule 1 n\u2019est pas forc\u00e9ment pr\u00eat \u00e0 tout. <\/p>\n<p>                                            Un podium en F1 ou une 2\u00e8me Ligue des Champions pour le PSG ? <\/p>\n<p>Si <strong>Isack Hadjar<\/strong> est un grand fan du <strong>PSG<\/strong>, il ne faut pas trop lui en demander pour une deuxi\u00e8me Ligue des Champions. En effet, dans une vid\u00e9o diffus\u00e9e par Eurosport, le pilote fran\u00e7ais actuellement chez <strong>Racing Bulls<\/strong> a balanc\u00e9 : \u00ab\u00a0Aujourd\u2019hui, si je devais \u00e9changer un podium contre une deuxi\u00e8me Ligue des Champions, est-ce que je le fais ? Honn\u00eatement, peut-\u00eatre que pour la premi\u00e8re \u00e9toile, pourquoi pas. Mais l\u00e0, ils l\u2019ont, je vais me concentrer sur moi\u00a0\u00bb. <\/p>\n<p>                                            \u00ab\u00a0Mon premier podium, et j&rsquo;esp\u00e8re qu&rsquo;il y aura encore plus \u00e0 venir\u00a0\u00bb<\/p>\n<p>Pas question donc de renoncer \u00e0 un podium pour <strong>Isack Hadjar<\/strong>. Le pilote <strong>Racing Bulls<\/strong> avait d\u2019ailleurs r\u00e9ussi \u00e0 se classer 3\u00e8me lors du dernier <strong>Grand Prix des Pays-Bas<\/strong>. Une performance suite \u00e0 laquelle le Fran\u00e7ais confiait : \u00ab\u00a0\u00c7a me semble irr\u00e9el. Ce qui me surprend le plus, c&rsquo;\u00e9tait de garder cette quatri\u00e8me place. Bien s\u00fbr, on a profit\u00e9 de l&rsquo;abandon devant nous mais on a commis aucune erreur. Je suis tr\u00e8s heureux de ce qu&rsquo;on a r\u00e9alis\u00e9, j&rsquo;ai tout maximis\u00e9 et fait aucune erreur. Je suis tellement heureux pour mon \u00e9quipe. \u00c7a a toujours \u00e9t\u00e9 mon objectif depuis que je suis petit. Ce n&rsquo;est que la premi\u00e8re \u00e9tape, mon premier podium, et j&rsquo;esp\u00e8re qu&rsquo;il y aura encore plus \u00e0 venir\u00a0\u00bb.  <\/p>\n","protected":false},"excerpt":{"rendered":"Thibault Morlain &#8211; Journaliste Apr\u00e8s s\u2019\u00eatre essay\u00e9 \u00e0 diff\u00e9rents sports, Thibault se tourne vers une carri\u00e8re de footballeur&hellip;\n","protected":false},"author":2,"featured_media":435051,"comment_status":"","ping_status":"","sticky":false,"template":"","format":"standard","meta":{"footnotes":""},"categories":[1412],"tags":[1451,1452,1453,1454,1455,1011,27,60],"class_list":{"0":"post-435050","1":"post","2":"type-post","3":"status-publish","4":"format-standard","5":"has-post-thumbnail","7":"category-f1","8":"tag-f1","9":"tag-formula-1","10":"tag-formula1","11":"tag-formule-1","12":"tag-formule1","13":"tag-fr","14":"tag-france","15":"tag-sports"},"share_on_mastodon":{"url":"https:\/\/pubeurope.com\/@fr\/115307749350760354","error":""},"_links":{"self":[{"href":"https:\/\/www.europesays.com\/fr\/wp-json\/wp\/v2\/posts\/435050","targetHints":{"allow":["GET"]}}],"collection":[{"href":"https:\/\/www.europesays.com\/fr\/wp-json\/wp\/v2\/posts"}],"about":[{"href":"https:\/\/www.europesays.com\/fr\/wp-json\/wp\/v2\/types\/post"}],"author":[{"embeddable":true,"href":"https:\/\/www.europesays.com\/fr\/wp-json\/wp\/v2\/users\/2"}],"replies":[{"embeddable":true,"href":"https:\/\/www.europesays.com\/fr\/wp-json\/wp\/v2\/comments?post=435050"}],"version-history":[{"count":0,"href":"https:\/\/www.europesays.com\/fr\/wp-json\/wp\/v2\/posts\/435050\/revisions"}],"wp:featuredmedia":[{"embeddable":true,"href":"https:\/\/www.europesays.com\/fr\/wp-json\/wp\/v2\/media\/435051"}],"wp:attachment":[{"href":"https:\/\/www.europesays.com\/fr\/wp-json\/wp\/v2\/media?parent=435050"}],"wp:term":[{"taxonomy":"category","embeddable":true,"href":"https:\/\/www.europesays.com\/fr\/wp-json\/wp\/v2\/categories?post=435050"},{"taxonomy":"post_tag","embeddable":true,"href":"https:\/\/www.europesays.com\/fr\/wp-json\/wp\/v2\/tags?post=435050"}],"curies":[{"name":"wp","href":"https:\/\/api.w.org\/{rel}","templated":true}]}}