{"id":435055,"date":"2025-10-03T01:58:13","date_gmt":"2025-10-03T01:58:13","guid":{"rendered":"https:\/\/www.europesays.com\/fr\/435055\/"},"modified":"2025-10-03T01:58:13","modified_gmt":"2025-10-03T01:58:13","slug":"marc-lavoine-pas-envie-de-mettre-les-gens-mal-a-laise-son-aveu-perturbant-a-michel-cymes","status":"publish","type":"post","link":"https:\/\/www.europesays.com\/fr\/435055\/","title":{"rendered":"Marc Lavoine : \u00ab\u00a0Pas envie de mettre les gens mal \u00e0 l&rsquo;aise\u00a0\u00bb, son aveu perturbant \u00e0 Michel Cymes"},"content":{"rendered":"<p>Dans un entretien intime publi\u00e9 le 28 septembre sur la cha\u00eene<br \/>\nYouTube Dr Good de <a href=\"https:\/\/www.closermag.fr\/people\/ils-ne-jouaient-pas-le-jeu-ces-deux-invites-dont-un-celebre-animateur-que-michel-cymes-a-failli-virer-dune-de-ses-emissions-3582964\" rel=\"nofollow noopener\" target=\"_blank\"><br \/>\nMichel Cymes<\/a>, <a href=\"https:\/\/www.closermag.fr\/people\/adriana-karembeu-et-marc-lavoine-il-a-mis-le-paquet-pour-la-seduire-et-cetait-meme-un-peu-trop-3583667\" rel=\"nofollow noopener\" target=\"_blank\"><br \/>\nMarc Lavoine<\/a> a livr\u00e9 un t\u00e9moignage<br \/>\n<strong>bouleversant<\/strong> autour de sa <strong>m\u00e8re<\/strong> et<br \/>\nde son parcours de vie. <a href=\"https:\/\/www.closermag.fr\/people\/marc-lavoine-et-sarah-poniatowski-leur-fille-jasmine-jalouse-elle-evoque-la-rupture-de-ses-parents-3565465\" rel=\"nofollow noopener\" target=\"_blank\"><br \/>\nL\u2019artiste de 62 ans<\/a> est revenu sur son nouveau livre Quand<br \/>\narrivent les chevaux\u00a0inspir\u00e9 par sa relation fusionnelle<br \/>\navec elle et par le <strong>deuil<\/strong> qu\u2019il a mis dix ans \u00e0<br \/>\ntraverser.<\/p>\n<p>\u201cTant que <strong>je n\u2019avais pas sorti ce livre, je n\u2019avais<br \/>\npas fait le deuil<\/strong>.\u201d confie-t-il en expliquant qu\u2019il<br \/>\navait laiss\u00e9 son manuscrit sur son bureau depuis la disparition de<br \/>\nsa m\u00e8re en 2013. Au fil de la conversation, le chanteur se confie<br \/>\nsur sa <strong>culpabilit\u00e9<\/strong> et son sentiment<br \/>\n<strong>d\u2019\u00e9chec.<\/strong>\u00a0\u201cAu d\u00e9but, je porte tout sur mes<br \/>\n\u00e9paules, c\u2019est de <strong>ma faute si ma m\u00e8re est morte.<\/strong><br \/>\nMais non, je ne suis <strong>pas le centre du<br \/>\nmonde<\/strong><strong>.\u201d<\/strong><\/p>\n<p>Marc Lavoine fait un aveu perturbant sur sa vie<br \/>\npersonnelle<\/p>\n<p>Si son travail l\u2019a toujours prot\u00e9g\u00e9, Marc Lavoine reconna\u00eet<br \/>\navoir travers\u00e9 de <strong>grandes fragilit\u00e9s.<\/strong> \u00c0 Michel<br \/>\nCymes, il l\u00e2che un aveu d\u00e9sarmant : \u201cJe n\u2019ai pas envie de<br \/>\n<strong>mettre les gens mal \u00e0 l\u2019aise<\/strong>, mais il est vrai<br \/>\n<strong>qu\u2019en dehors du travail\u2026 j\u2019ai rat\u00e9 ma vie<\/strong> d\u2019une<br \/>\ncertaine fa\u00e7on.\u201d Une <strong>confession<\/strong> lourde de<br \/>\nsens que l\u2019artiste temp\u00e8re toutefois en soulignant que son<br \/>\n<strong>art lui a sauv\u00e9 la vie.<\/strong> \u201cJ\u2019ai toujours<br \/>\n<strong>prot\u00e9g\u00e9 mon espace de travail<\/strong>. C\u2019est ce qui fait<br \/>\nque je <strong>suis encore vivant<br \/>\naujourd\u2019hui.<\/strong><strong>\u201d<\/strong><\/p>\n<p>Aujourd\u2019hui, <a href=\"https:\/\/www.closermag.fr\/people\/adriana-karembeu-et-marc-lavoine-a-monaco-le-couple-saffiche-plus-amoureux-que-jamais-3579242\" rel=\"nofollow noopener\" target=\"_blank\"><br \/>\nl\u2019interpr\u00e8te de Elle a les yeux revolver<\/a> dit<br \/>\nred\u00e9couvrir une autre <strong>lumi\u00e8re<\/strong>. Il s\u2019appr\u00eate \u00e0<br \/>\nmonter sur sc\u00e8ne aux c\u00f4t\u00e9s de B\u00e9atrice Dalle et partage sa vie avec<br \/>\n<a href=\"https:\/\/www.closermag.fr\/people\/marc-lavoine-adriana-karembeu-naurait-pas-une-place-exclusive-dans-son-coeur-jai-connu-un-mec-qui-3534741\" rel=\"nofollow noopener\" target=\"_blank\"><br \/>\nAdriana Karembeu<\/a>, un bonheur valid\u00e9 par ses enfants :<br \/>\n\u201c<strong>Papa, t\u2019as p\u00each\u00e9 le bon poisson<\/strong>.\u201d lui a<br \/>\nlanc\u00e9 l\u2019un de ses fils. De quoi rassurer le chanteur sur son<br \/>\n<strong>\u00e9quilibre<\/strong> et marquer le d\u00e9but d\u2019un nouveau<br \/>\nchapitre.<\/p>\n<p>Entre fragilit\u00e9 et renaissance : le<br \/>\nchanteur commence une seconde vie<\/p>\n<p>\u00c0 travers ses confidences, Marc Lavoine montre qu\u2019il reste en<br \/>\nqu\u00eate de <strong>r\u00e9ponses<\/strong>, m\u00eame \u00e0 62 ans.<br \/>\n<strong>Culpabilit\u00e9, douleur du deuil et volont\u00e9 de<br \/>\ntransmission<\/strong>, il se red\u00e9couvre en <strong>homme fragilis\u00e9<br \/>\nmais pr\u00eat \u00e0 avancer<\/strong>. Son t\u00e9moignage a touch\u00e9 ses lecteurs<br \/>\nautant que son public.<\/p>\n<p>Comme l\u2019a soulign\u00e9 une admiratrice lors d\u2019une s\u00e9ance de<br \/>\nd\u00e9dicaces : \u201cVotre livre m\u2019a <strong>aid\u00e9e \u00e0 traverser la perte<br \/>\nde mes enfants<\/strong>.\u201d Des mots qui ont profond\u00e9ment marqu\u00e9<br \/>\nl\u2019artiste. \u201cJe me rends compte qu\u2019il y a <strong>pire que de<br \/>\nperdre sa m\u00e8re, c\u2019est de perdre son enfant<\/strong>\u2026\u201d<\/p>\n","protected":false},"excerpt":{"rendered":"Dans un entretien intime publi\u00e9 le 28 septembre sur la cha\u00eene YouTube Dr Good de Michel Cymes, Marc&hellip;\n","protected":false},"author":2,"featured_media":435056,"comment_status":"","ping_status":"","sticky":false,"template":"","format":"standard","meta":{"footnotes":""},"categories":[1359],"tags":[6382,58,59,1011,27,7593,11712,973],"class_list":{"0":"post-435055","1":"post","2":"type-post","3":"status-publish","4":"format-standard","5":"has-post-thumbnail","7":"category-people","8":"tag-adriana-karembeu","9":"tag-divertissement","10":"tag-entertainment","11":"tag-fr","12":"tag-france","13":"tag-marc-lavoine","14":"tag-michel-cymes","15":"tag-people"},"share_on_mastodon":{"url":"https:\/\/pubeurope.com\/@fr\/115307761115049845","error":""},"_links":{"self":[{"href":"https:\/\/www.europesays.com\/fr\/wp-json\/wp\/v2\/posts\/435055","targetHints":{"allow":["GET"]}}],"collection":[{"href":"https:\/\/www.europesays.com\/fr\/wp-json\/wp\/v2\/posts"}],"about":[{"href":"https:\/\/www.europesays.com\/fr\/wp-json\/wp\/v2\/types\/post"}],"author":[{"embeddable":true,"href":"https:\/\/www.europesays.com\/fr\/wp-json\/wp\/v2\/users\/2"}],"replies":[{"embeddable":true,"href":"https:\/\/www.europesays.com\/fr\/wp-json\/wp\/v2\/comments?post=435055"}],"version-history":[{"count":0,"href":"https:\/\/www.europesays.com\/fr\/wp-json\/wp\/v2\/posts\/435055\/revisions"}],"wp:featuredmedia":[{"embeddable":true,"href":"https:\/\/www.europesays.com\/fr\/wp-json\/wp\/v2\/media\/435056"}],"wp:attachment":[{"href":"https:\/\/www.europesays.com\/fr\/wp-json\/wp\/v2\/media?parent=435055"}],"wp:term":[{"taxonomy":"category","embeddable":true,"href":"https:\/\/www.europesays.com\/fr\/wp-json\/wp\/v2\/categories?post=435055"},{"taxonomy":"post_tag","embeddable":true,"href":"https:\/\/www.europesays.com\/fr\/wp-json\/wp\/v2\/tags?post=435055"}],"curies":[{"name":"wp","href":"https:\/\/api.w.org\/{rel}","templated":true}]}}