{"id":435061,"date":"2025-10-03T02:01:13","date_gmt":"2025-10-03T02:01:13","guid":{"rendered":"https:\/\/www.europesays.com\/fr\/435061\/"},"modified":"2025-10-03T02:01:13","modified_gmt":"2025-10-03T02:01:13","slug":"enquete-en-famille-serie-tf1","status":"publish","type":"post","link":"https:\/\/www.europesays.com\/fr\/435061\/","title":{"rendered":"Enqu\u00eate en famille (S\u00e9rie) | TF1+"},"content":{"rendered":"<p>Informations<\/p>\n<p class=\"default-2\">Un couple de quincaillers bretons, Claire et Philippe Rochette (Cl\u00e9mentine C\u00e9lari\u00e9 et Bernard Le Coq), sont fous de s\u00e9ries et de romans policiers. Pour assouvir leur passion, ils vont faire muter leur fille Charline (Na\u00efma Rodric), capitaine de police, de Paris \u00e0 Rennes, afin de s\u2019immiscer dans ses enqu\u00eates. Charline n\u2019a pas besoin d\u2019eux pour les r\u00e9soudre mais eux, pensent que oui : ils enqu\u00eateront en famille !<\/p>\n<p>Langues et sous-titres<\/p>\n<p>Disponible sur certains \u00e9pisodes\/\u00e9missions<\/p>\n<p>Casting<\/p>\n<p class=\"default-2 text-secondary flex\">Cl\u00e9mentine C\u00e9lari\u00e9, Bernard Le Coq, Naima Rodric, Noom Diawara, Charlotte Gaccio, Marc Ruchmann, Didier B\u00e9nureau, Alexandra Cismondi, Gabrielle Chabot, Herv\u00e9 Mahieux<\/p>\n<p>R\u00e9alis\u00e9 par<\/p>\n<p class=\"default-2 text-secondary flex\">Dominique Farrugia<\/p>\n","protected":false},"excerpt":{"rendered":"Informations Un couple de quincaillers bretons, Claire et Philippe Rochette (Cl\u00e9mentine C\u00e9lari\u00e9 et Bernard Le Coq), sont fous&hellip;\n","protected":false},"author":2,"featured_media":435062,"comment_status":"","ping_status":"","sticky":false,"template":"","format":"standard","meta":{"footnotes":""},"categories":[1356],"tags":[58,56257,56263,56258,56264,59,1011,27,56260,56261,56262,252,56259,56265,1364],"class_list":{"0":"post-435061","1":"post","2":"type-post","3":"status-publish","4":"format-standard","5":"has-post-thumbnail","7":"category-television","8":"tag-divertissement","9":"tag-enquete-en-famille-serie","10":"tag-enquete-en-famille-serie-streaming","11":"tag-enquete-en-famille-serie-tf1","12":"tag-enquete-en-famille-serie-tf1-streaming","13":"tag-entertainment","14":"tag-fr","15":"tag-france","16":"tag-streaming-enquete-en-famille-serie","17":"tag-streaming-enquete-en-famille-serie-tf1","18":"tag-streaming-tf1-enquete-en-famille-serie","19":"tag-television","20":"tag-tf1-enquete-en-famille-serie","21":"tag-tf1-enquete-en-famille-serie-streaming","22":"tag-tv"},"share_on_mastodon":{"url":"https:\/\/pubeurope.com\/@fr\/115307772927516721","error":""},"_links":{"self":[{"href":"https:\/\/www.europesays.com\/fr\/wp-json\/wp\/v2\/posts\/435061","targetHints":{"allow":["GET"]}}],"collection":[{"href":"https:\/\/www.europesays.com\/fr\/wp-json\/wp\/v2\/posts"}],"about":[{"href":"https:\/\/www.europesays.com\/fr\/wp-json\/wp\/v2\/types\/post"}],"author":[{"embeddable":true,"href":"https:\/\/www.europesays.com\/fr\/wp-json\/wp\/v2\/users\/2"}],"replies":[{"embeddable":true,"href":"https:\/\/www.europesays.com\/fr\/wp-json\/wp\/v2\/comments?post=435061"}],"version-history":[{"count":0,"href":"https:\/\/www.europesays.com\/fr\/wp-json\/wp\/v2\/posts\/435061\/revisions"}],"wp:featuredmedia":[{"embeddable":true,"href":"https:\/\/www.europesays.com\/fr\/wp-json\/wp\/v2\/media\/435062"}],"wp:attachment":[{"href":"https:\/\/www.europesays.com\/fr\/wp-json\/wp\/v2\/media?parent=435061"}],"wp:term":[{"taxonomy":"category","embeddable":true,"href":"https:\/\/www.europesays.com\/fr\/wp-json\/wp\/v2\/categories?post=435061"},{"taxonomy":"post_tag","embeddable":true,"href":"https:\/\/www.europesays.com\/fr\/wp-json\/wp\/v2\/tags?post=435061"}],"curies":[{"name":"wp","href":"https:\/\/api.w.org\/{rel}","templated":true}]}}