{"id":435068,"date":"2025-10-03T02:05:11","date_gmt":"2025-10-03T02:05:11","guid":{"rendered":"https:\/\/www.europesays.com\/fr\/435068\/"},"modified":"2025-10-03T02:05:11","modified_gmt":"2025-10-03T02:05:11","slug":"face-a-la-roma-le-losc-cree-lexploit-0-1-grace-a-un-ozer-heroique-qui-a-bloque-trois-penalties","status":"publish","type":"post","link":"https:\/\/www.europesays.com\/fr\/435068\/","title":{"rendered":"Face \u00e0 la Roma, le LOSC cr\u00e9e l\u2019exploit (0-1) gr\u00e2ce \u00e0 un \u00d6zer h\u00e9ro\u00efque qui a bloqu\u00e9 trois penalties"},"content":{"rendered":"<p>C\u2019est un soir qui restera grav\u00e9 dans l\u2019histoire europ\u00e9enne du <a href=\"https:\/\/www.20minutes.fr\/sport\/losc\/\" target=\"_blank\" class=\"c-link c-link--is-underlined\" rel=\"noopener\">LOSC<\/a>. \u00c0 l\u2019Olimpico, les Dogues ont fait plier ce jeudi l\u2019<a href=\"https:\/\/www.20minutes.fr\/dossier\/rome\" target=\"_blank\" class=\"c-link c-link--is-underlined\" rel=\"noopener\">AS Rome<\/a> (1-0) lors de la 2e journ\u00e9e de <a href=\"https:\/\/www.20minutes.fr\/sport\/ligue_europa\/\" target=\"_blank\" class=\"c-link c-link--is-underlined\" rel=\"noopener\">Ligue Europa<\/a>, au terme d\u2019un match renversant marqu\u00e9 par trois penalties conc\u00e9d\u00e9s et trois arr\u00eats d\u00e9cisifs d\u2019un gardien en \u00e9tat de gr\u00e2ce\u00a0: \u00d6zer. Un succ\u00e8s qui permet aux hommes de Bruno Genesio d\u2019afficher un bilan parfait, deux victoires en deux rencontres.<\/p>\n<p>La rencontre n\u2019a pas mis longtemps \u00e0 s\u2019emballer. D\u00e8s la 6e minute, Haraldsson a r\u00e9compens\u00e9 le pressing haut de ses partenaires nordistes. Sur une r\u00e9cup\u00e9ration de Thomas Meunier et une transmission de Correia, l\u2019Islandais a arm\u00e9 une frappe puissante du droit, sous la barre, pour donner l\u2019avantage aux Nordistes. Men\u00e9s d\u2019entr\u00e9e, les Romains ont tent\u00e9 de r\u00e9agir, mais se sont heurt\u00e9s \u00e0 une \u00e9quipe lilloise solide dans les duels et parfaitement organis\u00e9e. Bouaddi, omnipr\u00e9sent au milieu, a encore confirm\u00e9 tout son potentiel.<\/p>\n<p>La folie des penalties et la soir\u00e9e d\u2019\u00d6zer<\/p>\n<p>La seconde p\u00e9riode a bascul\u00e9 dans l\u2019irr\u00e9el. Entre la 81e et la 85e minute, l\u2019arbitre Erik Lambrechts a siffl\u00e9 trois penalties cons\u00e9cutifs en faveur de la Louve, apr\u00e8s des mains de Mandi et une entr\u00e9e anticip\u00e9e dans la surface. Dovbyk puis Soul\u00e9 se sont pr\u00e9sent\u00e9s face \u00e0 Berke \u00d6zer. A chaque fois, le gardien lillois a plong\u00e9 du bon c\u00f4t\u00e9 pour repousser les tentatives adverses, confirmant son incroyable sang-froid.<\/p>\n<\/p>\n<p>Jamais dans son histoire r\u00e9cente le LOSC n\u2019avait connu un tel sc\u00e9nario europ\u00e9en\u00a0avec un portier infranchissable, devenu le cauchemar des Romains dans leur propre stade.<\/p>\n<p>Les Dogues au mental d\u2019acier<\/p>\n<p>Si la Roma a tent\u00e9 de pousser jusqu\u2019au bout, \u00e0 l\u2019image des frappes lointaines de Kon\u00e9 ou des percussions de Soul\u00e9, Lille n\u2019a jamais craqu\u00e9. L\u2019entr\u00e9e d\u2019Igamane a apport\u00e9 de la fra\u00eecheur en attaque, Fernandez-Pardo a inqui\u00e9t\u00e9 Svilar en contre, et toute l\u2019\u00e9quipe a fait bloc dans les derni\u00e8res minutes. A l\u2019image de leurs supporters pr\u00e9sents dans les gradins, les Lillois ont exult\u00e9 au coup de sifflet final.<\/p>\n<p><a href=\"https:\/\/www.20minutes.fr\/sport\/ligue_europa\/\" target=\"_blank\" class=\"c-link c-btn c-btn--primary\" rel=\"noopener\">Notre dossier sur Ligue Europa<\/a><\/p>\n<p>Avec deux victoires en deux journ\u00e9es, le LOSC signe un d\u00e9part parfait dans sa campagne de Ligue Europa et s\u2019affirme d\u00e9j\u00e0 comme un candidat s\u00e9rieux \u00e0 la premi\u00e8re place de son groupe. Surtout, ce succ\u00e8s \u00e0 Rome symbolise l\u2019identit\u00e9 de ce Lille nouvelle version. De son c\u00f4t\u00e9, <a href=\"https:\/\/www.20minutes.fr\/sport\/ogc_nice\/\" target=\"_blank\" class=\"c-link c-link--is-underlined\" rel=\"noopener\">Nice<\/a> s\u2019est inclin\u00e9 (2-1) face \u00e0 <a href=\"https:\/\/www.20minutes.fr\/dossier\/fenerbahce\" target=\"_blank\" class=\"c-link c-link--is-underlined\" rel=\"noopener\">Fenerbah\u00e7e<\/a>.<\/p>\n","protected":false},"excerpt":{"rendered":"C\u2019est un soir qui restera grav\u00e9 dans l\u2019histoire europ\u00e9enne du LOSC. \u00c0 l\u2019Olimpico, les Dogues ont fait plier&hellip;\n","protected":false},"author":2,"featured_media":435069,"comment_status":"","ping_status":"","sticky":false,"template":"","format":"standard","meta":{"footnotes":""},"categories":[9],"tags":[8095,63,1011,27,8772,811,5843,1307,2854,1308,1309,49876,3499,517,60,455],"class_list":{"0":"post-435068","1":"post","2":"type-post","3":"status-publish","4":"format-standard","5":"has-post-thumbnail","7":"category-sports","8":"tag-bruno-genesio","9":"tag-football","10":"tag-fr","11":"tag-france","12":"tag-gardien","13":"tag-hauts-de-france","14":"tag-ligue-europa","15":"tag-lille","16":"tag-losc-lille","17":"tag-nord","18":"tag-nord-pas-de-calais","19":"tag-penalty","20":"tag-rome","21":"tag-sport","22":"tag-sports","23":"tag-uefa"},"share_on_mastodon":{"url":"https:\/\/pubeurope.com\/@fr\/115307788582767456","error":""},"_links":{"self":[{"href":"https:\/\/www.europesays.com\/fr\/wp-json\/wp\/v2\/posts\/435068","targetHints":{"allow":["GET"]}}],"collection":[{"href":"https:\/\/www.europesays.com\/fr\/wp-json\/wp\/v2\/posts"}],"about":[{"href":"https:\/\/www.europesays.com\/fr\/wp-json\/wp\/v2\/types\/post"}],"author":[{"embeddable":true,"href":"https:\/\/www.europesays.com\/fr\/wp-json\/wp\/v2\/users\/2"}],"replies":[{"embeddable":true,"href":"https:\/\/www.europesays.com\/fr\/wp-json\/wp\/v2\/comments?post=435068"}],"version-history":[{"count":0,"href":"https:\/\/www.europesays.com\/fr\/wp-json\/wp\/v2\/posts\/435068\/revisions"}],"wp:featuredmedia":[{"embeddable":true,"href":"https:\/\/www.europesays.com\/fr\/wp-json\/wp\/v2\/media\/435069"}],"wp:attachment":[{"href":"https:\/\/www.europesays.com\/fr\/wp-json\/wp\/v2\/media?parent=435068"}],"wp:term":[{"taxonomy":"category","embeddable":true,"href":"https:\/\/www.europesays.com\/fr\/wp-json\/wp\/v2\/categories?post=435068"},{"taxonomy":"post_tag","embeddable":true,"href":"https:\/\/www.europesays.com\/fr\/wp-json\/wp\/v2\/tags?post=435068"}],"curies":[{"name":"wp","href":"https:\/\/api.w.org\/{rel}","templated":true}]}}