{"id":435074,"date":"2025-10-03T02:08:11","date_gmt":"2025-10-03T02:08:11","guid":{"rendered":"https:\/\/www.europesays.com\/fr\/435074\/"},"modified":"2025-10-03T02:08:11","modified_gmt":"2025-10-03T02:08:11","slug":"lextreme-droite-specule-au-pays-basque","status":"publish","type":"post","link":"https:\/\/www.europesays.com\/fr\/435074\/","title":{"rendered":"\u00ab\u00a0L\u2019extr\u00eame droite sp\u00e9cule au Pays basque\u00a0\u00bb"},"content":{"rendered":"<p>L\u2019ancienne capitainerie luzienne a soudain perdu de sa superbe. 17\u00a0heures, ce jeudi 2\u00a0octobre. L\u2019immense villa de style n\u00e9o-basque situ\u00e9e sur le front de mer vient d\u2019\u00eatre en partie recouverte de deux larges banderoles. L\u2019\u0153uvre de militants abertzale (ind\u00e9pendantistes) du groupe politique EH\u00a0Bai, venus d\u00e9noncer sa mise en vente \u00ab\u00a0\u00e0 un prix ind\u00e9cent\u00a0\u00bb par le milliardaire d\u2019extr\u00eame droite Pierre-\u00c9douard St\u00e9rin. <a href=\"https:\/\/www.sudouest.fr\/pyrenees-atlantiques\/bayonne\/saint-jean-de-luz-la-villa-ugaina-remportee-aux-encheres-pour-6-millions-d-euros-7694751.php\" target=\"_blank\" rel=\"follow nofollow noopener\">Il en avait fait l\u2019acquisition en 2022<\/a> aupr\u00e8s de l\u2019\u00c9tat, apr\u00e8s ench\u00e8res, pour 6\u00a0millions d\u2019euros. Elle a \u00e9t\u00e9 remise sur le march\u00e9 autour de\u00a016 (pr\u00e9cis\u00e9ment 15,9\u00a0millions sur le site de l\u2019agence immobili\u00e8re sp\u00e9cialis\u00e9e dans le luxe Barnes). Message diffus\u00e9 par les activistes aux passants de la Grande plage\u00a0: \u00ab\u00a0L\u2019extr\u00eame droite sp\u00e9cule au Pays basque\u00a0\u00bb.<\/p>\n<p>\u00ab\u00a0Il s\u2019agit d\u2019une vente sp\u00e9culative d\u2019une r\u00e9sidence secondaire faite sur le dos de l\u2019\u00c9tat fran\u00e7ais. D\u2019autant plus d\u00e9testable qu\u2019elle est r\u00e9alis\u00e9e par un milliardaire \u00e9vad\u00e9 fiscal qui se dit patriote. On voit toute l\u2019absurdit\u00e9 d\u2019une telle d\u00e9finition. Et cette plus-value va servir \u00e0 financer des projets et m\u00e9dias d\u2019extr\u00eame droite\u00a0\u00bb, a d\u00e9nonc\u00e9 la porte-parole d\u2019EH\u00a0Bai Gaby Arestegui.<\/p>\n<p>\u00ab\u00a0Entre 1 et 2\u00a0millions de plus-value\u00a0\u00bb<\/p>\n<p>\u00c0 ses c\u00f4t\u00e9s, l\u2019\u00e9lu municipal abertzale de Saint-Jean-de-Luz Hugo-Luc Maillos a fustig\u00e9 une d\u00e9rive des prix de l\u2019immobilier plus g\u00e9n\u00e9rale dans sa commune\u00a0: \u00ab\u00a0Cela fait vingt ans que l\u2019on nous dit que la sp\u00e9culation va s\u2019arr\u00eater, mais c\u2019est la preuve que non. La maison de l\u2019Infante est en vente \u00e0 10\u00a0millions, et il y a une dizaine d\u2019autres maisons \u00e0 plus de\u00a04.\u00a0\u00bb<\/p>\n<p>Pour le cas de la villa Uga\u00efna de Pierre-\u00c9douard St\u00e9rin, des travaux ont \u00e9t\u00e9 effectu\u00e9s\u00a0: \u00ab\u00a0Plus de 5\u00a0millions d\u2019euros, qui ont fait passer la surface habitable de 496\u00a0m\u00b2 \u00e0\u00a0700, renseigne le conseiller municipal d\u2019opposition. Au final, il va faire entre 1 et 2\u00a0millions de plus-value.\u00a0\u00bb<\/p>\n<p>\u00c0 court terme, les militants se f\u00e9licitent malgr\u00e9 tout du possible d\u00e9part de Pierre-\u00c9douard St\u00e9rin\u00a0: \u00ab\u00a0C\u2019est une bonne nouvelle qu\u2019il souhaite se d\u00e9faire de cette r\u00e9sidence secondaire. \u00c7a montre qu\u2019il n\u2019a pas r\u00e9ussi \u00e0 s\u2019implanter et qu\u2019au Pays basque, il est possible de faire partir l\u2019extr\u00eame droite.\u00a0\u00bb <\/p>\n","protected":false},"excerpt":{"rendered":"L\u2019ancienne capitainerie luzienne a soudain perdu de sa superbe. 17\u00a0heures, ce jeudi 2\u00a0octobre. L\u2019immense villa de style n\u00e9o-basque&hellip;\n","protected":false},"author":2,"featured_media":435075,"comment_status":"","ping_status":"","sticky":false,"template":"","format":"standard","meta":{"footnotes":""},"categories":[6],"tags":[35,33,34,1011,27],"class_list":{"0":"post-435074","1":"post","2":"type-post","3":"status-publish","4":"format-standard","5":"has-post-thumbnail","7":"category-economie","8":"tag-business","9":"tag-economie","10":"tag-economy","11":"tag-fr","12":"tag-france"},"share_on_mastodon":{"url":"https:\/\/pubeurope.com\/@fr\/115307800418479810","error":""},"_links":{"self":[{"href":"https:\/\/www.europesays.com\/fr\/wp-json\/wp\/v2\/posts\/435074","targetHints":{"allow":["GET"]}}],"collection":[{"href":"https:\/\/www.europesays.com\/fr\/wp-json\/wp\/v2\/posts"}],"about":[{"href":"https:\/\/www.europesays.com\/fr\/wp-json\/wp\/v2\/types\/post"}],"author":[{"embeddable":true,"href":"https:\/\/www.europesays.com\/fr\/wp-json\/wp\/v2\/users\/2"}],"replies":[{"embeddable":true,"href":"https:\/\/www.europesays.com\/fr\/wp-json\/wp\/v2\/comments?post=435074"}],"version-history":[{"count":0,"href":"https:\/\/www.europesays.com\/fr\/wp-json\/wp\/v2\/posts\/435074\/revisions"}],"wp:featuredmedia":[{"embeddable":true,"href":"https:\/\/www.europesays.com\/fr\/wp-json\/wp\/v2\/media\/435075"}],"wp:attachment":[{"href":"https:\/\/www.europesays.com\/fr\/wp-json\/wp\/v2\/media?parent=435074"}],"wp:term":[{"taxonomy":"category","embeddable":true,"href":"https:\/\/www.europesays.com\/fr\/wp-json\/wp\/v2\/categories?post=435074"},{"taxonomy":"post_tag","embeddable":true,"href":"https:\/\/www.europesays.com\/fr\/wp-json\/wp\/v2\/tags?post=435074"}],"curies":[{"name":"wp","href":"https:\/\/api.w.org\/{rel}","templated":true}]}}