{"id":435076,"date":"2025-10-03T02:09:16","date_gmt":"2025-10-03T02:09:16","guid":{"rendered":"https:\/\/www.europesays.com\/fr\/435076\/"},"modified":"2025-10-03T02:09:16","modified_gmt":"2025-10-03T02:09:16","slug":"lukraine-appelle-leurope-a-se-mobiliser-pour-contrer-lescalade-de-la-russie-actualites","status":"publish","type":"post","link":"https:\/\/www.europesays.com\/fr\/435076\/","title":{"rendered":"L&rsquo;Ukraine appelle l&rsquo;Europe \u00e0 se mobiliser pour contrer l'\u00a0\u00bbescalade\u00a0\u00bb de la Russie : Actualit\u00e9s"},"content":{"rendered":"<p class=\"lead \">Les r\u00e9centes incursions de drones en Europe montrent que la Russie cherche \u00ab\u00a0l&rsquo;escalade\u00a0\u00bb, a averti le pr\u00e9sident ukrainien Volodymyr Zelensky, en appelant les Europ\u00e9ens \u00e0 se mobiliser aux c\u00f4t\u00e9s de l&rsquo;Ukraine, lors d&rsquo;un sommet \u00e0 Copenhague jeudi.<\/p>\n<p class=\"lead \">La strat\u00e9gie de Moscou est \u00ab\u00a0simple: diviser l&rsquo;Europe\u00a0\u00bb, a-t-il soulign\u00e9 lors de ce sommet de la Communaut\u00e9 politique europ\u00e9enne (CPE), qui rassemble la quasi totalit\u00e9 des pays europ\u00e9ens, \u00e0 l&rsquo;exception de la Russie et du B\u00e9larus.<\/p>\n<p class=\"lead \">\u00ab\u00a0Nous devons faire exactement le contraire\u00a0\u00bb, a-t-il insist\u00e9. Volodymyr Zelensky a rappel\u00e9 la pr\u00e9sence de militaires ukrainiens envoy\u00e9s \u00e0 Copenhague pour aider le Danemark, apr\u00e8s le survol de myst\u00e9rieux drones dans son espace a\u00e9rien.<\/p>\n<p class=\"lead \">\u00ab\u00a0Ce n&rsquo;est que le d\u00e9but, la premi\u00e8re \u00e9tape sur le chemin vers un mur antidrones efficace pour prot\u00e9ger toute l&rsquo;Europe\u00a0\u00bb, a affirm\u00e9 le dirigeant ukrainien, dont le pays a d\u00e9velopp\u00e9 une industrie de drones unique en Europe, apr\u00e8s plus trois ans de guerre. <\/p>\n<p class=\"lead \">Apr\u00e8s plusieurs incursions russes dans le ciel europ\u00e9en, dont une vingtaine de drones en Pologne, Bruxelles a propos\u00e9 aux 27 de l&rsquo;UE de mettre en oeuvre un \u00ab\u00a0mur\u00a0\u00bb antidrones.<\/p>\n<p class=\"lead \"> Les drones qui violent l&rsquo;espace a\u00e9rien europ\u00e9en \u00ab\u00a0peuvent \u00eatre d\u00e9truits. Point final\u00a0\u00bb, a d\u00e9clar\u00e9 le pr\u00e9sident fran\u00e7ais Emmanuel Macron \u00e0 Copenhague.<\/p>\n<p class=\"lead \">Le Premier ministre roumain Nicosur Dan, dont le pays a \u00e9t\u00e9 lui aussi survol\u00e9 par des drones russes, a averti jeudi que ses forces abattront le prochain qui violera son espace a\u00e9rien.<\/p>\n<p class=\"lead \">L&rsquo;id\u00e9e de lancer un \u00ab\u00a0mur\u00a0\u00bb antidrones a re\u00e7u le soutien de plusieurs Etats membres, mais sans soulever l&rsquo;enthousiasme de quelques autres, dont l&rsquo;Allemagne. Le chancelier allemand Friedrich Merz a fait part de ses \u00ab\u00a0r\u00e9serves\u00a0\u00bb, selon un responsable europ\u00e9en, s&rsquo;interrogeant sur le co\u00fbt de cette op\u00e9ration et sur la comp\u00e9tence de l&rsquo;Union europ\u00e9enne pour la mettre en oeuvre.<\/p>\n<p class=\"lead \">\u00ab\u00a0S&rsquo;il vous pla\u00eet, travaillons ensemble sur des solutions coordonn\u00e9es qui rendront cela possible\u00a0\u00bb, a toutefois plaid\u00e9 M. Zelensky.<\/p>\n<p class=\"lead \">&#8211; Pression contre la flotte fant\u00f4me &#8211;<\/p>\n<p class=\"lead \">Les pays du sud de l&rsquo;Europe s&rsquo;inqui\u00e8tent \u00e9galement d&rsquo;\u00eatre les laiss\u00e9s pour compte de ce projet, qui concerne en premier lieu les pays dits de la ligne de front, g\u00e9ographiquement proches de la Russie.<\/p>\n<p class=\"lead \">\u00ab\u00a0Lorsque nous parlons du mur antidrones, nous parlons de toute l&rsquo;Europe, pas seulement d&rsquo;un seul pays\u00a0\u00bb, a encore assur\u00e9 M. Zelensky.<\/p>\n<p class=\"lead \">Le pr\u00e9sident ukrainien a \u00e9galement appel\u00e9 les Europ\u00e9ens \u00e0 sanctionner plus efficacement la Russie, en visant notamment ses exportations de p\u00e9trole, qui financent en partie son effort de guerre en Ukraine. <\/p>\n<p class=\"lead \">\u00ab\u00a0La Russie a encore les ressources pour continuer \u00e0 se battre, et ce n&rsquo;est pas juste\u00a0\u00bb, a-t-il lanc\u00e9. Des p\u00e9troliers, pourtant sanctionn\u00e9s, sont encore utilis\u00e9s par la Russie, \u00ab\u00a0\u00e7a doit s&rsquo;arr\u00eater\u00a0\u00bb, a martel\u00e9 le dirigeant ukrainien.<\/p>\n<p class=\"lead \">Emmanuel Macron a sur ce point appel\u00e9 jeudi les Europ\u00e9ens \u00e0 s&rsquo;organiser, en \u00ab\u00a0\u00e9troite coordination\u00a0\u00bb avec l&rsquo;Otan, pour \u00ab\u00a0accro\u00eetre la pression\u00a0\u00bb sur la flotte de navires clandestins, qui permettent \u00e0 la Russie d&rsquo;exporter son p\u00e9trole en contournant les sanctions occidentales.<\/p>\n<p class=\"lead \">Kiev compte \u00e9galement sur un engagement financier p\u00e9renne de la part de ses alli\u00e9s europ\u00e9ens. <\/p>\n<p class=\"lead \">Pour y parvenir, la Commission europ\u00e9enne a propos\u00e9 d&rsquo;utiliser les avoirs gel\u00e9s russes en Europe pour financer un pr\u00eat de 140 milliards d&rsquo;euros \u00e0 l&rsquo;Ukraine, qu&rsquo;elle ne remboursera que si la Russie paie un jour des r\u00e9parations de guerre, a expliqu\u00e9 mercredi sa pr\u00e9sidente Ursula von der Leyen.<\/p>\n<p class=\"lead \">La plupart des pays de l&rsquo;UE y sont favorables, mais la Belgique, o\u00f9 se trouve l&rsquo;essentiel de ces avoirs gel\u00e9s russes en Europe, est tr\u00e8s r\u00e9ticente.<\/p>\n<p class=\"lead \">Le premier ministre belge Bart De Wever a dit jeudi attendre des garanties avant de pouvoir donner son accord. Faute de quoi,  \u00ab\u00a0il faudra trouver d&rsquo;autres moyens de financer l&rsquo;Ukraine\u00a0\u00bb, a-t-il assur\u00e9.<\/p>\n<p class=\"small font-weight-bold text-gray3 \"> publi\u00e9 le 2 octobre \u00e0 13h27, AFP<\/p>\n<p>                             Partager<\/p>\n","protected":false},"excerpt":{"rendered":"Les r\u00e9centes incursions de drones en Europe montrent que la Russie cherche \u00ab\u00a0l&rsquo;escalade\u00a0\u00bb, a averti le pr\u00e9sident ukrainien&hellip;\n","protected":false},"author":2,"featured_media":435077,"comment_status":"","ping_status":"","sticky":false,"template":"","format":"standard","meta":{"footnotes":""},"categories":[5],"tags":[11,2120,21899,19711,312,1011,27,693,14,12,132,1778,220,28],"class_list":{"0":"post-435076","1":"post","2":"type-post","3":"status-publish","4":"format-standard","5":"has-post-thumbnail","7":"category-international","8":"tag-actualites","9":"tag-conflit","10":"tag-cpe","11":"tag-dfense","12":"tag-diplomatie","13":"tag-fr","14":"tag-france","15":"tag-industrie","16":"tag-international","17":"tag-news","18":"tag-russie","19":"tag-ue","20":"tag-ukraine","21":"tag-world"},"share_on_mastodon":{"url":"https:\/\/pubeurope.com\/@fr\/115307804434817642","error":""},"_links":{"self":[{"href":"https:\/\/www.europesays.com\/fr\/wp-json\/wp\/v2\/posts\/435076","targetHints":{"allow":["GET"]}}],"collection":[{"href":"https:\/\/www.europesays.com\/fr\/wp-json\/wp\/v2\/posts"}],"about":[{"href":"https:\/\/www.europesays.com\/fr\/wp-json\/wp\/v2\/types\/post"}],"author":[{"embeddable":true,"href":"https:\/\/www.europesays.com\/fr\/wp-json\/wp\/v2\/users\/2"}],"replies":[{"embeddable":true,"href":"https:\/\/www.europesays.com\/fr\/wp-json\/wp\/v2\/comments?post=435076"}],"version-history":[{"count":0,"href":"https:\/\/www.europesays.com\/fr\/wp-json\/wp\/v2\/posts\/435076\/revisions"}],"wp:featuredmedia":[{"embeddable":true,"href":"https:\/\/www.europesays.com\/fr\/wp-json\/wp\/v2\/media\/435077"}],"wp:attachment":[{"href":"https:\/\/www.europesays.com\/fr\/wp-json\/wp\/v2\/media?parent=435076"}],"wp:term":[{"taxonomy":"category","embeddable":true,"href":"https:\/\/www.europesays.com\/fr\/wp-json\/wp\/v2\/categories?post=435076"},{"taxonomy":"post_tag","embeddable":true,"href":"https:\/\/www.europesays.com\/fr\/wp-json\/wp\/v2\/tags?post=435076"}],"curies":[{"name":"wp","href":"https:\/\/api.w.org\/{rel}","templated":true}]}}