{"id":435080,"date":"2025-10-03T02:11:15","date_gmt":"2025-10-03T02:11:15","guid":{"rendered":"https:\/\/www.europesays.com\/fr\/435080\/"},"modified":"2025-10-03T02:11:15","modified_gmt":"2025-10-03T02:11:15","slug":"quand-letat-preleve-plus-que-ce-que-touche-le-salarie-le-vrai-scandale-du-super-brut","status":"publish","type":"post","link":"https:\/\/www.europesays.com\/fr\/435080\/","title":{"rendered":"Quand l\u2019\u00c9tat pr\u00e9l\u00e8ve plus que ce que touche le salari\u00e9 : le vrai scandale du super-brut"},"content":{"rendered":"<p>\t\t\t\t\t Exemple Salaire m\u00e9dian<\/p>\n<ul>\n<li data-start=\"766\" data-end=\"796\"><strong data-start=\"766\" data-end=\"784\">Co\u00fbt employeur<\/strong> : 3 569 \u20ac<\/li>\n<li data-start=\"799\" data-end=\"827\"><strong data-start=\"799\" data-end=\"815\">Salaire brut<\/strong> : 2 700 \u20ac<\/li>\n<li data-start=\"830\" data-end=\"869\"><strong data-start=\"830\" data-end=\"857\">Salaire net avant imp\u00f4t<\/strong> : 2 115 \u20ac<\/li>\n<li data-start=\"872\" data-end=\"911\"><strong data-start=\"872\" data-end=\"899\">Salaire net apr\u00e8s imp\u00f4t<\/strong> : 2 025 \u20ac<\/li>\n<\/ul>\n<p data-start=\"913\" data-end=\"1037\">Ici, l\u2019\u00e9cart est d\u00e9j\u00e0 frappant : plus de 1 500 \u20ac s\u2019\u00e9vaporent entre le co\u00fbt total et ce qui finit sur le compte du salari\u00e9.<\/p>\n<p> Exemple Salaire sup\u00e9rieur<\/p>\n<ul>\n<li data-start=\"1110\" data-end=\"1140\"><strong data-start=\"1110\" data-end=\"1128\">Co\u00fbt employeur<\/strong> : 6 172 \u20ac<\/li>\n<li data-start=\"1143\" data-end=\"1171\"><strong data-start=\"1143\" data-end=\"1159\">Salaire brut<\/strong> : 4 355 \u20ac<\/li>\n<li data-start=\"1174\" data-end=\"1213\"><strong data-start=\"1174\" data-end=\"1201\">Salaire net avant imp\u00f4t<\/strong> : 3 425 \u20ac<\/li>\n<li data-start=\"1216\" data-end=\"1255\"><strong data-start=\"1216\" data-end=\"1243\">Salaire net apr\u00e8s imp\u00f4t<\/strong> : 3 000 \u20ac<\/li>\n<\/ul>\n<p data-start=\"1257\" data-end=\"1520\">Dans ce cas, l\u2019employeur d\u00e9pense <strong data-start=\"1290\" data-end=\"1309\">plus de 6 000 \u20ac<\/strong>, mais le salari\u00e9 ne touche, apr\u00e8s imp\u00f4t, \u201cque\u201d <strong data-start=\"1357\" data-end=\"1373\">3 000 \u20ac nets<\/strong>. Autrement dit, plus de <strong data-start=\"1398\" data-end=\"1409\">3 100 \u20ac<\/strong> disparaissent en cotisations et pr\u00e9l\u00e8vements divers \u2014 soit davantage que ce que le salari\u00e9 per\u00e7oit lui-m\u00eame.<\/p>\n<p> Quand les charges explosent avec le niveau de salaire<\/p>\n<p data-start=\"1586\" data-end=\"1730\">Ce deuxi\u00e8me exemple illustre une m\u00e9canique implacable : <strong data-start=\"1642\" data-end=\"1727\">plus le salaire monte, plus les charges sociales non plafonn\u00e9es p\u00e8sent lourdement<\/strong>.<\/p>\n<ul>\n<li data-start=\"1733\" data-end=\"1903\">Les cotisations retraites de base sont plafonn\u00e9es, mais de nombreuses contributions (sant\u00e9, allocations familiales, CSG, CRDS, etc.) continuent d\u2019augmenter sans limite.<\/li>\n<li data-start=\"1906\" data-end=\"2073\">R\u00e9sultat : m\u00eame un cadre \u201cmoyen\u201d \u2014 loin des tr\u00e8s hauts revenus \u2014 se retrouve \u00e0 voir <strong data-start=\"1990\" data-end=\"2026\">son salaire net amput\u00e9 de moiti\u00e9<\/strong> par rapport au co\u00fbt r\u00e9el pour son employeur.<\/li>\n<\/ul>\n<p data-start=\"2075\" data-end=\"2157\">Pour beaucoup, cela revient \u00e0 travailler \u201cpour l\u2019\u00c9tat\u201d une bonne partie du mois.<\/p>\n<p> Un pacte social en perte de sens<\/p>\n<p data-start=\"2202\" data-end=\"2384\">Historiquement, ce sacrifice avait une contrepartie claire : un syst\u00e8me de protection sociale g\u00e9n\u00e9reux, accessible et rassurant. Mais ce mod\u00e8le s\u2019\u00e9rode sous les yeux des salari\u00e9s :<\/p>\n<ul>\n<li data-start=\"2387\" data-end=\"2514\"><strong data-start=\"2387\" data-end=\"2400\">Retraites<\/strong> : l\u2019\u00e2ge de d\u00e9part recule, le nombre d\u2019ann\u00e9es de cotisation augmente, et le niveau des pensions promises baisse.<\/li>\n<li data-start=\"2517\" data-end=\"2746\"><strong data-start=\"2517\" data-end=\"2526\">Sant\u00e9<\/strong> : l\u2019acc\u00e8s aux soins devient de plus en plus difficile. Dans certaines villes, obtenir un rendez-vous avec un m\u00e9decin g\u00e9n\u00e9raliste peut prendre des semaines. Pour un sp\u00e9cialiste, il faut parfois attendre plusieurs mois.<\/li>\n<li data-start=\"2749\" data-end=\"2877\"><strong data-start=\"2749\" data-end=\"2760\">Ch\u00f4mage<\/strong> : les conditions d\u2019indemnisation se durcissent, laissant davantage de demandeurs d\u2019emploi avec des droits r\u00e9duits.<\/li>\n<\/ul>\n<p data-start=\"2879\" data-end=\"2967\">Autrement dit, on continue de payer cher pour un mod\u00e8le qui prot\u00e8ge de moins en moins.<\/p>\n<p>Salaire m\u00e9dian vs salaire sup\u00e9rieur : une double d\u00e9sillusion<\/p>\n<p data-start=\"3042\" data-end=\"3155\">Pour le salari\u00e9 au <strong data-start=\"3061\" data-end=\"3079\">salaire m\u00e9dian<\/strong>, l\u2019impression est celle d\u2019un effort \u00e9norme pour un net qui reste modeste, mais pour celui qui gagne un peu mieux sa vie, la d\u00e9sillusion est encore plus forte : malgr\u00e9 des cotisations qui explosent, il ne b\u00e9n\u00e9ficie pas en retour d\u2019une protection significativement sup\u00e9rieure.<\/p>\n<p data-start=\"3357\" data-end=\"3413\">Dans les deux cas, le sentiment d\u2019iniquit\u00e9 s\u2019installe.<\/p>\n<p data-start=\"3436\" data-end=\"3624\">Ces chiffres mettent en lumi\u00e8re une r\u00e9alit\u00e9 souvent mal comprise : la moiti\u00e9 \u2014 voire plus \u2014 de ce que co\u00fbte un salari\u00e9 \u00e0 son entreprise s\u2019\u00e9vapore avant d\u2019arriver sur son compte bancaire.<\/p>\n<p data-start=\"3626\" data-end=\"3930\">Ce syst\u00e8me pouvait se justifier lorsque la protection sociale apparaissait solide et accessible. Mais aujourd\u2019hui, avec la crise des retraites et un syst\u00e8me de sant\u00e9 satur\u00e9, la question devient br\u00fblante : <strong data-start=\"3831\" data-end=\"3928\">jusqu\u2019o\u00f9 les salari\u00e9s accepteront-ils de contribuer autant, pour recevoir de moins en moins ?<\/strong><\/p>\n","protected":false},"excerpt":{"rendered":"Exemple Salaire m\u00e9dian Co\u00fbt employeur : 3 569 \u20ac Salaire brut : 2 700 \u20ac Salaire net avant&hellip;\n","protected":false},"author":2,"featured_media":435081,"comment_status":"","ping_status":"","sticky":false,"template":"","format":"standard","meta":{"footnotes":""},"categories":[2],"tags":[11,1011,27,12,56],"class_list":{"0":"post-435080","1":"post","2":"type-post","3":"status-publish","4":"format-standard","5":"has-post-thumbnail","7":"category-actualites","8":"tag-actualites","9":"tag-fr","10":"tag-france","11":"tag-news","12":"tag-push"},"share_on_mastodon":{"url":"https:\/\/pubeurope.com\/@fr\/115307812186404304","error":""},"_links":{"self":[{"href":"https:\/\/www.europesays.com\/fr\/wp-json\/wp\/v2\/posts\/435080","targetHints":{"allow":["GET"]}}],"collection":[{"href":"https:\/\/www.europesays.com\/fr\/wp-json\/wp\/v2\/posts"}],"about":[{"href":"https:\/\/www.europesays.com\/fr\/wp-json\/wp\/v2\/types\/post"}],"author":[{"embeddable":true,"href":"https:\/\/www.europesays.com\/fr\/wp-json\/wp\/v2\/users\/2"}],"replies":[{"embeddable":true,"href":"https:\/\/www.europesays.com\/fr\/wp-json\/wp\/v2\/comments?post=435080"}],"version-history":[{"count":0,"href":"https:\/\/www.europesays.com\/fr\/wp-json\/wp\/v2\/posts\/435080\/revisions"}],"wp:featuredmedia":[{"embeddable":true,"href":"https:\/\/www.europesays.com\/fr\/wp-json\/wp\/v2\/media\/435081"}],"wp:attachment":[{"href":"https:\/\/www.europesays.com\/fr\/wp-json\/wp\/v2\/media?parent=435080"}],"wp:term":[{"taxonomy":"category","embeddable":true,"href":"https:\/\/www.europesays.com\/fr\/wp-json\/wp\/v2\/categories?post=435080"},{"taxonomy":"post_tag","embeddable":true,"href":"https:\/\/www.europesays.com\/fr\/wp-json\/wp\/v2\/tags?post=435080"}],"curies":[{"name":"wp","href":"https:\/\/api.w.org\/{rel}","templated":true}]}}