{"id":435093,"date":"2025-10-03T02:22:47","date_gmt":"2025-10-03T02:22:47","guid":{"rendered":"https:\/\/www.europesays.com\/fr\/435093\/"},"modified":"2025-10-03T02:22:47","modified_gmt":"2025-10-03T02:22:47","slug":"un-pere-de-famille-prend-le-pretexte-des-mauvaises-notes-pour-frapper-sa-fille-en-pleine-rue-2","status":"publish","type":"post","link":"https:\/\/www.europesays.com\/fr\/435093\/","title":{"rendered":"Un p\u00e8re de famille prend le pr\u00e9texte des mauvaises notes pour frapper sa fille en pleine rue"},"content":{"rendered":"<p class=\"mb-4 text-lg md:leading-8 break-words\"><strong>violences &#8211; L\u2019homme de 45 ans a \u00e9t\u00e9 condamn\u00e9 \u00e0 dix mois de prison avec sursis par le tribunal de Rouen, apr\u00e8s avoir violent\u00e9 sa fille \u00e2g\u00e9e de 17 ans<\/strong><\/p>\n<p class=\"mb-4 text-lg md:leading-8 break-words\">Les faits se sont d\u00e9roul\u00e9s le 20\u00a0ao\u00fbt dernier \u00e0 Sotteville-l\u00e8s-Rouen (<a href=\"https:\/\/www.20minutes.fr\/dossier\/seine_maritime-1?at_medium=RSS%20feed&amp;at_campaign=ynews&amp;utm_source=yahoo&amp;utm_medium=rss&amp;utm_campaign=news_feed&amp;utm_content=in_article_link\" rel=\"nofollow noopener\" target=\"_blank\" data-ylk=\"slk:Seine-Maritime;elm:context_link;itc:0;sec:content-canvas\" class=\"link \">Seine-Maritime<\/a>). Un p\u00e8re de famille de 45 ans a violent\u00e9 sa fille de 17 ans, \u00e0 qui il reprochait une attitude d\u00e9sinvolte et de mauvaises notes \u00e0 l\u2019\u00e9cole. Il \u00e9tait jug\u00e9 devant le tribunal de Rouen cette semaine, selon <a href=\"https:\/\/actu.fr\/normandie\/rouen_76540\/il-frappe-sa-fille-en-pleine-rue-a-cause-de-ses-mauvaises-notes-un-pere-de-famille-condamne-a-rouen_63231929.html?at_medium=RSS%20feed&amp;at_campaign=ynews&amp;utm_source=yahoo&amp;utm_medium=rss&amp;utm_campaign=news_feed&amp;utm_content=in_article_link\" rel=\"nofollow noopener\" target=\"_blank\" data-ylk=\"slk:Actu.fr;elm:context_link;itc:0;sec:content-canvas\" class=\"link \">Actu.fr<\/a>.<\/p>\n<p class=\"mb-4 text-lg md:leading-8 break-words\">La jeune fille se trouvait dans un centre a\u00e9r\u00e9 de Rouen, quand elle a appris que son p\u00e8re \u00e9tait en route pour la conduire chez sa grand-m\u00e8re. Une fois arriv\u00e9 devant la maison, situ\u00e9e \u00e0 Sotteville-l\u00e8s-Rouen, il lui a ass\u00e9n\u00e9 de violents coups de parapluie, des gifles et un coup de poing. C\u2019est une commer\u00e7ante, t\u00e9moin de la sc\u00e8ne, qui a alert\u00e9 la <a href=\"https:\/\/www.20minutes.fr\/dossier\/police?at_medium=RSS%20feed&amp;at_campaign=ynews&amp;utm_source=yahoo&amp;utm_medium=rss&amp;utm_campaign=news_feed&amp;utm_content=in_article_link\" rel=\"nofollow noopener\" target=\"_blank\" data-ylk=\"slk:police;elm:context_link;itc:0;sec:content-canvas\" class=\"link \">police<\/a>.<\/p>\n<p>Prison avec sursis pour le p\u00e8re violent<\/p>\n<p class=\"mb-4 text-lg md:leading-8 break-words\">Pr\u00e9sent\u00e9 devant la justice cette semaine \u00e0 Rouen et reconnu coupable, <a href=\"https:\/\/www.20minutes.fr\/justice\/4174942-20250924-yvelines-couple-ecope-prison-ferme-agression-pere-fille?at_medium=RSS%20feed&amp;at_campaign=ynews&amp;utm_source=yahoo&amp;utm_medium=rss&amp;utm_campaign=news_feed&amp;utm_content=in_article_link\" rel=\"nofollow noopener\" target=\"_blank\" data-ylk=\"slk:le p\u00e8re a regrett\u00e9 ses actes \u00ab\u00a0graves et inadmissibles\u00a0\u00bb;elm:context_link;itc:0;sec:content-canvas\" class=\"link \">le p\u00e8re a regrett\u00e9 ses actes \u00ab\u00a0graves et inadmissibles\u00a0\u00bb <\/a>selon l\u2019avocate de la d\u00e9fense. Cette derni\u00e8re a \u00e9galement estim\u00e9 qu\u2019aucun \u00e9l\u00e9ment n\u2019\u00e9tablissait avec certitude que des violences avaient \u00e9t\u00e9 perp\u00e9tr\u00e9es avec le parapluie.<\/p>\n<p class=\"mb-4 text-lg md:leading-8 break-words\">Le p\u00e8re de la jeune fille a tout de m\u00eame \u00e9cop\u00e9 de 10 mois de <a href=\"https:\/\/www.20minutes.fr\/dossier\/prison?at_medium=RSS%20feed&amp;at_campaign=ynews&amp;utm_source=yahoo&amp;utm_medium=rss&amp;utm_campaign=news_feed&amp;utm_content=in_article_link\" rel=\"nofollow noopener\" target=\"_blank\" data-ylk=\"slk:prison;elm:context_link;itc:0;sec:content-canvas\" class=\"link \">prison<\/a> avec sursis, d\u2019une interdiction de d\u00e9tenir une arme pendant deux ans, d\u2019une interdiction d\u2019entrer en contact avec la victime et de para\u00eetre \u00e0 son domicile. Il devra aussi indemniser sa fille \u00e0 hauteur de 1.200\u00a0euros.<\/p>\n<p class=\"mb-4 text-lg md:leading-8 break-words\"><a href=\"https:\/\/www.20minutes.fr\/justice\/4176455-20251001-rouen-pere-famille-prend-pretexte-mauvaises-notes-frapper-fille-pleine-rue?at_medium=RSS%20feed&amp;at_campaign=ynews&amp;utm_source=yahoo&amp;utm_medium=rss&amp;utm_campaign=news_feed&amp;utm_content=read_more_link&quot;\" rel=\"nofollow noopener\" target=\"_blank\" data-ylk=\"slk:Lire la suite sur 20minutes;elm:context_link;itc:0;sec:content-canvas\" class=\"link \">Lire la suite sur 20minutes<\/a><\/p>\n<p>\u00c0 lire aussi :<br \/><a href=\"https:\/\/www.20minutes.fr\/monde\/4168228-20250817-indonesie-pere-famille-decede-apres-avoir-attaque-crocodile?at_medium=RSS%20feed&amp;at_campaign=ynews&amp;utm_source=yahoo&amp;utm_medium=rss&amp;utm_campaign=news_feed&amp;utm_content=related_content_link\" rel=\"nofollow noopener\" target=\"_blank\" data-ylk=\"slk:Indon\u00e9sie\u00a0: Un p\u00e8re de famille d\u00e9c\u00e8de apr\u00e8s avoir \u00e9t\u00e9 attaqu\u00e9 par un crocodile;elm:context_link;itc:0;sec:content-canvas\" class=\"link \">Indon\u00e9sie\u00a0: Un p\u00e8re de famille d\u00e9c\u00e8de apr\u00e8s avoir \u00e9t\u00e9 attaqu\u00e9 par un crocodile<\/a><br \/><a href=\"https:\/\/www.20minutes.fr\/justice\/4174942-20250924-yvelines-couple-ecope-prison-ferme-agression-pere-fille?at_medium=RSS%20feed&amp;at_campaign=ynews&amp;utm_source=yahoo&amp;utm_medium=rss&amp;utm_campaign=news_feed&amp;utm_content=related_content_link\" rel=\"nofollow noopener\" target=\"_blank\" data-ylk=\"slk:Yvelines\u00a0: Un couple \u00e9cope de prison ferme pour l\u2019agression d\u2019un p\u00e8re et de sa fille;elm:context_link;itc:0;sec:content-canvas\" class=\"link \">Yvelines\u00a0: Un couple \u00e9cope de prison ferme pour l\u2019agression d\u2019un p\u00e8re et de sa fille<\/a><\/p>\n","protected":false},"excerpt":{"rendered":"violences &#8211; L\u2019homme de 45 ans a \u00e9t\u00e9 condamn\u00e9 \u00e0 dix mois de prison avec sursis par le&hellip;\n","protected":false},"author":2,"featured_media":435094,"comment_status":"","ping_status":"","sticky":false,"template":"","format":"standard","meta":{"footnotes":""},"categories":[9587],"tags":[9080,1111,11,1777,674,1011,27,56268,12,5161,13454,25,9590,56267],"class_list":{"0":"post-435093","1":"post","2":"type-post","3":"status-publish","4":"format-standard","5":"has-post-thumbnail","7":"category-rouen","8":"tag-17-ans","9":"tag-actu","10":"tag-actualites","11":"tag-eu","12":"tag-europe","13":"tag-fr","14":"tag-france","15":"tag-le-parapluie","16":"tag-news","17":"tag-normandie","18":"tag-prison-avec-sursis","19":"tag-republique-francaise","20":"tag-rouen","21":"tag-sotteville-les-rouen"},"share_on_mastodon":{"url":"https:\/\/pubeurope.com\/@fr\/115307859353631536","error":""},"_links":{"self":[{"href":"https:\/\/www.europesays.com\/fr\/wp-json\/wp\/v2\/posts\/435093","targetHints":{"allow":["GET"]}}],"collection":[{"href":"https:\/\/www.europesays.com\/fr\/wp-json\/wp\/v2\/posts"}],"about":[{"href":"https:\/\/www.europesays.com\/fr\/wp-json\/wp\/v2\/types\/post"}],"author":[{"embeddable":true,"href":"https:\/\/www.europesays.com\/fr\/wp-json\/wp\/v2\/users\/2"}],"replies":[{"embeddable":true,"href":"https:\/\/www.europesays.com\/fr\/wp-json\/wp\/v2\/comments?post=435093"}],"version-history":[{"count":0,"href":"https:\/\/www.europesays.com\/fr\/wp-json\/wp\/v2\/posts\/435093\/revisions"}],"wp:featuredmedia":[{"embeddable":true,"href":"https:\/\/www.europesays.com\/fr\/wp-json\/wp\/v2\/media\/435094"}],"wp:attachment":[{"href":"https:\/\/www.europesays.com\/fr\/wp-json\/wp\/v2\/media?parent=435093"}],"wp:term":[{"taxonomy":"category","embeddable":true,"href":"https:\/\/www.europesays.com\/fr\/wp-json\/wp\/v2\/categories?post=435093"},{"taxonomy":"post_tag","embeddable":true,"href":"https:\/\/www.europesays.com\/fr\/wp-json\/wp\/v2\/tags?post=435093"}],"curies":[{"name":"wp","href":"https:\/\/api.w.org\/{rel}","templated":true}]}}