{"id":435098,"date":"2025-10-03T02:27:19","date_gmt":"2025-10-03T02:27:19","guid":{"rendered":"https:\/\/www.europesays.com\/fr\/435098\/"},"modified":"2025-10-03T02:27:19","modified_gmt":"2025-10-03T02:27:19","slug":"greve-du-2-octobre-nos-photos-marquantes-de-la-manifestation-a-rennes","status":"publish","type":"post","link":"https:\/\/www.europesays.com\/fr\/435098\/","title":{"rendered":"Gr\u00e8ve du 2\u00a0octobre\u00a0: nos photos marquantes de la manifestation \u00e0 Rennes"},"content":{"rendered":"<p><img decoding=\"async\" src=\"https:\/\/www.europesays.com\/fr\/wp-content\/uploads\/2025\/10\/68deabe8deafce5dd90b1673.1.jpeg\" width=\"480\" height=\"300\" class=\"web_golden_m\" loading=\"lazy\" alt=\"Des slogans pour d\u00e9noncer la situation actuelle \u00e0 Gaza ont \u00e9t\u00e9 inscrits sur des pancartes et des draps.\"\/>Des slogans pour d\u00e9noncer la situation actuelle \u00e0 Gaza ont \u00e9t\u00e9 inscrits sur des pancartes et des draps. (Le T\u00e9l\u00e9gramme\/David Brunet)<\/p>\n<p>Comme lors des derni\u00e8res manifestations, beaucoup d\u2019\u00e9tudiants et de jeunes \u00e9taient pr\u00e9sents dans le cort\u00e8ge. \u00c0 noter \u00e9galement, la pr\u00e9sence de drapeaux palestiniens et de slogans en r\u00e9f\u00e9rence \u00e0 la situation \u00e0 Gaza.<\/p>\n<p>Trois lieux de rassemblements avaient \u00e9t\u00e9 fl\u00e9ch\u00e9s en amont de la manifestation. D\u00e8s 11 h, les manifestants se sont retrouv\u00e9s par corporation dans plusieurs quartiers de Rennes (la gare, l\u2019universit\u00e9 Rennes 2 et \u00e0 R\u00e9publique) avant de converger d\u00e8s 13 h pour le d\u00e9but de la marche.<\/p>\n<p><img decoding=\"async\" src=\"https:\/\/www.europesays.com\/fr\/wp-content\/uploads\/2025\/10\/68deabe7872df39d090b7f76.1.jpeg\" width=\"480\" height=\"300\" class=\"web_golden_m\" loading=\"lazy\" alt=\"Le camion \u00e0 eau n\u2019a pas \u00e9t\u00e9 utilis\u00e9 ce jeudi.\"\/>Le camion \u00e0 eau n\u2019a pas \u00e9t\u00e9 utilis\u00e9 ce jeudi. (David Brunet)<\/p>\n<p>Contrairement \u00e0 <a href=\"https:\/\/www.letelegramme.fr\/ille-et-vilaine\/rennes-35000\/direct-18-septembre-a-rennes-des-actions-de-blocage-annoncees-ce-matin-suivez-les-dernieres-infos-6891254.php\" target=\"_blank\" rel=\"noopener\">la pr\u00e9c\u00e9dente mobilisation du 18 septembre<\/a>, aucun affrontement n\u2019a eu lieu entre une partie des manifestants et les forces de l\u2019ordre. Le cort\u00e8ge a pu d\u00e9filer dans le calme, au rythme des chansons.<\/p>\n<p><img decoding=\"async\" src=\"https:\/\/www.europesays.com\/fr\/wp-content\/uploads\/2025\/10\/68deabe7d9b5f173a0041ca7.1.jpeg\" width=\"480\" height=\"300\" class=\"web_golden_m\" loading=\"lazy\" alt=\"Drapeau palestinien et des syndicats ont \u00e9t\u00e9 brandis dans la foule.\"\/>Drapeau palestinien et des syndicats ont \u00e9t\u00e9 brandis dans la foule. (Le T\u00e9l\u00e9gramme\/David Brunet)<\/p>\n<p>Le cort\u00e8ge s\u2019est longuement \u00e9tir\u00e9 tout au long de l\u2019apr\u00e8s-midi, avant de terminer sur l\u2019esplanade Charles-de-Gaulle vers 14 h 30.<\/p>\n","protected":false},"excerpt":{"rendered":"Des slogans pour d\u00e9noncer la situation actuelle \u00e0 Gaza ont \u00e9t\u00e9 inscrits sur des pancartes et des draps.&hellip;\n","protected":false},"author":2,"featured_media":435099,"comment_status":"","ping_status":"","sticky":false,"template":"","format":"standard","meta":{"footnotes":""},"categories":[2821],"tags":[1111,11,829,1777,674,1011,27,848,2088,12,584,25,801],"class_list":{"0":"post-435098","1":"post","2":"type-post","3":"status-publish","4":"format-standard","5":"has-post-thumbnail","7":"category-rennes","8":"tag-actu","9":"tag-actualites","10":"tag-bretagne","11":"tag-eu","12":"tag-europe","13":"tag-fr","14":"tag-france","15":"tag-ille-et-vilaine","16":"tag-manifestation","17":"tag-news","18":"tag-rennes","19":"tag-republique-francaise","20":"tag-social"},"share_on_mastodon":{"url":"https:\/\/pubeurope.com\/@fr\/115307875632902977","error":""},"_links":{"self":[{"href":"https:\/\/www.europesays.com\/fr\/wp-json\/wp\/v2\/posts\/435098","targetHints":{"allow":["GET"]}}],"collection":[{"href":"https:\/\/www.europesays.com\/fr\/wp-json\/wp\/v2\/posts"}],"about":[{"href":"https:\/\/www.europesays.com\/fr\/wp-json\/wp\/v2\/types\/post"}],"author":[{"embeddable":true,"href":"https:\/\/www.europesays.com\/fr\/wp-json\/wp\/v2\/users\/2"}],"replies":[{"embeddable":true,"href":"https:\/\/www.europesays.com\/fr\/wp-json\/wp\/v2\/comments?post=435098"}],"version-history":[{"count":0,"href":"https:\/\/www.europesays.com\/fr\/wp-json\/wp\/v2\/posts\/435098\/revisions"}],"wp:featuredmedia":[{"embeddable":true,"href":"https:\/\/www.europesays.com\/fr\/wp-json\/wp\/v2\/media\/435099"}],"wp:attachment":[{"href":"https:\/\/www.europesays.com\/fr\/wp-json\/wp\/v2\/media?parent=435098"}],"wp:term":[{"taxonomy":"category","embeddable":true,"href":"https:\/\/www.europesays.com\/fr\/wp-json\/wp\/v2\/categories?post=435098"},{"taxonomy":"post_tag","embeddable":true,"href":"https:\/\/www.europesays.com\/fr\/wp-json\/wp\/v2\/tags?post=435098"}],"curies":[{"name":"wp","href":"https:\/\/api.w.org\/{rel}","templated":true}]}}