{"id":435108,"date":"2025-10-03T02:32:37","date_gmt":"2025-10-03T02:32:37","guid":{"rendered":"https:\/\/www.europesays.com\/fr\/435108\/"},"modified":"2025-10-03T02:32:37","modified_gmt":"2025-10-03T02:32:37","slug":"le-defenseur-des-enfants-a-la-rencontre-du-public-a-nantes-vendredi-3-octobre","status":"publish","type":"post","link":"https:\/\/www.europesays.com\/fr\/435108\/","title":{"rendered":"Le d\u00e9fenseur des enfants \u00e0 la rencontre du public \u00e0 Nantes vendredi 3\u00a0octobre"},"content":{"rendered":"<p>L\u2019Accord, association d\u2019\u00e9ducation populaire qui g\u00e8re les accueils de loisirs et les espaces ados \u00e0 Nantes, <a href=\"https:\/\/nantes.maville.com\/info\/info-locale\/a-40-ans-laccoord-toujours-plus-engagee-dans-leducation-populaire-c2c92d5a-994c-11f0-bc84-9e08c570c0db\" target=\"_self\" rel=\"noopener\">f\u00eate ses 40\u00a0ans d\u2019existence<\/a>. \u00c0 cette occasion, elle invite \u00c9ric Delemar, d\u00e9fenseur des enfants, pour une rencontre publique, \u00e0 la Manufacture de Nantes.<\/p>\n<p>Ancien \u00e9ducateur sp\u00e9cialis\u00e9 et chef de services \u00e9ducatifs, \u00c9ric Delemar occupe cette fonction depuis novembre\u00a02020. Lors de cette rencontre, il pr\u00e9sentera sa mission, en l\u2019illustrant d\u2019exemples concrets, et abordera plusieurs probl\u00e9matiques li\u00e9es \u00e0 l\u2019enfance et la jeunesse\u00a0: sant\u00e9 mentale, violences intrafamiliales, exposition aux \u00e9crans\u2026<\/p>\n<p><strong>Vendredi 3\u00a0octobre,<\/strong> 14\u00a0h \u00e0 15\u00a0h\u00a030, \u00e0 la Manufacture, 10\u00a0bis boulevard de Stalingrad.<\/p>\n<p>\u00a0<\/p>\n","protected":false},"excerpt":{"rendered":"L\u2019Accord, association d\u2019\u00e9ducation populaire qui g\u00e8re les accueils de loisirs et les espaces ados \u00e0 Nantes, f\u00eate ses&hellip;\n","protected":false},"author":2,"featured_media":435109,"comment_status":"","ping_status":"","sticky":false,"template":"","format":"standard","meta":{"footnotes":""},"categories":[2818],"tags":[19020,1111,11,15013,1719,1777,674,1011,27,766,12,7518,2636,3532,5486,25,6949],"class_list":{"0":"post-435108","1":"post","2":"type-post","3":"status-publish","4":"format-standard","5":"has-post-thumbnail","7":"category-nantes","8":"tag-19020","9":"tag-actu","10":"tag-actualites","11":"tag-defenseur","12":"tag-enfants","13":"tag-eu","14":"tag-europe","15":"tag-fr","16":"tag-france","17":"tag-nantes","18":"tag-news","19":"tag-octobre","20":"tag-pays-de-la-loire","21":"tag-public","22":"tag-rencontre","23":"tag-republique-francaise","24":"tag-vendredi"},"share_on_mastodon":{"url":"https:\/\/pubeurope.com\/@fr\/115307894745856637","error":""},"_links":{"self":[{"href":"https:\/\/www.europesays.com\/fr\/wp-json\/wp\/v2\/posts\/435108","targetHints":{"allow":["GET"]}}],"collection":[{"href":"https:\/\/www.europesays.com\/fr\/wp-json\/wp\/v2\/posts"}],"about":[{"href":"https:\/\/www.europesays.com\/fr\/wp-json\/wp\/v2\/types\/post"}],"author":[{"embeddable":true,"href":"https:\/\/www.europesays.com\/fr\/wp-json\/wp\/v2\/users\/2"}],"replies":[{"embeddable":true,"href":"https:\/\/www.europesays.com\/fr\/wp-json\/wp\/v2\/comments?post=435108"}],"version-history":[{"count":0,"href":"https:\/\/www.europesays.com\/fr\/wp-json\/wp\/v2\/posts\/435108\/revisions"}],"wp:featuredmedia":[{"embeddable":true,"href":"https:\/\/www.europesays.com\/fr\/wp-json\/wp\/v2\/media\/435109"}],"wp:attachment":[{"href":"https:\/\/www.europesays.com\/fr\/wp-json\/wp\/v2\/media?parent=435108"}],"wp:term":[{"taxonomy":"category","embeddable":true,"href":"https:\/\/www.europesays.com\/fr\/wp-json\/wp\/v2\/categories?post=435108"},{"taxonomy":"post_tag","embeddable":true,"href":"https:\/\/www.europesays.com\/fr\/wp-json\/wp\/v2\/tags?post=435108"}],"curies":[{"name":"wp","href":"https:\/\/api.w.org\/{rel}","templated":true}]}}