{"id":435112,"date":"2025-10-03T02:35:20","date_gmt":"2025-10-03T02:35:20","guid":{"rendered":"https:\/\/www.europesays.com\/fr\/435112\/"},"modified":"2025-10-03T02:35:20","modified_gmt":"2025-10-03T02:35:20","slug":"ces-allees-emblematiques-de-bordeaux-accueillent-bientot-une-fete-autour-du-vin","status":"publish","type":"post","link":"https:\/\/www.europesays.com\/fr\/435112\/","title":{"rendered":"Ces all\u00e9es embl\u00e9matiques de Bordeaux accueillent bient\u00f4t une f\u00eate autour du vin"},"content":{"rendered":"<p>            Par<br \/>\n        <strong><br \/>\n            <a href=\"https:\/\/actu.fr\/auteur\/redaction-bordeaux\" title=\"Consulter tous les articles de R\u00e9daction Bordeaux\" rel=\"nofollow noopener\" target=\"_blank\">R\u00e9daction Bordeaux<\/a><br \/>\n        <\/strong><\/p>\n<p>        Publi\u00e9 le<\/p>\n<p>            2 oct. 2025 \u00e0 12h18        <\/p>\n<p>Pendant trois jours, les all\u00e9es de Tourny <a href=\"https:\/\/actu.fr\/bordeaux\/\" rel=\"nofollow noopener\" target=\"_blank\">de Bordeaux<\/a> vont s\u2019animer \u00e0 l\u2019occasion de la premi\u00e8re \u00e9dition <strong>F\u00eate des Vignerons Ind\u00e9pendants.<\/strong> Du vendredi 3 au dimanche 5 octobre 2025, ce \u00ab\u00a0nouvel \u00e9v\u00e9nement festif et gourmand\u00a0\u00bb vise \u00e0 promouvoir les vins locaux et devrait animer les all\u00e9es embl\u00e9matiques du centre-ville.<\/p>\n<p>Une quarantaine de vignerons attendus<\/p>\n<p class=\" wall-content\">Une <strong>quarantaine<\/strong> de Vignerons Ind\u00e9pendants de Gironde sont attendus pour cette \u00e9dition inaugurale de l\u2019\u00e9v\u00e9nement qui \u00ab\u00a0a pour vocation de devenir annuel\u00a0\u00bb.\u00a0<\/p>\n<p class=\" wall-content\">De 10h \u00e0 23h vendredi et samedi, et de 10h \u00e0 17h dimanche, les vignerons proposeront des d\u00e9gustations et <strong>ventes directes de vins<\/strong> (au verre, \u00e0 la bouteille et au carte) dans une ambiance \u00ab\u00a0chaleureuse et festive\u00a0\u00bb promet la F\u00e9d\u00e9ration des Vignerons Ind\u00e9pendants de Gironde.<\/p>\n<p class=\" wall-content\">Des stands de <strong>gastronomie locale<\/strong> seront pr\u00e9sents sur l\u2019\u00e9v\u00e8nements. Des <strong>concerts et DJ sets<\/strong> sont pr\u00e9vus, avec notamment L\u2019Orangeade DJs et 3615bebop, pour compl\u00e9ter l\u2019exp\u00e9rience.<\/p>\n<p class=\" wall-content\">Un \u00e9v\u00e8nement attendu par la fili\u00e8re viticole en crise et les commer\u00e7ants <strong>des all\u00e9es de Tourny,<\/strong> qui n\u2019ont pas accueilli de grand \u00e9v\u00e8nement depuis que <a href=\"https:\/\/actu.fr\/nouvelle-aquitaine\/bordeaux_33063\/le-marche-de-noel-de-bordeaux-aux-allees-de-tourny-c-est-fini-il-est-deplace-aux-quinconces_61592705.html\" rel=\"nofollow noopener\" target=\"_blank\">le traditionnel march\u00e9 de No\u00ebl a \u00e9t\u00e9 d\u00e9plac\u00e9 place des Quinconces en 2024.<\/a><\/p>\n<p>Du vendredi 3 au dimanche 5 octobre 2025, aux all\u00e9es de Tourny. L\u2019entr\u00e9e est libre et ouverte \u00e0 tous. D\u00e9gustation payante suivant les stands.<\/p>\n<p class=\" wall-content\">Personnalisez votre actualit\u00e9 en ajoutant vos villes et m\u00e9dias en favori avec <a href=\"https:\/\/moncompte.actu.fr\" title=\"D\u00e9couvez Mon Actu\" rel=\"nofollow noopener\" data-trk=\"{&quot;cta&quot;:{&quot;action&quot;:&quot;https:\\\/\\\/moncompte.actu.fr&quot;,&quot;category&quot;:&quot;mon compte&quot;,&quot;from&quot;:&quot;article footer&quot;,&quot;name&quot;:&quot;Mon actu&quot;,&quot;type&quot;:&quot;cta&quot;}}\" target=\"_blank\">Mon Actu<\/a>.<\/p>\n","protected":false},"excerpt":{"rendered":"Par R\u00e9daction Bordeaux Publi\u00e9 le 2 oct. 2025 \u00e0 12h18 Pendant trois jours, les all\u00e9es de Tourny de&hellip;\n","protected":false},"author":2,"featured_media":435113,"comment_status":"","ping_status":"","sticky":false,"template":"","format":"standard","meta":{"footnotes":""},"categories":[2817],"tags":[1111,11,1997,1777,674,1011,27,12,2219,25,104],"class_list":{"0":"post-435112","1":"post","2":"type-post","3":"status-publish","4":"format-standard","5":"has-post-thumbnail","7":"category-bordeaux","8":"tag-actu","9":"tag-actualites","10":"tag-bordeaux","11":"tag-eu","12":"tag-europe","13":"tag-fr","14":"tag-france","15":"tag-news","16":"tag-nouvelle-aquitaine","17":"tag-republique-francaise","18":"tag-societe"},"share_on_mastodon":{"url":"https:\/\/pubeurope.com\/@fr\/115307906729253407","error":""},"_links":{"self":[{"href":"https:\/\/www.europesays.com\/fr\/wp-json\/wp\/v2\/posts\/435112","targetHints":{"allow":["GET"]}}],"collection":[{"href":"https:\/\/www.europesays.com\/fr\/wp-json\/wp\/v2\/posts"}],"about":[{"href":"https:\/\/www.europesays.com\/fr\/wp-json\/wp\/v2\/types\/post"}],"author":[{"embeddable":true,"href":"https:\/\/www.europesays.com\/fr\/wp-json\/wp\/v2\/users\/2"}],"replies":[{"embeddable":true,"href":"https:\/\/www.europesays.com\/fr\/wp-json\/wp\/v2\/comments?post=435112"}],"version-history":[{"count":0,"href":"https:\/\/www.europesays.com\/fr\/wp-json\/wp\/v2\/posts\/435112\/revisions"}],"wp:featuredmedia":[{"embeddable":true,"href":"https:\/\/www.europesays.com\/fr\/wp-json\/wp\/v2\/media\/435113"}],"wp:attachment":[{"href":"https:\/\/www.europesays.com\/fr\/wp-json\/wp\/v2\/media?parent=435112"}],"wp:term":[{"taxonomy":"category","embeddable":true,"href":"https:\/\/www.europesays.com\/fr\/wp-json\/wp\/v2\/categories?post=435112"},{"taxonomy":"post_tag","embeddable":true,"href":"https:\/\/www.europesays.com\/fr\/wp-json\/wp\/v2\/tags?post=435112"}],"curies":[{"name":"wp","href":"https:\/\/api.w.org\/{rel}","templated":true}]}}